{"id":7214,"date":"2020-04-14T13:01:26","date_gmt":"2020-04-14T13:01:26","guid":{"rendered":"https:\/\/www.uaga.eus\/?p=7214"},"modified":"2020-04-14T13:01:26","modified_gmt":"2020-04-14T13:01:26","slug":"uaga-participa-en-la-presentacion-de-la-confederacion-hidrografica-del-ebro-de-los-asuntos-relevantes-de-esta-demarcacion","status":"publish","type":"post","link":"https:\/\/www.uaga.eus\/eu\/uaga-participa-en-la-presentacion-de-la-confederacion-hidrografica-del-ebro-de-los-asuntos-relevantes-de-esta-demarcacion\/","title":{"rendered":"UAGA participa en la presentaci\u00f3n de la Confederaci\u00f3n Hidrogr\u00e1fica del Ebro de los asuntos relevantes de esta demarcaci\u00f3n"},"content":{"rendered":"<p>La reuni\u00f3n online, celebrada el pasado 3 de abril, a la que asisti\u00f3 UAGA, sirvi\u00f3 para presentar de manera resumida los temas m\u00e1s importantes sobre los que se va a trabajar en los pr\u00f3ximos meses.<\/p>\n<p>El objetivo de este trabajo es definir las principales l\u00edneas estrat\u00e9gicas para guiar la gesti\u00f3n del agua de la demarcaci\u00f3n del Ebro para el horizonte 2021-2027.<\/p>\n<p>Las ideas recogidas en este y otros talleres, se concretar\u00e1n en el plan hidrol\u00f3gico que tiene que estar aprobado en diciembre de 2021.<\/p>\n<p>Entre estos temas Importantes (18 en total) relacionados con la gesti\u00f3n del agua, cabe destacar los siguientes: abastecimiento de agua potable, los caudales ecol\u00f3gicos, el cambio clim\u00e1tico, la depuraci\u00f3n, la contaminaci\u00f3n urbana e industrial, la contaminaci\u00f3n difusa, la agricultura sostenible, las especies aut\u00f3ctonas invasoras, la relaci\u00f3n del agua con los espacios naturales, la mejora del estado de los r\u00edos, los usos energ\u00e9ticos, usos recreativos, gesti\u00f3n de los riesgos de inundaci\u00f3n, as\u00ed como la sostenibilidad de los regad\u00edos.<\/p>\n<p>UAGA participar\u00e1 tambi\u00e9n este a\u00f1o en el equipo de trabajo que ha constituido COAG para el debate del documento borrador enviado por el Ministerio para la evaluaci\u00f3n estrat\u00e9gica conjunta de la Demarcaci\u00f3n Hidrogr\u00e1fica del Ebro, su Plan Hidrol\u00f3gico y Plan de Gesti\u00f3n del Riesgo de Inundaci\u00f3n para el periodo 2021-2027.<\/p>\n<div>+info YOLANDA: 615 779 584<\/div>\n","protected":false},"excerpt":{"rendered":"<p>La reuni\u00f3n online, celebrada el pasado 3 de abril, a la que asisti\u00f3 UAGA, sirvi\u00f3 para presentar de manera resumida los temas m\u00e1s importantes sobre los que se va a trabajar en los pr\u00f3ximos meses. El objetivo de este trabajo es definir las principales l\u00edneas estrat\u00e9gicas para guiar la gesti\u00f3n del agua de la demarcaci\u00f3n [&hellip;]<\/p>\n","protected":false},"author":4,"featured_media":6181,"comment_status":"closed","ping_status":"closed","sticky":false,"template":"","format":"standard","meta":{"footnotes":""},"categories":[7,11],"tags":[],"yoast_head":"<!-- This site is optimized with the Yoast SEO plugin v21.5 - https:\/\/yoast.com\/wordpress\/plugins\/seo\/ -->\n<title>UAGA participa en la presentaci\u00f3n de la Confederaci\u00f3n Hidrogr\u00e1fica del Ebro de los asuntos relevantes de esta demarcaci\u00f3n - UAGA<\/title>\n<meta name=\"robots\" content=\"index, follow, max-snippet:-1, max-image-preview:large, max-video-preview:-1\" \/>\n<link rel=\"canonical\" href=\"https:\/\/www.uaga.eus\/uaga-participa-en-la-presentacion-de-la-confederacion-hidrografica-del-ebro-de-los-asuntos-relevantes-de-esta-demarcacion\/\" \/>\n<meta property=\"og:locale\" content=\"en_US\" \/>\n<meta property=\"og:type\" content=\"article\" \/>\n<meta property=\"og:title\" content=\"UAGA participa en la presentaci\u00f3n de la Confederaci\u00f3n Hidrogr\u00e1fica del Ebro de los asuntos relevantes de esta demarcaci\u00f3n - UAGA\" \/>\n<meta property=\"og:description\" content=\"La reuni\u00f3n online, celebrada el pasado 3 de abril, a la que asisti\u00f3 UAGA, sirvi\u00f3 para presentar de manera resumida los temas m\u00e1s importantes sobre los que se va a trabajar en los pr\u00f3ximos meses. El objetivo de este trabajo es definir las principales l\u00edneas estrat\u00e9gicas para guiar la gesti\u00f3n del agua de la demarcaci\u00f3n [&hellip;]\" \/>\n<meta property=\"og:url\" content=\"https:\/\/www.uaga.eus\/uaga-participa-en-la-presentacion-de-la-confederacion-hidrografica-del-ebro-de-los-asuntos-relevantes-de-esta-demarcacion\/\" \/>\n<meta property=\"og:site_name\" content=\"UAGA\" \/>\n<meta property=\"article:published_time\" content=\"2020-04-14T13:01:26+00:00\" \/>\n<meta property=\"og:image\" content=\"https:\/\/www.uaga.eus\/wp-content\/uploads\/2019\/06\/aspersor.jpg\" \/>\n\t<meta property=\"og:image:width\" content=\"642\" \/>\n\t<meta property=\"og:image:height\" content=\"283\" \/>\n\t<meta property=\"og:image:type\" content=\"image\/jpeg\" \/>\n<meta name=\"author\" content=\"Blanca S\u00e1nchez\" \/>\n<meta name=\"twitter:card\" content=\"summary_large_image\" \/>\n<meta name=\"twitter:label1\" content=\"Written by\" \/>\n\t<meta name=\"twitter:data1\" content=\"Blanca S\u00e1nchez\" \/>\n\t<meta name=\"twitter:label2\" content=\"Est. reading time\" \/>\n\t<meta name=\"twitter:data2\" content=\"1 minutua\" \/>\n<script type=\"application\/ld+json\" class=\"yoast-schema-graph\">{\"@context\":\"https:\/\/schema.org\",\"@graph\":[{\"@type\":\"WebPage\",\"@id\":\"https:\/\/www.uaga.eus\/uaga-participa-en-la-presentacion-de-la-confederacion-hidrografica-del-ebro-de-los-asuntos-relevantes-de-esta-demarcacion\/\",\"url\":\"https:\/\/www.uaga.eus\/uaga-participa-en-la-presentacion-de-la-confederacion-hidrografica-del-ebro-de-los-asuntos-relevantes-de-esta-demarcacion\/\",\"name\":\"UAGA participa en la presentaci\u00f3n de la Confederaci\u00f3n Hidrogr\u00e1fica del Ebro de los asuntos relevantes de esta demarcaci\u00f3n - UAGA\",\"isPartOf\":{\"@id\":\"https:\/\/www.uaga.eus\/#website\"},\"datePublished\":\"2020-04-14T13:01:26+00:00\",\"dateModified\":\"2020-04-14T13:01:26+00:00\",\"author\":{\"@id\":\"https:\/\/www.uaga.eus\/#\/schema\/person\/48c3cbf0f33d1b788226dbb6518689cf\"},\"breadcrumb\":{\"@id\":\"https:\/\/www.uaga.eus\/uaga-participa-en-la-presentacion-de-la-confederacion-hidrografica-del-ebro-de-los-asuntos-relevantes-de-esta-demarcacion\/#breadcrumb\"},\"inLanguage\":\"eu\",\"potentialAction\":[{\"@type\":\"ReadAction\",\"target\":[\"https:\/\/www.uaga.eus\/uaga-participa-en-la-presentacion-de-la-confederacion-hidrografica-del-ebro-de-los-asuntos-relevantes-de-esta-demarcacion\/\"]}]},{\"@type\":\"BreadcrumbList\",\"@id\":\"https:\/\/www.uaga.eus\/uaga-participa-en-la-presentacion-de-la-confederacion-hidrografica-del-ebro-de-los-asuntos-relevantes-de-esta-demarcacion\/#breadcrumb\",\"itemListElement\":[{\"@type\":\"ListItem\",\"position\":1,\"name\":\"Inicio\",\"item\":\"https:\/\/www.uaga.eus\/\"},{\"@type\":\"ListItem\",\"position\":2,\"name\":\"UAGA participa en la presentaci\u00f3n de la Confederaci\u00f3n Hidrogr\u00e1fica del Ebro de los asuntos relevantes de esta demarcaci\u00f3n\"}]},{\"@type\":\"WebSite\",\"@id\":\"https:\/\/www.uaga.eus\/#website\",\"url\":\"https:\/\/www.uaga.eus\/\",\"name\":\"UAGA\",\"description\":\"Uni\u00f3n Agroganadera de \u00c1lava - Araba Nekazarien Elkartea\",\"potentialAction\":[{\"@type\":\"SearchAction\",\"target\":{\"@type\":\"EntryPoint\",\"urlTemplate\":\"https:\/\/www.uaga.eus\/?s={search_term_string}\"},\"query-input\":\"required name=search_term_string\"}],\"inLanguage\":\"eu\"},{\"@type\":\"Person\",\"@id\":\"https:\/\/www.uaga.eus\/#\/schema\/person\/48c3cbf0f33d1b788226dbb6518689cf\",\"name\":\"Blanca S\u00e1nchez\",\"image\":{\"@type\":\"ImageObject\",\"inLanguage\":\"eu\",\"@id\":\"https:\/\/www.uaga.eus\/#\/schema\/person\/image\/\",\"url\":\"https:\/\/secure.gravatar.com\/avatar\/0dc91c20648254b1ce84877283f6751b?s=96&d=mm&r=g\",\"contentUrl\":\"https:\/\/secure.gravatar.com\/avatar\/0dc91c20648254b1ce84877283f6751b?s=96&d=mm&r=g\",\"caption\":\"Blanca S\u00e1nchez\"},\"url\":\"https:\/\/www.uaga.eus\/eu\/author\/bsanchez\/\"}]}<\/script>\n<!-- \/ Yoast SEO plugin. -->","yoast_head_json":{"title":"UAGA participa en la presentaci\u00f3n de la Confederaci\u00f3n Hidrogr\u00e1fica del Ebro de los asuntos relevantes de esta demarcaci\u00f3n - UAGA","robots":{"index":"index","follow":"follow","max-snippet":"max-snippet:-1","max-image-preview":"max-image-preview:large","max-video-preview":"max-video-preview:-1"},"canonical":"https:\/\/www.uaga.eus\/uaga-participa-en-la-presentacion-de-la-confederacion-hidrografica-del-ebro-de-los-asuntos-relevantes-de-esta-demarcacion\/","og_locale":"en_US","og_type":"article","og_title":"UAGA participa en la presentaci\u00f3n de la Confederaci\u00f3n Hidrogr\u00e1fica del Ebro de los asuntos relevantes de esta demarcaci\u00f3n - UAGA","og_description":"La reuni\u00f3n online, celebrada el pasado 3 de abril, a la que asisti\u00f3 UAGA, sirvi\u00f3 para presentar de manera resumida los temas m\u00e1s importantes sobre los que se va a trabajar en los pr\u00f3ximos meses. El objetivo de este trabajo es definir las principales l\u00edneas estrat\u00e9gicas para guiar la gesti\u00f3n del agua de la demarcaci\u00f3n [&hellip;]","og_url":"https:\/\/www.uaga.eus\/uaga-participa-en-la-presentacion-de-la-confederacion-hidrografica-del-ebro-de-los-asuntos-relevantes-de-esta-demarcacion\/","og_site_name":"UAGA","article_published_time":"2020-04-14T13:01:26+00:00","og_image":[{"width":642,"height":283,"url":"https:\/\/www.uaga.eus\/wp-content\/uploads\/2019\/06\/aspersor.jpg","type":"image\/jpeg"}],"author":"Blanca S\u00e1nchez","twitter_card":"summary_large_image","twitter_misc":{"Written by":"Blanca S\u00e1nchez","Est. reading time":"1 minutua"},"schema":{"@context":"https:\/\/schema.org","@graph":[{"@type":"WebPage","@id":"https:\/\/www.uaga.eus\/uaga-participa-en-la-presentacion-de-la-confederacion-hidrografica-del-ebro-de-los-asuntos-relevantes-de-esta-demarcacion\/","url":"https:\/\/www.uaga.eus\/uaga-participa-en-la-presentacion-de-la-confederacion-hidrografica-del-ebro-de-los-asuntos-relevantes-de-esta-demarcacion\/","name":"UAGA participa en la presentaci\u00f3n de la Confederaci\u00f3n Hidrogr\u00e1fica del Ebro de los asuntos relevantes de esta demarcaci\u00f3n - UAGA","isPartOf":{"@id":"https:\/\/www.uaga.eus\/#website"},"datePublished":"2020-04-14T13:01:26+00:00","dateModified":"2020-04-14T13:01:26+00:00","author":{"@id":"https:\/\/www.uaga.eus\/#\/schema\/person\/48c3cbf0f33d1b788226dbb6518689cf"},"breadcrumb":{"@id":"https:\/\/www.uaga.eus\/uaga-participa-en-la-presentacion-de-la-confederacion-hidrografica-del-ebro-de-los-asuntos-relevantes-de-esta-demarcacion\/#breadcrumb"},"inLanguage":"eu","potentialAction":[{"@type":"ReadAction","target":["https:\/\/www.uaga.eus\/uaga-participa-en-la-presentacion-de-la-confederacion-hidrografica-del-ebro-de-los-asuntos-relevantes-de-esta-demarcacion\/"]}]},{"@type":"BreadcrumbList","@id":"https:\/\/www.uaga.eus\/uaga-participa-en-la-presentacion-de-la-confederacion-hidrografica-del-ebro-de-los-asuntos-relevantes-de-esta-demarcacion\/#breadcrumb","itemListElement":[{"@type":"ListItem","position":1,"name":"Inicio","item":"https:\/\/www.uaga.eus\/"},{"@type":"ListItem","position":2,"name":"UAGA participa en la presentaci\u00f3n de la Confederaci\u00f3n Hidrogr\u00e1fica del Ebro de los asuntos relevantes de esta demarcaci\u00f3n"}]},{"@type":"WebSite","@id":"https:\/\/www.uaga.eus\/#website","url":"https:\/\/www.uaga.eus\/","name":"UAGA","description":"Uni\u00f3n Agroganadera de \u00c1lava - Araba Nekazarien Elkartea","potentialAction":[{"@type":"SearchAction","target":{"@type":"EntryPoint","urlTemplate":"https:\/\/www.uaga.eus\/?s={search_term_string}"},"query-input":"required name=search_term_string"}],"inLanguage":"eu"},{"@type":"Person","@id":"https:\/\/www.uaga.eus\/#\/schema\/person\/48c3cbf0f33d1b788226dbb6518689cf","name":"Blanca S\u00e1nchez","image":{"@type":"ImageObject","inLanguage":"eu","@id":"https:\/\/www.uaga.eus\/#\/schema\/person\/image\/","url":"https:\/\/secure.gravatar.com\/avatar\/0dc91c20648254b1ce84877283f6751b?s=96&d=mm&r=g","contentUrl":"https:\/\/secure.gravatar.com\/avatar\/0dc91c20648254b1ce84877283f6751b?s=96&d=mm&r=g","caption":"Blanca S\u00e1nchez"},"url":"https:\/\/www.uaga.eus\/eu\/author\/bsanchez\/"}]}},"_links":{"self":[{"href":"https:\/\/www.uaga.eus\/eu\/wp-json\/wp\/v2\/posts\/7214"}],"collection":[{"href":"https:\/\/www.uaga.eus\/eu\/wp-json\/wp\/v2\/posts"}],"about":[{"href":"https:\/\/www.uaga.eus\/eu\/wp-json\/wp\/v2\/types\/post"}],"author":[{"embeddable":true,"href":"https:\/\/www.uaga.eus\/eu\/wp-json\/wp\/v2\/users\/4"}],"replies":[{"embeddable":true,"href":"https:\/\/www.uaga.eus\/eu\/wp-json\/wp\/v2\/comments?post=7214"}],"version-history":[{"count":1,"href":"https:\/\/www.uaga.eus\/eu\/wp-json\/wp\/v2\/posts\/7214\/revisions"}],"predecessor-version":[{"id":7215,"href":"https:\/\/www.uaga.eus\/eu\/wp-json\/wp\/v2\/posts\/7214\/revisions\/7215"}],"wp:featuredmedia":[{"embeddable":true,"href":"https:\/\/www.uaga.eus\/eu\/wp-json\/wp\/v2\/media\/6181"}],"wp:attachment":[{"href":"https:\/\/www.uaga.eus\/eu\/wp-json\/wp\/v2\/media?parent=7214"}],"wp:term":[{"taxonomy":"category","embeddable":true,"href":"https:\/\/www.uaga.eus\/eu\/wp-json\/wp\/v2\/categories?post=7214"},{"taxonomy":"post_tag","embeddable":true,"href":"https:\/\/www.uaga.eus\/eu\/wp-json\/wp\/v2\/tags?post=7214"}],"curies":[{"name":"wp","href":"https:\/\/api.w.org\/{rel}","templated":true}]}}