{"id":7210,"date":"2020-04-14T12:56:00","date_gmt":"2020-04-14T12:56:00","guid":{"rendered":"https:\/\/www.uaga.eus\/?p=7210"},"modified":"2020-04-15T07:14:04","modified_gmt":"2020-04-15T07:14:04","slug":"ayudas-extraordinarias-de-lanbide-para-las-personas-autonomas-cuyas-actividades-han-quedado-suspendidas-por-la-declaracion-del-estado-de-alarma","status":"publish","type":"post","link":"https:\/\/www.uaga.eus\/eu\/ayudas-extraordinarias-de-lanbide-para-las-personas-autonomas-cuyas-actividades-han-quedado-suspendidas-por-la-declaracion-del-estado-de-alarma\/","title":{"rendered":"Ayudas extraordinarias de Lanbide para las personas aut\u00f3nomas cuyas actividades han quedado suspendidas por la declaraci\u00f3n del estado de alarma"},"content":{"rendered":"<p>El Gobierno Vasco, a trav\u00e9s de Lanbide, va a poner en marcha una l\u00ednea de ayudas para aut\u00f3nomos con el objetivo de paliar la situaci\u00f3n de p\u00e9rdida econ\u00f3mica directa para los casos en los que su actividad haya quedado suspendida por la declaraci\u00f3n del estado de alarma.<\/p>\n<p><strong>Las personas solicitantes tienen que haber solicitado anteriormente la prestaci\u00f3n por cese de actividad.<\/strong><\/p>\n<p>Los <strong>gastos subvencionables <\/strong>son los siguientes:<\/p>\n<p>a) Cuotas relativas al pago de la cotizaci\u00f3n como trabajador por cuenta propia en el R\u00e9gimen Especial de Trabajadores Aut\u00f3nomos<\/p>\n<p>b) Arrendamiento de locales de negocio, cumpliendo que no sean parte de la vivienda del solicitante o espacio compartido con otra empresa y no exista relaci\u00f3n de parentesco con la persona arrendadora.<\/p>\n<p>La cuant\u00eda de la ayuda es de 3.000 \u20ac por persona beneficiaria, siendo la dotaci\u00f3n presupuestaria de tres millones de euros.<\/p>\n<p><strong>Las solicitudes de las ayudas se resolver\u00e1n seg\u00fan el orden de presentaci\u00f3n hasta el agotamiento de la dotaci\u00f3n presupuestaria.<\/strong><\/p>\n<p>La ayuda se publicar\u00e1 en el Bolet\u00edn Oficial del Pa\u00eds Vasco el 15 de abril de 2020, por lo que <strong><u>las solicitudes se podr\u00e1n presentar a partir del 16 de abril de 2020 de forma electr\u00f3nica<\/u><\/strong>, tanto a trav\u00e9s de la <a href=\"https:\/\/www.euskadi.eus\/web01-sedeform\/es\/x43kToolkitWar\/form\/fdp?procedureId=LAN62_ATASE&amp;tipoPresentacion=1&amp;language=es\" target=\"_blank\" rel=\"noopener\" data-cke-saved-href=\"https:\/\/www.euskadi.eus\/web01-sedeform\/es\/x43kToolkitWar\/form\/fdp?procedureId=LAN62_ATASE&amp;tipoPresentacion=1&amp;language=es\">sede electr\u00f3nica<\/a> como del correo electr\u00f3nico.<\/p>\n<p>Puedes ampliar la informaci\u00f3n sobre esta ayuda en el siguiente <a href=\"https:\/\/www.lanbide.euskadi.eus\/ayuda\/-\/ayuda_subvencion\/2020\/aea\/\" target=\"_blank\" rel=\"noopener\" data-cke-saved-href=\"https:\/\/www.lanbide.euskadi.eus\/ayuda\/-\/ayuda_subvencion\/2020\/aea\/\">enlace<\/a>.<\/p>\n<p>Est\u00e1 habilitado un correo electr\u00f3nico <u>\u00fanica y exclusivamente para consultas, <\/u>\u00a0que ya est\u00e1n siendo atendidas: <a href=\"mailto:personas.emprendedoras@lanbide.eus\">personas.emprendedoras@lanbide.eus<\/a><\/p>\n<p>Puedes consultar <a href=\"https:\/\/www.euskadi.eus\/y22-bopv\/es\/bopv2\/datos\/2020\/04\/2001852a.pdf\">aqu\u00ed<\/a> la Resoluci\u00f3n de la convocatoria publicada en el BOPV.<\/p>\n<div>+info SUGOI: 675 704 866<\/div>\n","protected":false},"excerpt":{"rendered":"<p>El Gobierno Vasco, a trav\u00e9s de Lanbide, va a poner en marcha una l\u00ednea de ayudas para aut\u00f3nomos con el objetivo de paliar la situaci\u00f3n de p\u00e9rdida econ\u00f3mica directa para los casos en los que su actividad haya quedado suspendida por la declaraci\u00f3n del estado de alarma. Las personas solicitantes tienen que haber solicitado anteriormente [&hellip;]<\/p>\n","protected":false},"author":4,"featured_media":6568,"comment_status":"closed","ping_status":"closed","sticky":false,"template":"","format":"standard","meta":{"footnotes":""},"categories":[111,38],"tags":[],"yoast_head":"<!-- This site is optimized with the Yoast SEO plugin v21.5 - https:\/\/yoast.com\/wordpress\/plugins\/seo\/ -->\n<title>Ayudas extraordinarias de Lanbide para las personas aut\u00f3nomas cuyas actividades han quedado suspendidas por la declaraci\u00f3n del estado de alarma - UAGA<\/title>\n<meta name=\"robots\" content=\"index, follow, max-snippet:-1, max-image-preview:large, max-video-preview:-1\" \/>\n<link rel=\"canonical\" href=\"https:\/\/www.uaga.eus\/ayudas-extraordinarias-de-lanbide-para-las-personas-autonomas-cuyas-actividades-han-quedado-suspendidas-por-la-declaracion-del-estado-de-alarma\/\" \/>\n<meta property=\"og:locale\" content=\"en_US\" \/>\n<meta property=\"og:type\" content=\"article\" \/>\n<meta property=\"og:title\" content=\"Ayudas extraordinarias de Lanbide para las personas aut\u00f3nomas cuyas actividades han quedado suspendidas por la declaraci\u00f3n del estado de alarma - UAGA\" \/>\n<meta property=\"og:description\" content=\"El Gobierno Vasco, a trav\u00e9s de Lanbide, va a poner en marcha una l\u00ednea de ayudas para aut\u00f3nomos con el objetivo de paliar la situaci\u00f3n de p\u00e9rdida econ\u00f3mica directa para los casos en los que su actividad haya quedado suspendida por la declaraci\u00f3n del estado de alarma. Las personas solicitantes tienen que haber solicitado anteriormente [&hellip;]\" \/>\n<meta property=\"og:url\" content=\"https:\/\/www.uaga.eus\/ayudas-extraordinarias-de-lanbide-para-las-personas-autonomas-cuyas-actividades-han-quedado-suspendidas-por-la-declaracion-del-estado-de-alarma\/\" \/>\n<meta property=\"og:site_name\" content=\"UAGA\" \/>\n<meta property=\"article:published_time\" content=\"2020-04-14T12:56:00+00:00\" \/>\n<meta property=\"article:modified_time\" content=\"2020-04-15T07:14:04+00:00\" \/>\n<meta property=\"og:image\" content=\"https:\/\/www.uaga.eus\/wp-content\/uploads\/2019\/10\/mujer-rural-agroturismo-e1571396603653.jpg\" \/>\n\t<meta property=\"og:image:width\" content=\"648\" \/>\n\t<meta property=\"og:image:height\" content=\"364\" \/>\n\t<meta property=\"og:image:type\" content=\"image\/jpeg\" \/>\n<meta name=\"author\" content=\"Blanca S\u00e1nchez\" \/>\n<meta name=\"twitter:card\" content=\"summary_large_image\" \/>\n<meta name=\"twitter:label1\" content=\"Written by\" \/>\n\t<meta name=\"twitter:data1\" content=\"Blanca S\u00e1nchez\" \/>\n\t<meta name=\"twitter:label2\" content=\"Est. reading time\" \/>\n\t<meta name=\"twitter:data2\" content=\"1 minutua\" \/>\n<script type=\"application\/ld+json\" class=\"yoast-schema-graph\">{\"@context\":\"https:\/\/schema.org\",\"@graph\":[{\"@type\":\"WebPage\",\"@id\":\"https:\/\/www.uaga.eus\/ayudas-extraordinarias-de-lanbide-para-las-personas-autonomas-cuyas-actividades-han-quedado-suspendidas-por-la-declaracion-del-estado-de-alarma\/\",\"url\":\"https:\/\/www.uaga.eus\/ayudas-extraordinarias-de-lanbide-para-las-personas-autonomas-cuyas-actividades-han-quedado-suspendidas-por-la-declaracion-del-estado-de-alarma\/\",\"name\":\"Ayudas extraordinarias de Lanbide para las personas aut\u00f3nomas cuyas actividades han quedado suspendidas por la declaraci\u00f3n del estado de alarma - UAGA\",\"isPartOf\":{\"@id\":\"https:\/\/www.uaga.eus\/#website\"},\"datePublished\":\"2020-04-14T12:56:00+00:00\",\"dateModified\":\"2020-04-15T07:14:04+00:00\",\"author\":{\"@id\":\"https:\/\/www.uaga.eus\/#\/schema\/person\/48c3cbf0f33d1b788226dbb6518689cf\"},\"breadcrumb\":{\"@id\":\"https:\/\/www.uaga.eus\/ayudas-extraordinarias-de-lanbide-para-las-personas-autonomas-cuyas-actividades-han-quedado-suspendidas-por-la-declaracion-del-estado-de-alarma\/#breadcrumb\"},\"inLanguage\":\"eu\",\"potentialAction\":[{\"@type\":\"ReadAction\",\"target\":[\"https:\/\/www.uaga.eus\/ayudas-extraordinarias-de-lanbide-para-las-personas-autonomas-cuyas-actividades-han-quedado-suspendidas-por-la-declaracion-del-estado-de-alarma\/\"]}]},{\"@type\":\"BreadcrumbList\",\"@id\":\"https:\/\/www.uaga.eus\/ayudas-extraordinarias-de-lanbide-para-las-personas-autonomas-cuyas-actividades-han-quedado-suspendidas-por-la-declaracion-del-estado-de-alarma\/#breadcrumb\",\"itemListElement\":[{\"@type\":\"ListItem\",\"position\":1,\"name\":\"Inicio\",\"item\":\"https:\/\/www.uaga.eus\/\"},{\"@type\":\"ListItem\",\"position\":2,\"name\":\"Ayudas extraordinarias de Lanbide para las personas aut\u00f3nomas cuyas actividades han quedado suspendidas por la declaraci\u00f3n del estado de alarma\"}]},{\"@type\":\"WebSite\",\"@id\":\"https:\/\/www.uaga.eus\/#website\",\"url\":\"https:\/\/www.uaga.eus\/\",\"name\":\"UAGA\",\"description\":\"Uni\u00f3n Agroganadera de \u00c1lava - Araba Nekazarien Elkartea\",\"potentialAction\":[{\"@type\":\"SearchAction\",\"target\":{\"@type\":\"EntryPoint\",\"urlTemplate\":\"https:\/\/www.uaga.eus\/?s={search_term_string}\"},\"query-input\":\"required name=search_term_string\"}],\"inLanguage\":\"eu\"},{\"@type\":\"Person\",\"@id\":\"https:\/\/www.uaga.eus\/#\/schema\/person\/48c3cbf0f33d1b788226dbb6518689cf\",\"name\":\"Blanca S\u00e1nchez\",\"image\":{\"@type\":\"ImageObject\",\"inLanguage\":\"eu\",\"@id\":\"https:\/\/www.uaga.eus\/#\/schema\/person\/image\/\",\"url\":\"https:\/\/secure.gravatar.com\/avatar\/0dc91c20648254b1ce84877283f6751b?s=96&d=mm&r=g\",\"contentUrl\":\"https:\/\/secure.gravatar.com\/avatar\/0dc91c20648254b1ce84877283f6751b?s=96&d=mm&r=g\",\"caption\":\"Blanca S\u00e1nchez\"},\"url\":\"https:\/\/www.uaga.eus\/eu\/author\/bsanchez\/\"}]}<\/script>\n<!-- \/ Yoast SEO plugin. -->","yoast_head_json":{"title":"Ayudas extraordinarias de Lanbide para las personas aut\u00f3nomas cuyas actividades han quedado suspendidas por la declaraci\u00f3n del estado de alarma - UAGA","robots":{"index":"index","follow":"follow","max-snippet":"max-snippet:-1","max-image-preview":"max-image-preview:large","max-video-preview":"max-video-preview:-1"},"canonical":"https:\/\/www.uaga.eus\/ayudas-extraordinarias-de-lanbide-para-las-personas-autonomas-cuyas-actividades-han-quedado-suspendidas-por-la-declaracion-del-estado-de-alarma\/","og_locale":"en_US","og_type":"article","og_title":"Ayudas extraordinarias de Lanbide para las personas aut\u00f3nomas cuyas actividades han quedado suspendidas por la declaraci\u00f3n del estado de alarma - UAGA","og_description":"El Gobierno Vasco, a trav\u00e9s de Lanbide, va a poner en marcha una l\u00ednea de ayudas para aut\u00f3nomos con el objetivo de paliar la situaci\u00f3n de p\u00e9rdida econ\u00f3mica directa para los casos en los que su actividad haya quedado suspendida por la declaraci\u00f3n del estado de alarma. Las personas solicitantes tienen que haber solicitado anteriormente [&hellip;]","og_url":"https:\/\/www.uaga.eus\/ayudas-extraordinarias-de-lanbide-para-las-personas-autonomas-cuyas-actividades-han-quedado-suspendidas-por-la-declaracion-del-estado-de-alarma\/","og_site_name":"UAGA","article_published_time":"2020-04-14T12:56:00+00:00","article_modified_time":"2020-04-15T07:14:04+00:00","og_image":[{"width":648,"height":364,"url":"https:\/\/www.uaga.eus\/wp-content\/uploads\/2019\/10\/mujer-rural-agroturismo-e1571396603653.jpg","type":"image\/jpeg"}],"author":"Blanca S\u00e1nchez","twitter_card":"summary_large_image","twitter_misc":{"Written by":"Blanca S\u00e1nchez","Est. reading time":"1 minutua"},"schema":{"@context":"https:\/\/schema.org","@graph":[{"@type":"WebPage","@id":"https:\/\/www.uaga.eus\/ayudas-extraordinarias-de-lanbide-para-las-personas-autonomas-cuyas-actividades-han-quedado-suspendidas-por-la-declaracion-del-estado-de-alarma\/","url":"https:\/\/www.uaga.eus\/ayudas-extraordinarias-de-lanbide-para-las-personas-autonomas-cuyas-actividades-han-quedado-suspendidas-por-la-declaracion-del-estado-de-alarma\/","name":"Ayudas extraordinarias de Lanbide para las personas aut\u00f3nomas cuyas actividades han quedado suspendidas por la declaraci\u00f3n del estado de alarma - UAGA","isPartOf":{"@id":"https:\/\/www.uaga.eus\/#website"},"datePublished":"2020-04-14T12:56:00+00:00","dateModified":"2020-04-15T07:14:04+00:00","author":{"@id":"https:\/\/www.uaga.eus\/#\/schema\/person\/48c3cbf0f33d1b788226dbb6518689cf"},"breadcrumb":{"@id":"https:\/\/www.uaga.eus\/ayudas-extraordinarias-de-lanbide-para-las-personas-autonomas-cuyas-actividades-han-quedado-suspendidas-por-la-declaracion-del-estado-de-alarma\/#breadcrumb"},"inLanguage":"eu","potentialAction":[{"@type":"ReadAction","target":["https:\/\/www.uaga.eus\/ayudas-extraordinarias-de-lanbide-para-las-personas-autonomas-cuyas-actividades-han-quedado-suspendidas-por-la-declaracion-del-estado-de-alarma\/"]}]},{"@type":"BreadcrumbList","@id":"https:\/\/www.uaga.eus\/ayudas-extraordinarias-de-lanbide-para-las-personas-autonomas-cuyas-actividades-han-quedado-suspendidas-por-la-declaracion-del-estado-de-alarma\/#breadcrumb","itemListElement":[{"@type":"ListItem","position":1,"name":"Inicio","item":"https:\/\/www.uaga.eus\/"},{"@type":"ListItem","position":2,"name":"Ayudas extraordinarias de Lanbide para las personas aut\u00f3nomas cuyas actividades han quedado suspendidas por la declaraci\u00f3n del estado de alarma"}]},{"@type":"WebSite","@id":"https:\/\/www.uaga.eus\/#website","url":"https:\/\/www.uaga.eus\/","name":"UAGA","description":"Uni\u00f3n Agroganadera de \u00c1lava - Araba Nekazarien Elkartea","potentialAction":[{"@type":"SearchAction","target":{"@type":"EntryPoint","urlTemplate":"https:\/\/www.uaga.eus\/?s={search_term_string}"},"query-input":"required name=search_term_string"}],"inLanguage":"eu"},{"@type":"Person","@id":"https:\/\/www.uaga.eus\/#\/schema\/person\/48c3cbf0f33d1b788226dbb6518689cf","name":"Blanca S\u00e1nchez","image":{"@type":"ImageObject","inLanguage":"eu","@id":"https:\/\/www.uaga.eus\/#\/schema\/person\/image\/","url":"https:\/\/secure.gravatar.com\/avatar\/0dc91c20648254b1ce84877283f6751b?s=96&d=mm&r=g","contentUrl":"https:\/\/secure.gravatar.com\/avatar\/0dc91c20648254b1ce84877283f6751b?s=96&d=mm&r=g","caption":"Blanca S\u00e1nchez"},"url":"https:\/\/www.uaga.eus\/eu\/author\/bsanchez\/"}]}},"_links":{"self":[{"href":"https:\/\/www.uaga.eus\/eu\/wp-json\/wp\/v2\/posts\/7210"}],"collection":[{"href":"https:\/\/www.uaga.eus\/eu\/wp-json\/wp\/v2\/posts"}],"about":[{"href":"https:\/\/www.uaga.eus\/eu\/wp-json\/wp\/v2\/types\/post"}],"author":[{"embeddable":true,"href":"https:\/\/www.uaga.eus\/eu\/wp-json\/wp\/v2\/users\/4"}],"replies":[{"embeddable":true,"href":"https:\/\/www.uaga.eus\/eu\/wp-json\/wp\/v2\/comments?post=7210"}],"version-history":[{"count":3,"href":"https:\/\/www.uaga.eus\/eu\/wp-json\/wp\/v2\/posts\/7210\/revisions"}],"predecessor-version":[{"id":7230,"href":"https:\/\/www.uaga.eus\/eu\/wp-json\/wp\/v2\/posts\/7210\/revisions\/7230"}],"wp:featuredmedia":[{"embeddable":true,"href":"https:\/\/www.uaga.eus\/eu\/wp-json\/wp\/v2\/media\/6568"}],"wp:attachment":[{"href":"https:\/\/www.uaga.eus\/eu\/wp-json\/wp\/v2\/media?parent=7210"}],"wp:term":[{"taxonomy":"category","embeddable":true,"href":"https:\/\/www.uaga.eus\/eu\/wp-json\/wp\/v2\/categories?post=7210"},{"taxonomy":"post_tag","embeddable":true,"href":"https:\/\/www.uaga.eus\/eu\/wp-json\/wp\/v2\/tags?post=7210"}],"curies":[{"name":"wp","href":"https:\/\/api.w.org\/{rel}","templated":true}]}}