{"id":7208,"date":"2020-04-14T12:54:11","date_gmt":"2020-04-14T12:54:11","guid":{"rendered":"https:\/\/www.uaga.eus\/?p=7208"},"modified":"2020-04-14T12:54:11","modified_gmt":"2020-04-14T12:54:11","slug":"erkide-informa-de-la-situacion-de-los-principales-productos-y-sectores-cooperativizados-3","status":"publish","type":"post","link":"https:\/\/www.uaga.eus\/eu\/erkide-informa-de-la-situacion-de-los-principales-productos-y-sectores-cooperativizados-3\/","title":{"rendered":"ERKIDE informa de la situaci\u00f3n de los principales productos y sectores cooperativizados"},"content":{"rendered":"<p>La Federaci\u00f3n de Cooperativas de Euskadi, ERKIDE, informa de la situaci\u00f3n de los principales productos y sectores agr\u00edcolas cooperativizados a fecha 7 de abril:<\/p>\n<ul>\n<li><strong>EPIs<\/strong>: han llegado y se est\u00e1n repartiendo los EPIs solicitados en la compra conjunta coordinada por el Gobierno Vasco junto con el Cl\u00faster de Alimentaci\u00f3n, ATEGI S. Coop. (central de compras de la Corporaci\u00f3n Mondrag\u00f3n) y HAZILUR.<\/li>\n<\/ul>\n<p>&nbsp;<\/p>\n<ul>\n<li><strong>Patata<\/strong>: Se est\u00e1n acumulando excedentes, ya que variedades de destino hosteler\u00eda e industria no tienen salida y se pueden perder. Asimismo, se han reducido los pedidos para siembra en un 15% o m\u00e1s. Se ha puesto en conocimiento del Gobierno Vasco para intentar generar una soluci\u00f3n a estos excedentes. El suministro de semilla para huertas se ha parado en seco, causando la p\u00e9rdida total de este mercado.<\/li>\n<\/ul>\n<p>&nbsp;<\/p>\n<ul>\n<li><strong>Frutas y hortalizas<\/strong>: las producciones no tienen mercado, lo que sale es a precios muy bajos y no se alcanza ni el 10% de un a\u00f1o normal. El producto en muchos casos se est\u00e1 tirando o mal vendiendo. Solo en la \u00faltima quincena de marzo se ha dado un 40% menos de ventas. La salida en supermercados es escasa. La distribuci\u00f3n est\u00e1 llevando poca cantidad de producto local, solo b\u00e1sicos. Y en las tiendas peque\u00f1as que se abastecen en los Mercas sucede algo parecido.<\/li>\n<\/ul>\n<p>&nbsp;<\/p>\n<ul>\n<li><strong>Vino<\/strong>: La exportaci\u00f3n a supermercados est\u00e1 funcionando, aunque se aprieta en precios aprovechando la coyuntura. Los pagos van mejor de lo previsto y se est\u00e1n respetando. Est\u00e1n activ\u00e1ndose aplazamientos en torno al 10-20%, pero el pr\u00f3ximo mes ser\u00e1n mucho mayores. Para la pr\u00f3xima campa\u00f1a se esperan medidas de reducci\u00f3n obligatoria al 80% del rendimiento, con el objetivo de intentar que la ca\u00edda de precios sea algo menor.<\/li>\n<\/ul>\n<p>&nbsp;<\/p>\n<ul>\n<li><strong>Financiaci\u00f3n<\/strong>: Los pr\u00e9stamos de Laboral Kutxa, Elkargi y las l\u00edneas ICO en marcha. Excelentes condiciones en cuanto a inter\u00e9s, pero as\u00ed todo hay que tener en cuenta las comisiones.<\/li>\n<\/ul>\n<p>&nbsp;<\/p>\n<ul>\n<li><strong>Suministros agrarios<\/strong> <strong>y agrotiendas<\/strong>: Se est\u00e1n dando algunas denuncias por la comercializaci\u00f3n de suministros a no profesionales y aut\u00f3nomos, en algunos casos de modo recurrente. La polic\u00eda solicita que se tomen medidas para controlar las ventas.<\/li>\n<\/ul>\n<p>&nbsp;<\/p>\n<ul>\n<li>En el <strong>resto de sectores<\/strong>, carne, huevos, leche, patata de consumo, siguen con las mismas problem\u00e1ticas indicadas en anteriores informes. En general tienen\u00a0buena salida al distribuidor y pr\u00e1cticamente nula la venta al canal HORECA, que no compensa la situaci\u00f3n. Tambi\u00e9n se est\u00e1n dando, en algunos casos,\u00a0modificaciones a la baja en las condiciones de venta.<\/li>\n<\/ul>\n<p><\/p>","protected":false},"excerpt":{"rendered":"<p>La Federaci\u00f3n de Cooperativas de Euskadi, ERKIDE, informa de la situaci\u00f3n de los principales productos y sectores agr\u00edcolas cooperativizados a fecha 7 de abril: EPIs: han llegado y se est\u00e1n repartiendo los EPIs solicitados en la compra conjunta coordinada por el Gobierno Vasco junto con el Cl\u00faster de Alimentaci\u00f3n, ATEGI S. Coop. (central de compras [&hellip;]<\/p>\n","protected":false},"author":4,"featured_media":6363,"comment_status":"closed","ping_status":"closed","sticky":false,"template":"","format":"standard","meta":{"footnotes":""},"categories":[12,111],"tags":[],"yoast_head":"<!-- This site is optimized with the Yoast SEO plugin v21.5 - https:\/\/yoast.com\/wordpress\/plugins\/seo\/ -->\n<title>ERKIDE informa de la situaci\u00f3n de los principales productos y sectores cooperativizados - UAGA<\/title>\n<meta name=\"robots\" content=\"index, follow, max-snippet:-1, max-image-preview:large, max-video-preview:-1\" \/>\n<link rel=\"canonical\" href=\"https:\/\/www.uaga.eus\/erkide-informa-de-la-situacion-de-los-principales-productos-y-sectores-cooperativizados-3\/\" \/>\n<meta property=\"og:locale\" content=\"en_US\" \/>\n<meta property=\"og:type\" content=\"article\" \/>\n<meta property=\"og:title\" content=\"ERKIDE informa de la situaci\u00f3n de los principales productos y sectores cooperativizados - UAGA\" \/>\n<meta property=\"og:description\" content=\"La Federaci\u00f3n de Cooperativas de Euskadi, ERKIDE, informa de la situaci\u00f3n de los principales productos y sectores agr\u00edcolas cooperativizados a fecha 7 de abril: EPIs: han llegado y se est\u00e1n repartiendo los EPIs solicitados en la compra conjunta coordinada por el Gobierno Vasco junto con el Cl\u00faster de Alimentaci\u00f3n, ATEGI S. Coop. (central de compras [&hellip;]\" \/>\n<meta property=\"og:url\" content=\"https:\/\/www.uaga.eus\/erkide-informa-de-la-situacion-de-los-principales-productos-y-sectores-cooperativizados-3\/\" \/>\n<meta property=\"og:site_name\" content=\"UAGA\" \/>\n<meta property=\"article:published_time\" content=\"2020-04-14T12:54:11+00:00\" \/>\n<meta property=\"og:image\" content=\"https:\/\/www.uaga.eus\/wp-content\/uploads\/2019\/07\/Erkide.jpg\" \/>\n\t<meta property=\"og:image:width\" content=\"427\" \/>\n\t<meta property=\"og:image:height\" content=\"102\" \/>\n\t<meta property=\"og:image:type\" content=\"image\/jpeg\" \/>\n<meta name=\"author\" content=\"Blanca S\u00e1nchez\" \/>\n<meta name=\"twitter:card\" content=\"summary_large_image\" \/>\n<meta name=\"twitter:label1\" content=\"Written by\" \/>\n\t<meta name=\"twitter:data1\" content=\"Blanca S\u00e1nchez\" \/>\n\t<meta name=\"twitter:label2\" content=\"Est. reading time\" \/>\n\t<meta name=\"twitter:data2\" content=\"4 minutua\" \/>\n<script type=\"application\/ld+json\" class=\"yoast-schema-graph\">{\"@context\":\"https:\/\/schema.org\",\"@graph\":[{\"@type\":\"WebPage\",\"@id\":\"https:\/\/www.uaga.eus\/erkide-informa-de-la-situacion-de-los-principales-productos-y-sectores-cooperativizados-3\/\",\"url\":\"https:\/\/www.uaga.eus\/erkide-informa-de-la-situacion-de-los-principales-productos-y-sectores-cooperativizados-3\/\",\"name\":\"ERKIDE informa de la situaci\u00f3n de los principales productos y sectores cooperativizados - UAGA\",\"isPartOf\":{\"@id\":\"https:\/\/www.uaga.eus\/#website\"},\"datePublished\":\"2020-04-14T12:54:11+00:00\",\"dateModified\":\"2020-04-14T12:54:11+00:00\",\"author\":{\"@id\":\"https:\/\/www.uaga.eus\/#\/schema\/person\/48c3cbf0f33d1b788226dbb6518689cf\"},\"breadcrumb\":{\"@id\":\"https:\/\/www.uaga.eus\/erkide-informa-de-la-situacion-de-los-principales-productos-y-sectores-cooperativizados-3\/#breadcrumb\"},\"inLanguage\":\"eu\",\"potentialAction\":[{\"@type\":\"ReadAction\",\"target\":[\"https:\/\/www.uaga.eus\/erkide-informa-de-la-situacion-de-los-principales-productos-y-sectores-cooperativizados-3\/\"]}]},{\"@type\":\"BreadcrumbList\",\"@id\":\"https:\/\/www.uaga.eus\/erkide-informa-de-la-situacion-de-los-principales-productos-y-sectores-cooperativizados-3\/#breadcrumb\",\"itemListElement\":[{\"@type\":\"ListItem\",\"position\":1,\"name\":\"Inicio\",\"item\":\"https:\/\/www.uaga.eus\/\"},{\"@type\":\"ListItem\",\"position\":2,\"name\":\"ERKIDE informa de la situaci\u00f3n de los principales productos y sectores cooperativizados\"}]},{\"@type\":\"WebSite\",\"@id\":\"https:\/\/www.uaga.eus\/#website\",\"url\":\"https:\/\/www.uaga.eus\/\",\"name\":\"UAGA\",\"description\":\"Uni\u00f3n Agroganadera de \u00c1lava - Araba Nekazarien Elkartea\",\"potentialAction\":[{\"@type\":\"SearchAction\",\"target\":{\"@type\":\"EntryPoint\",\"urlTemplate\":\"https:\/\/www.uaga.eus\/?s={search_term_string}\"},\"query-input\":\"required name=search_term_string\"}],\"inLanguage\":\"eu\"},{\"@type\":\"Person\",\"@id\":\"https:\/\/www.uaga.eus\/#\/schema\/person\/48c3cbf0f33d1b788226dbb6518689cf\",\"name\":\"Blanca S\u00e1nchez\",\"image\":{\"@type\":\"ImageObject\",\"inLanguage\":\"eu\",\"@id\":\"https:\/\/www.uaga.eus\/#\/schema\/person\/image\/\",\"url\":\"https:\/\/secure.gravatar.com\/avatar\/0dc91c20648254b1ce84877283f6751b?s=96&d=mm&r=g\",\"contentUrl\":\"https:\/\/secure.gravatar.com\/avatar\/0dc91c20648254b1ce84877283f6751b?s=96&d=mm&r=g\",\"caption\":\"Blanca S\u00e1nchez\"},\"url\":\"https:\/\/www.uaga.eus\/eu\/author\/bsanchez\/\"}]}<\/script>\n<!-- \/ Yoast SEO plugin. -->","yoast_head_json":{"title":"ERKIDE informa de la situaci\u00f3n de los principales productos y sectores cooperativizados - UAGA","robots":{"index":"index","follow":"follow","max-snippet":"max-snippet:-1","max-image-preview":"max-image-preview:large","max-video-preview":"max-video-preview:-1"},"canonical":"https:\/\/www.uaga.eus\/erkide-informa-de-la-situacion-de-los-principales-productos-y-sectores-cooperativizados-3\/","og_locale":"en_US","og_type":"article","og_title":"ERKIDE informa de la situaci\u00f3n de los principales productos y sectores cooperativizados - UAGA","og_description":"La Federaci\u00f3n de Cooperativas de Euskadi, ERKIDE, informa de la situaci\u00f3n de los principales productos y sectores agr\u00edcolas cooperativizados a fecha 7 de abril: EPIs: han llegado y se est\u00e1n repartiendo los EPIs solicitados en la compra conjunta coordinada por el Gobierno Vasco junto con el Cl\u00faster de Alimentaci\u00f3n, ATEGI S. Coop. (central de compras [&hellip;]","og_url":"https:\/\/www.uaga.eus\/erkide-informa-de-la-situacion-de-los-principales-productos-y-sectores-cooperativizados-3\/","og_site_name":"UAGA","article_published_time":"2020-04-14T12:54:11+00:00","og_image":[{"width":427,"height":102,"url":"https:\/\/www.uaga.eus\/wp-content\/uploads\/2019\/07\/Erkide.jpg","type":"image\/jpeg"}],"author":"Blanca S\u00e1nchez","twitter_card":"summary_large_image","twitter_misc":{"Written by":"Blanca S\u00e1nchez","Est. reading time":"4 minutua"},"schema":{"@context":"https:\/\/schema.org","@graph":[{"@type":"WebPage","@id":"https:\/\/www.uaga.eus\/erkide-informa-de-la-situacion-de-los-principales-productos-y-sectores-cooperativizados-3\/","url":"https:\/\/www.uaga.eus\/erkide-informa-de-la-situacion-de-los-principales-productos-y-sectores-cooperativizados-3\/","name":"ERKIDE informa de la situaci\u00f3n de los principales productos y sectores cooperativizados - UAGA","isPartOf":{"@id":"https:\/\/www.uaga.eus\/#website"},"datePublished":"2020-04-14T12:54:11+00:00","dateModified":"2020-04-14T12:54:11+00:00","author":{"@id":"https:\/\/www.uaga.eus\/#\/schema\/person\/48c3cbf0f33d1b788226dbb6518689cf"},"breadcrumb":{"@id":"https:\/\/www.uaga.eus\/erkide-informa-de-la-situacion-de-los-principales-productos-y-sectores-cooperativizados-3\/#breadcrumb"},"inLanguage":"eu","potentialAction":[{"@type":"ReadAction","target":["https:\/\/www.uaga.eus\/erkide-informa-de-la-situacion-de-los-principales-productos-y-sectores-cooperativizados-3\/"]}]},{"@type":"BreadcrumbList","@id":"https:\/\/www.uaga.eus\/erkide-informa-de-la-situacion-de-los-principales-productos-y-sectores-cooperativizados-3\/#breadcrumb","itemListElement":[{"@type":"ListItem","position":1,"name":"Inicio","item":"https:\/\/www.uaga.eus\/"},{"@type":"ListItem","position":2,"name":"ERKIDE informa de la situaci\u00f3n de los principales productos y sectores cooperativizados"}]},{"@type":"WebSite","@id":"https:\/\/www.uaga.eus\/#website","url":"https:\/\/www.uaga.eus\/","name":"UAGA","description":"Uni\u00f3n Agroganadera de \u00c1lava - Araba Nekazarien Elkartea","potentialAction":[{"@type":"SearchAction","target":{"@type":"EntryPoint","urlTemplate":"https:\/\/www.uaga.eus\/?s={search_term_string}"},"query-input":"required name=search_term_string"}],"inLanguage":"eu"},{"@type":"Person","@id":"https:\/\/www.uaga.eus\/#\/schema\/person\/48c3cbf0f33d1b788226dbb6518689cf","name":"Blanca S\u00e1nchez","image":{"@type":"ImageObject","inLanguage":"eu","@id":"https:\/\/www.uaga.eus\/#\/schema\/person\/image\/","url":"https:\/\/secure.gravatar.com\/avatar\/0dc91c20648254b1ce84877283f6751b?s=96&d=mm&r=g","contentUrl":"https:\/\/secure.gravatar.com\/avatar\/0dc91c20648254b1ce84877283f6751b?s=96&d=mm&r=g","caption":"Blanca S\u00e1nchez"},"url":"https:\/\/www.uaga.eus\/eu\/author\/bsanchez\/"}]}},"_links":{"self":[{"href":"https:\/\/www.uaga.eus\/eu\/wp-json\/wp\/v2\/posts\/7208"}],"collection":[{"href":"https:\/\/www.uaga.eus\/eu\/wp-json\/wp\/v2\/posts"}],"about":[{"href":"https:\/\/www.uaga.eus\/eu\/wp-json\/wp\/v2\/types\/post"}],"author":[{"embeddable":true,"href":"https:\/\/www.uaga.eus\/eu\/wp-json\/wp\/v2\/users\/4"}],"replies":[{"embeddable":true,"href":"https:\/\/www.uaga.eus\/eu\/wp-json\/wp\/v2\/comments?post=7208"}],"version-history":[{"count":1,"href":"https:\/\/www.uaga.eus\/eu\/wp-json\/wp\/v2\/posts\/7208\/revisions"}],"predecessor-version":[{"id":7209,"href":"https:\/\/www.uaga.eus\/eu\/wp-json\/wp\/v2\/posts\/7208\/revisions\/7209"}],"wp:featuredmedia":[{"embeddable":true,"href":"https:\/\/www.uaga.eus\/eu\/wp-json\/wp\/v2\/media\/6363"}],"wp:attachment":[{"href":"https:\/\/www.uaga.eus\/eu\/wp-json\/wp\/v2\/media?parent=7208"}],"wp:term":[{"taxonomy":"category","embeddable":true,"href":"https:\/\/www.uaga.eus\/eu\/wp-json\/wp\/v2\/categories?post=7208"},{"taxonomy":"post_tag","embeddable":true,"href":"https:\/\/www.uaga.eus\/eu\/wp-json\/wp\/v2\/tags?post=7208"}],"curies":[{"name":"wp","href":"https:\/\/api.w.org\/{rel}","templated":true}]}}