{"id":7197,"date":"2020-04-08T11:45:24","date_gmt":"2020-04-08T11:45:24","guid":{"rendered":"https:\/\/www.uaga.eus\/?p=7197"},"modified":"2020-04-08T11:45:24","modified_gmt":"2020-04-08T11:45:24","slug":"la-comision-europea-amplia-hasta-el-15-de-junio-la-presentacion-de-solicitudes-pac-y-flexibiliza-el-acceso-a-los-fondos-europeos-feader","status":"publish","type":"post","link":"https:\/\/www.uaga.eus\/eu\/la-comision-europea-amplia-hasta-el-15-de-junio-la-presentacion-de-solicitudes-pac-y-flexibiliza-el-acceso-a-los-fondos-europeos-feader\/","title":{"rendered":"La Comisi\u00f3n Europea ampl\u00eda hasta el 15 de junio la presentaci\u00f3n de solicitudes PAC, y flexibiliza el acceso a los fondos europeos FEADER"},"content":{"rendered":"<p>La Comisi\u00f3n Europea ha activado medidas de apoyo al sector agroalimentario por la crisis del COVID-19, con el objetivo de que agricultores y ganaderos puedan afrontar con mayor liquidez y menos trabas burocr\u00e1ticas la dif\u00edcil situaci\u00f3n originada por la crisis sanitaria.<\/p>\n<p>En relaci\u00f3n con la PAC, se ha ampliado hasta el 15 de junio el plazo de presentaci\u00f3n de la solicitud de ayudas directas y de desarrollo rural. Adem\u00e1s, se han planteado medidas de flexibilizaci\u00f3n para reducir la carga administrativa de los estados miembros y evitar la p\u00e9rdida de fondos europeos.<\/p>\n<p>Para facilitar la liquidez de agricultores y ganaderos, se aumentar\u00e1n los anticipos de los pagos directos del 50% al 70%, y los correspondientes al desarrollo rural del 75% al 85%.<\/p>\n<p>En lo que se refiere al FEADER, Fondo Europeo Agr\u00edcola para el Desarrollo Rural, se va a flexibilizar el uso de instrumentos financieros, lo que permitir\u00e1 que los beneficiarios de estas medidas dispongan de pr\u00e9stamos de hasta 200.000 euros en condiciones favorables, con unos tipos de inter\u00e9s muy bajos, as\u00ed como calendarios de pagos favorables.<\/p>\n<p>Puedes consultar la nota del Ministerio en el siguiente <a href=\"https:\/\/mcusercontent.com\/498b950ccfc4b8d0e600d7e48\/files\/8aa17df4-9e96-4344-8cd7-6a609e007c59\/20200402_MTERIO_Valoracio_n_Planas_medidas_CE_agricultura.pdf\" target=\"_blank\" rel=\"noopener\" data-cke-saved-href=\"https:\/\/mcusercontent.com\/498b950ccfc4b8d0e600d7e48\/files\/8aa17df4-9e96-4344-8cd7-6a609e007c59\/20200402_MTERIO_Valoracio_n_Planas_medidas_CE_agricultura.pdf\">enlace<\/a>.<\/p>\n<div>+info SUGOI: 675 707 696<\/div>\n","protected":false},"excerpt":{"rendered":"<p>La Comisi\u00f3n Europea ha activado medidas de apoyo al sector agroalimentario por la crisis del COVID-19, con el objetivo de que agricultores y ganaderos puedan afrontar con mayor liquidez y menos trabas burocr\u00e1ticas la dif\u00edcil situaci\u00f3n originada por la crisis sanitaria. En relaci\u00f3n con la PAC, se ha ampliado hasta el 15 de junio el [&hellip;]<\/p>\n","protected":false},"author":4,"featured_media":5900,"comment_status":"closed","ping_status":"closed","sticky":false,"template":"","format":"standard","meta":{"footnotes":""},"categories":[111,4],"tags":[],"yoast_head":"<!-- This site is optimized with the Yoast SEO plugin v21.5 - https:\/\/yoast.com\/wordpress\/plugins\/seo\/ -->\n<title>La Comisi\u00f3n Europea ampl\u00eda hasta el 15 de junio la presentaci\u00f3n de solicitudes PAC, y flexibiliza el acceso a los fondos europeos FEADER - UAGA<\/title>\n<meta name=\"robots\" content=\"index, follow, max-snippet:-1, max-image-preview:large, max-video-preview:-1\" \/>\n<link rel=\"canonical\" href=\"https:\/\/www.uaga.eus\/la-comision-europea-amplia-hasta-el-15-de-junio-la-presentacion-de-solicitudes-pac-y-flexibiliza-el-acceso-a-los-fondos-europeos-feader\/\" \/>\n<meta property=\"og:locale\" content=\"en_US\" \/>\n<meta property=\"og:type\" content=\"article\" \/>\n<meta property=\"og:title\" content=\"La Comisi\u00f3n Europea ampl\u00eda hasta el 15 de junio la presentaci\u00f3n de solicitudes PAC, y flexibiliza el acceso a los fondos europeos FEADER - UAGA\" \/>\n<meta property=\"og:description\" content=\"La Comisi\u00f3n Europea ha activado medidas de apoyo al sector agroalimentario por la crisis del COVID-19, con el objetivo de que agricultores y ganaderos puedan afrontar con mayor liquidez y menos trabas burocr\u00e1ticas la dif\u00edcil situaci\u00f3n originada por la crisis sanitaria. En relaci\u00f3n con la PAC, se ha ampliado hasta el 15 de junio el [&hellip;]\" \/>\n<meta property=\"og:url\" content=\"https:\/\/www.uaga.eus\/la-comision-europea-amplia-hasta-el-15-de-junio-la-presentacion-de-solicitudes-pac-y-flexibiliza-el-acceso-a-los-fondos-europeos-feader\/\" \/>\n<meta property=\"og:site_name\" content=\"UAGA\" \/>\n<meta property=\"article:published_time\" content=\"2020-04-08T11:45:24+00:00\" \/>\n<meta property=\"og:image\" content=\"https:\/\/www.uaga.eus\/wp-content\/uploads\/2019\/03\/5bfe887e-e2dc-4329-b6dd-f249f0f164b6.jpg\" \/>\n\t<meta property=\"og:image:width\" content=\"651\" \/>\n\t<meta property=\"og:image:height\" content=\"366\" \/>\n\t<meta property=\"og:image:type\" content=\"image\/jpeg\" \/>\n<meta name=\"author\" content=\"Blanca S\u00e1nchez\" \/>\n<meta name=\"twitter:card\" content=\"summary_large_image\" \/>\n<meta name=\"twitter:label1\" content=\"Written by\" \/>\n\t<meta name=\"twitter:data1\" content=\"Blanca S\u00e1nchez\" \/>\n\t<meta name=\"twitter:label2\" content=\"Est. reading time\" \/>\n\t<meta name=\"twitter:data2\" content=\"1 minutua\" \/>\n<script type=\"application\/ld+json\" class=\"yoast-schema-graph\">{\"@context\":\"https:\/\/schema.org\",\"@graph\":[{\"@type\":\"WebPage\",\"@id\":\"https:\/\/www.uaga.eus\/la-comision-europea-amplia-hasta-el-15-de-junio-la-presentacion-de-solicitudes-pac-y-flexibiliza-el-acceso-a-los-fondos-europeos-feader\/\",\"url\":\"https:\/\/www.uaga.eus\/la-comision-europea-amplia-hasta-el-15-de-junio-la-presentacion-de-solicitudes-pac-y-flexibiliza-el-acceso-a-los-fondos-europeos-feader\/\",\"name\":\"La Comisi\u00f3n Europea ampl\u00eda hasta el 15 de junio la presentaci\u00f3n de solicitudes PAC, y flexibiliza el acceso a los fondos europeos FEADER - UAGA\",\"isPartOf\":{\"@id\":\"https:\/\/www.uaga.eus\/#website\"},\"datePublished\":\"2020-04-08T11:45:24+00:00\",\"dateModified\":\"2020-04-08T11:45:24+00:00\",\"author\":{\"@id\":\"https:\/\/www.uaga.eus\/#\/schema\/person\/48c3cbf0f33d1b788226dbb6518689cf\"},\"breadcrumb\":{\"@id\":\"https:\/\/www.uaga.eus\/la-comision-europea-amplia-hasta-el-15-de-junio-la-presentacion-de-solicitudes-pac-y-flexibiliza-el-acceso-a-los-fondos-europeos-feader\/#breadcrumb\"},\"inLanguage\":\"eu\",\"potentialAction\":[{\"@type\":\"ReadAction\",\"target\":[\"https:\/\/www.uaga.eus\/la-comision-europea-amplia-hasta-el-15-de-junio-la-presentacion-de-solicitudes-pac-y-flexibiliza-el-acceso-a-los-fondos-europeos-feader\/\"]}]},{\"@type\":\"BreadcrumbList\",\"@id\":\"https:\/\/www.uaga.eus\/la-comision-europea-amplia-hasta-el-15-de-junio-la-presentacion-de-solicitudes-pac-y-flexibiliza-el-acceso-a-los-fondos-europeos-feader\/#breadcrumb\",\"itemListElement\":[{\"@type\":\"ListItem\",\"position\":1,\"name\":\"Inicio\",\"item\":\"https:\/\/www.uaga.eus\/\"},{\"@type\":\"ListItem\",\"position\":2,\"name\":\"La Comisi\u00f3n Europea ampl\u00eda hasta el 15 de junio la presentaci\u00f3n de solicitudes PAC, y flexibiliza el acceso a los fondos europeos FEADER\"}]},{\"@type\":\"WebSite\",\"@id\":\"https:\/\/www.uaga.eus\/#website\",\"url\":\"https:\/\/www.uaga.eus\/\",\"name\":\"UAGA\",\"description\":\"Uni\u00f3n Agroganadera de \u00c1lava - Araba Nekazarien Elkartea\",\"potentialAction\":[{\"@type\":\"SearchAction\",\"target\":{\"@type\":\"EntryPoint\",\"urlTemplate\":\"https:\/\/www.uaga.eus\/?s={search_term_string}\"},\"query-input\":\"required name=search_term_string\"}],\"inLanguage\":\"eu\"},{\"@type\":\"Person\",\"@id\":\"https:\/\/www.uaga.eus\/#\/schema\/person\/48c3cbf0f33d1b788226dbb6518689cf\",\"name\":\"Blanca S\u00e1nchez\",\"image\":{\"@type\":\"ImageObject\",\"inLanguage\":\"eu\",\"@id\":\"https:\/\/www.uaga.eus\/#\/schema\/person\/image\/\",\"url\":\"https:\/\/secure.gravatar.com\/avatar\/0dc91c20648254b1ce84877283f6751b?s=96&d=mm&r=g\",\"contentUrl\":\"https:\/\/secure.gravatar.com\/avatar\/0dc91c20648254b1ce84877283f6751b?s=96&d=mm&r=g\",\"caption\":\"Blanca S\u00e1nchez\"},\"url\":\"https:\/\/www.uaga.eus\/eu\/author\/bsanchez\/\"}]}<\/script>\n<!-- \/ Yoast SEO plugin. -->","yoast_head_json":{"title":"La Comisi\u00f3n Europea ampl\u00eda hasta el 15 de junio la presentaci\u00f3n de solicitudes PAC, y flexibiliza el acceso a los fondos europeos FEADER - UAGA","robots":{"index":"index","follow":"follow","max-snippet":"max-snippet:-1","max-image-preview":"max-image-preview:large","max-video-preview":"max-video-preview:-1"},"canonical":"https:\/\/www.uaga.eus\/la-comision-europea-amplia-hasta-el-15-de-junio-la-presentacion-de-solicitudes-pac-y-flexibiliza-el-acceso-a-los-fondos-europeos-feader\/","og_locale":"en_US","og_type":"article","og_title":"La Comisi\u00f3n Europea ampl\u00eda hasta el 15 de junio la presentaci\u00f3n de solicitudes PAC, y flexibiliza el acceso a los fondos europeos FEADER - UAGA","og_description":"La Comisi\u00f3n Europea ha activado medidas de apoyo al sector agroalimentario por la crisis del COVID-19, con el objetivo de que agricultores y ganaderos puedan afrontar con mayor liquidez y menos trabas burocr\u00e1ticas la dif\u00edcil situaci\u00f3n originada por la crisis sanitaria. En relaci\u00f3n con la PAC, se ha ampliado hasta el 15 de junio el [&hellip;]","og_url":"https:\/\/www.uaga.eus\/la-comision-europea-amplia-hasta-el-15-de-junio-la-presentacion-de-solicitudes-pac-y-flexibiliza-el-acceso-a-los-fondos-europeos-feader\/","og_site_name":"UAGA","article_published_time":"2020-04-08T11:45:24+00:00","og_image":[{"width":651,"height":366,"url":"https:\/\/www.uaga.eus\/wp-content\/uploads\/2019\/03\/5bfe887e-e2dc-4329-b6dd-f249f0f164b6.jpg","type":"image\/jpeg"}],"author":"Blanca S\u00e1nchez","twitter_card":"summary_large_image","twitter_misc":{"Written by":"Blanca S\u00e1nchez","Est. reading time":"1 minutua"},"schema":{"@context":"https:\/\/schema.org","@graph":[{"@type":"WebPage","@id":"https:\/\/www.uaga.eus\/la-comision-europea-amplia-hasta-el-15-de-junio-la-presentacion-de-solicitudes-pac-y-flexibiliza-el-acceso-a-los-fondos-europeos-feader\/","url":"https:\/\/www.uaga.eus\/la-comision-europea-amplia-hasta-el-15-de-junio-la-presentacion-de-solicitudes-pac-y-flexibiliza-el-acceso-a-los-fondos-europeos-feader\/","name":"La Comisi\u00f3n Europea ampl\u00eda hasta el 15 de junio la presentaci\u00f3n de solicitudes PAC, y flexibiliza el acceso a los fondos europeos FEADER - UAGA","isPartOf":{"@id":"https:\/\/www.uaga.eus\/#website"},"datePublished":"2020-04-08T11:45:24+00:00","dateModified":"2020-04-08T11:45:24+00:00","author":{"@id":"https:\/\/www.uaga.eus\/#\/schema\/person\/48c3cbf0f33d1b788226dbb6518689cf"},"breadcrumb":{"@id":"https:\/\/www.uaga.eus\/la-comision-europea-amplia-hasta-el-15-de-junio-la-presentacion-de-solicitudes-pac-y-flexibiliza-el-acceso-a-los-fondos-europeos-feader\/#breadcrumb"},"inLanguage":"eu","potentialAction":[{"@type":"ReadAction","target":["https:\/\/www.uaga.eus\/la-comision-europea-amplia-hasta-el-15-de-junio-la-presentacion-de-solicitudes-pac-y-flexibiliza-el-acceso-a-los-fondos-europeos-feader\/"]}]},{"@type":"BreadcrumbList","@id":"https:\/\/www.uaga.eus\/la-comision-europea-amplia-hasta-el-15-de-junio-la-presentacion-de-solicitudes-pac-y-flexibiliza-el-acceso-a-los-fondos-europeos-feader\/#breadcrumb","itemListElement":[{"@type":"ListItem","position":1,"name":"Inicio","item":"https:\/\/www.uaga.eus\/"},{"@type":"ListItem","position":2,"name":"La Comisi\u00f3n Europea ampl\u00eda hasta el 15 de junio la presentaci\u00f3n de solicitudes PAC, y flexibiliza el acceso a los fondos europeos FEADER"}]},{"@type":"WebSite","@id":"https:\/\/www.uaga.eus\/#website","url":"https:\/\/www.uaga.eus\/","name":"UAGA","description":"Uni\u00f3n Agroganadera de \u00c1lava - Araba Nekazarien Elkartea","potentialAction":[{"@type":"SearchAction","target":{"@type":"EntryPoint","urlTemplate":"https:\/\/www.uaga.eus\/?s={search_term_string}"},"query-input":"required name=search_term_string"}],"inLanguage":"eu"},{"@type":"Person","@id":"https:\/\/www.uaga.eus\/#\/schema\/person\/48c3cbf0f33d1b788226dbb6518689cf","name":"Blanca S\u00e1nchez","image":{"@type":"ImageObject","inLanguage":"eu","@id":"https:\/\/www.uaga.eus\/#\/schema\/person\/image\/","url":"https:\/\/secure.gravatar.com\/avatar\/0dc91c20648254b1ce84877283f6751b?s=96&d=mm&r=g","contentUrl":"https:\/\/secure.gravatar.com\/avatar\/0dc91c20648254b1ce84877283f6751b?s=96&d=mm&r=g","caption":"Blanca S\u00e1nchez"},"url":"https:\/\/www.uaga.eus\/eu\/author\/bsanchez\/"}]}},"_links":{"self":[{"href":"https:\/\/www.uaga.eus\/eu\/wp-json\/wp\/v2\/posts\/7197"}],"collection":[{"href":"https:\/\/www.uaga.eus\/eu\/wp-json\/wp\/v2\/posts"}],"about":[{"href":"https:\/\/www.uaga.eus\/eu\/wp-json\/wp\/v2\/types\/post"}],"author":[{"embeddable":true,"href":"https:\/\/www.uaga.eus\/eu\/wp-json\/wp\/v2\/users\/4"}],"replies":[{"embeddable":true,"href":"https:\/\/www.uaga.eus\/eu\/wp-json\/wp\/v2\/comments?post=7197"}],"version-history":[{"count":2,"href":"https:\/\/www.uaga.eus\/eu\/wp-json\/wp\/v2\/posts\/7197\/revisions"}],"predecessor-version":[{"id":7199,"href":"https:\/\/www.uaga.eus\/eu\/wp-json\/wp\/v2\/posts\/7197\/revisions\/7199"}],"wp:featuredmedia":[{"embeddable":true,"href":"https:\/\/www.uaga.eus\/eu\/wp-json\/wp\/v2\/media\/5900"}],"wp:attachment":[{"href":"https:\/\/www.uaga.eus\/eu\/wp-json\/wp\/v2\/media?parent=7197"}],"wp:term":[{"taxonomy":"category","embeddable":true,"href":"https:\/\/www.uaga.eus\/eu\/wp-json\/wp\/v2\/categories?post=7197"},{"taxonomy":"post_tag","embeddable":true,"href":"https:\/\/www.uaga.eus\/eu\/wp-json\/wp\/v2\/tags?post=7197"}],"curies":[{"name":"wp","href":"https:\/\/api.w.org\/{rel}","templated":true}]}}