{"id":7192,"date":"2020-04-08T11:38:49","date_gmt":"2020-04-08T11:38:49","guid":{"rendered":"https:\/\/www.uaga.eus\/?p=7192"},"modified":"2020-04-08T11:38:49","modified_gmt":"2020-04-08T11:38:49","slug":"se-activan-iniciativas-de-recogida-y-comercializacion-de-productos-con-dificultades-de-venta-debido-a-la-crisis-del-covid-19-impulsado-por-el-gobierno-vasco-con-la-colaboracion-de-uaga","status":"publish","type":"post","link":"https:\/\/www.uaga.eus\/eu\/se-activan-iniciativas-de-recogida-y-comercializacion-de-productos-con-dificultades-de-venta-debido-a-la-crisis-del-covid-19-impulsado-por-el-gobierno-vasco-con-la-colaboracion-de-uaga\/","title":{"rendered":"Se activan iniciativas de recogida y comercializaci\u00f3n de productos con dificultades de venta debido a la crisis del Covid-19, impulsado por el Gobierno Vasco con la colaboraci\u00f3n de UAGA"},"content":{"rendered":"<p>El Gobierno Vasco, a trav\u00e9s de HAZI, las tres Diputaciones Forales y la colaboraci\u00f3n de UAGA adem\u00e1s de otros agentes del sector, han puesto en marcha numerosas iniciativas para tratar de dar salida al mercado a productos con dificultades de comercializaci\u00f3n por el cierre de su canal habitual.<\/p>\n<p>Dada la variedad de producciones implicadas se han definido distintas estrategias para cada una de ellas:<\/p>\n<p><strong>Producci\u00f3n c\u00e1rnica de ovino, vacuno y vacuno de engorde:<\/strong><br \/>\nPor un lado, el Gobierno Vasco va a aprobar una ayuda para los costes de almacenamiento de productos agrarios que se almacenen para darles salida con posterioridad a la crisis sanitaria.<\/p>\n<p>Por otro lado, se ha llegado a un acuerdo de colaboraci\u00f3n con la cooperativa <strong>Harakai<\/strong> para la adquisici\u00f3n de cordero y vacuno de productores no socios.<\/p>\n<p>En el caso de producci\u00f3n ganadera con destino engorde, la cooperativa Harakai ofrece la posibilidad de estudiar si sus cebaderos asociados o los de gesti\u00f3n propia pueden gestionar los animales.<\/p>\n<p>Contacto Harakai Koop.: Peio Legorburu, Tfno. 944 97 03 10 &#8211; 943 89 70 00<\/p>\n<p><strong>Producci\u00f3n l\u00e1ctea<\/strong>:<br \/>\nPersonas productoras de quesos madurados de larga duraci\u00f3n: En caso de necesitar espacio de almacenamiento, se han habilitado c\u00e1maras de conservaci\u00f3n a disposici\u00f3n gestionadas a trav\u00e9s de <strong>Lurrarte<\/strong>.<\/p>\n<p>Personas productoras de l\u00e1cteos de corta duraci\u00f3n: servicio de ayuda para la retirada del producto elaborado y posibilidad de venta de la leche l\u00edquida mediante la colaboraci\u00f3n de la cooperativa <strong>Kaiku<\/strong>.<br \/>\nContacto Kaiku Koop.: Juan Mari Iturrioz, Tfno. 943 33 51 33<\/p>\n<p><strong>Producci\u00f3n de huevos:<\/strong><br \/>\nPosibilidad de venta de huevos mediante la colaboraci\u00f3n de la empresa <strong>Euskaber <\/strong>S.L..<br \/>\nContacto Euskaber: Esteban Atxa, Tfno. 943 16 09 71<\/p>\n<p><strong>Producci\u00f3n de patata:<\/strong><br \/>\nEn caso de necesitar espacio de almacenamiento frigor\u00edfico, se ha llegado a un acuerdo con la cooperativa <strong>Udapa <\/strong>para ofrecer espacio en sus c\u00e1maras de conservaci\u00f3n a disposici\u00f3n del que lo necesite.<br \/>\nContacto Udapa: Alfonso Saenz de C\u00e1mara, Tfno. 945 29 03 95<\/p>\n<p>Cuando las variedades sean compatibles con su oferta, la cooperativa <strong>Garlan <\/strong>se ha ofrecido a estudiar la posible retirada de las producciones.<br \/>\nContacto Coop. Garlan: Andr\u00e9s Garc\u00eda, Tfno. 945 29 30 80- 639 71 65 91<\/p>\n<p><strong>Hort\u00edcolas<\/strong><br \/>\nGesti\u00f3n del servicio a trav\u00e9s de <strong>Lurrarte<\/strong>, que organiza la log\u00edstica de la producci\u00f3n disponible, con la implicaci\u00f3n de Barrenetxe Koop., Alberro Barazkiak S.L., Garaia Koop. y Frutas Urkola S.L. para enviar la producci\u00f3n para su comercializaci\u00f3n a Eroski Koop., Uvesco S.L., Alcampo-Simply y Carrefour.<br \/>\nContacto Lurrarte: lurrarte@lurrarte.eus, Tfno. 943 693 074 \u2013 688 643 670<\/p>\n<p><strong>Producciones sin problemas de conservaci\u00f3n a corto plazo<\/strong>: Vino, Sidra, Txakoli, Legumbres, Frutos secos, Miel, otros.<br \/>\nEn caso de que se alargue el periodo de crisis se ir\u00e1n planteando propuestas de trabajo para cada uno de los subsectores.<\/p>\n<p>En caso de que no consigas contactar con las entidades colaboradoras o en caso de no poder solucionar tu problema, el propio servicio de <strong>HAZI <\/strong>tratar\u00e1 de buscar una soluci\u00f3n:<br \/>\n<strong>Correo de reserva: promocion@hazi.eus<br \/>\nTfno. de reserva: 945 00 32 40<\/strong><\/p>\n<div>+info SUGOI: 675 707 696<\/p>\n<hr \/>\n<\/div>\n","protected":false},"excerpt":{"rendered":"<p>El Gobierno Vasco, a trav\u00e9s de HAZI, las tres Diputaciones Forales y la colaboraci\u00f3n de UAGA adem\u00e1s de otros agentes del sector, han puesto en marcha numerosas iniciativas para tratar de dar salida al mercado a productos con dificultades de comercializaci\u00f3n por el cierre de su canal habitual. Dada la variedad de producciones implicadas se [&hellip;]<\/p>\n","protected":false},"author":4,"featured_media":7193,"comment_status":"closed","ping_status":"closed","sticky":false,"template":"","format":"standard","meta":{"footnotes":""},"categories":[12,111],"tags":[],"yoast_head":"<!-- This site is optimized with the Yoast SEO plugin v21.5 - https:\/\/yoast.com\/wordpress\/plugins\/seo\/ -->\n<title>Se activan iniciativas de recogida y comercializaci\u00f3n de productos con dificultades de venta debido a la crisis del Covid-19, impulsado por el Gobierno Vasco con la colaboraci\u00f3n de UAGA - UAGA<\/title>\n<meta name=\"robots\" content=\"index, follow, max-snippet:-1, max-image-preview:large, max-video-preview:-1\" \/>\n<link rel=\"canonical\" href=\"https:\/\/www.uaga.eus\/se-activan-iniciativas-de-recogida-y-comercializacion-de-productos-con-dificultades-de-venta-debido-a-la-crisis-del-covid-19-impulsado-por-el-gobierno-vasco-con-la-colaboracion-de-uaga\/\" \/>\n<meta property=\"og:locale\" content=\"en_US\" \/>\n<meta property=\"og:type\" content=\"article\" \/>\n<meta property=\"og:title\" content=\"Se activan iniciativas de recogida y comercializaci\u00f3n de productos con dificultades de venta debido a la crisis del Covid-19, impulsado por el Gobierno Vasco con la colaboraci\u00f3n de UAGA - UAGA\" \/>\n<meta property=\"og:description\" content=\"El Gobierno Vasco, a trav\u00e9s de HAZI, las tres Diputaciones Forales y la colaboraci\u00f3n de UAGA adem\u00e1s de otros agentes del sector, han puesto en marcha numerosas iniciativas para tratar de dar salida al mercado a productos con dificultades de comercializaci\u00f3n por el cierre de su canal habitual. Dada la variedad de producciones implicadas se [&hellip;]\" \/>\n<meta property=\"og:url\" content=\"https:\/\/www.uaga.eus\/se-activan-iniciativas-de-recogida-y-comercializacion-de-productos-con-dificultades-de-venta-debido-a-la-crisis-del-covid-19-impulsado-por-el-gobierno-vasco-con-la-colaboracion-de-uaga\/\" \/>\n<meta property=\"og:site_name\" content=\"UAGA\" \/>\n<meta property=\"article:published_time\" content=\"2020-04-08T11:38:49+00:00\" \/>\n<meta property=\"og:image\" content=\"https:\/\/www.uaga.eus\/wp-content\/uploads\/2020\/04\/mercado-agrario.jpg\" \/>\n\t<meta property=\"og:image:width\" content=\"650\" \/>\n\t<meta property=\"og:image:height\" content=\"355\" \/>\n\t<meta property=\"og:image:type\" content=\"image\/jpeg\" \/>\n<meta name=\"author\" content=\"Blanca S\u00e1nchez\" \/>\n<meta name=\"twitter:card\" content=\"summary_large_image\" \/>\n<meta name=\"twitter:label1\" content=\"Written by\" \/>\n\t<meta name=\"twitter:data1\" content=\"Blanca S\u00e1nchez\" \/>\n\t<meta name=\"twitter:label2\" content=\"Est. reading time\" \/>\n\t<meta name=\"twitter:data2\" content=\"3 minutua\" \/>\n<script type=\"application\/ld+json\" class=\"yoast-schema-graph\">{\"@context\":\"https:\/\/schema.org\",\"@graph\":[{\"@type\":\"WebPage\",\"@id\":\"https:\/\/www.uaga.eus\/se-activan-iniciativas-de-recogida-y-comercializacion-de-productos-con-dificultades-de-venta-debido-a-la-crisis-del-covid-19-impulsado-por-el-gobierno-vasco-con-la-colaboracion-de-uaga\/\",\"url\":\"https:\/\/www.uaga.eus\/se-activan-iniciativas-de-recogida-y-comercializacion-de-productos-con-dificultades-de-venta-debido-a-la-crisis-del-covid-19-impulsado-por-el-gobierno-vasco-con-la-colaboracion-de-uaga\/\",\"name\":\"Se activan iniciativas de recogida y comercializaci\u00f3n de productos con dificultades de venta debido a la crisis del Covid-19, impulsado por el Gobierno Vasco con la colaboraci\u00f3n de UAGA - UAGA\",\"isPartOf\":{\"@id\":\"https:\/\/www.uaga.eus\/#website\"},\"datePublished\":\"2020-04-08T11:38:49+00:00\",\"dateModified\":\"2020-04-08T11:38:49+00:00\",\"author\":{\"@id\":\"https:\/\/www.uaga.eus\/#\/schema\/person\/48c3cbf0f33d1b788226dbb6518689cf\"},\"breadcrumb\":{\"@id\":\"https:\/\/www.uaga.eus\/se-activan-iniciativas-de-recogida-y-comercializacion-de-productos-con-dificultades-de-venta-debido-a-la-crisis-del-covid-19-impulsado-por-el-gobierno-vasco-con-la-colaboracion-de-uaga\/#breadcrumb\"},\"inLanguage\":\"eu\",\"potentialAction\":[{\"@type\":\"ReadAction\",\"target\":[\"https:\/\/www.uaga.eus\/se-activan-iniciativas-de-recogida-y-comercializacion-de-productos-con-dificultades-de-venta-debido-a-la-crisis-del-covid-19-impulsado-por-el-gobierno-vasco-con-la-colaboracion-de-uaga\/\"]}]},{\"@type\":\"BreadcrumbList\",\"@id\":\"https:\/\/www.uaga.eus\/se-activan-iniciativas-de-recogida-y-comercializacion-de-productos-con-dificultades-de-venta-debido-a-la-crisis-del-covid-19-impulsado-por-el-gobierno-vasco-con-la-colaboracion-de-uaga\/#breadcrumb\",\"itemListElement\":[{\"@type\":\"ListItem\",\"position\":1,\"name\":\"Inicio\",\"item\":\"https:\/\/www.uaga.eus\/\"},{\"@type\":\"ListItem\",\"position\":2,\"name\":\"Se activan iniciativas de recogida y comercializaci\u00f3n de productos con dificultades de venta debido a la crisis del Covid-19, impulsado por el Gobierno Vasco con la colaboraci\u00f3n de UAGA\"}]},{\"@type\":\"WebSite\",\"@id\":\"https:\/\/www.uaga.eus\/#website\",\"url\":\"https:\/\/www.uaga.eus\/\",\"name\":\"UAGA\",\"description\":\"Uni\u00f3n Agroganadera de \u00c1lava - Araba Nekazarien Elkartea\",\"potentialAction\":[{\"@type\":\"SearchAction\",\"target\":{\"@type\":\"EntryPoint\",\"urlTemplate\":\"https:\/\/www.uaga.eus\/?s={search_term_string}\"},\"query-input\":\"required name=search_term_string\"}],\"inLanguage\":\"eu\"},{\"@type\":\"Person\",\"@id\":\"https:\/\/www.uaga.eus\/#\/schema\/person\/48c3cbf0f33d1b788226dbb6518689cf\",\"name\":\"Blanca S\u00e1nchez\",\"image\":{\"@type\":\"ImageObject\",\"inLanguage\":\"eu\",\"@id\":\"https:\/\/www.uaga.eus\/#\/schema\/person\/image\/\",\"url\":\"https:\/\/secure.gravatar.com\/avatar\/0dc91c20648254b1ce84877283f6751b?s=96&d=mm&r=g\",\"contentUrl\":\"https:\/\/secure.gravatar.com\/avatar\/0dc91c20648254b1ce84877283f6751b?s=96&d=mm&r=g\",\"caption\":\"Blanca S\u00e1nchez\"},\"url\":\"https:\/\/www.uaga.eus\/eu\/author\/bsanchez\/\"}]}<\/script>\n<!-- \/ Yoast SEO plugin. -->","yoast_head_json":{"title":"Se activan iniciativas de recogida y comercializaci\u00f3n de productos con dificultades de venta debido a la crisis del Covid-19, impulsado por el Gobierno Vasco con la colaboraci\u00f3n de UAGA - UAGA","robots":{"index":"index","follow":"follow","max-snippet":"max-snippet:-1","max-image-preview":"max-image-preview:large","max-video-preview":"max-video-preview:-1"},"canonical":"https:\/\/www.uaga.eus\/se-activan-iniciativas-de-recogida-y-comercializacion-de-productos-con-dificultades-de-venta-debido-a-la-crisis-del-covid-19-impulsado-por-el-gobierno-vasco-con-la-colaboracion-de-uaga\/","og_locale":"en_US","og_type":"article","og_title":"Se activan iniciativas de recogida y comercializaci\u00f3n de productos con dificultades de venta debido a la crisis del Covid-19, impulsado por el Gobierno Vasco con la colaboraci\u00f3n de UAGA - UAGA","og_description":"El Gobierno Vasco, a trav\u00e9s de HAZI, las tres Diputaciones Forales y la colaboraci\u00f3n de UAGA adem\u00e1s de otros agentes del sector, han puesto en marcha numerosas iniciativas para tratar de dar salida al mercado a productos con dificultades de comercializaci\u00f3n por el cierre de su canal habitual. Dada la variedad de producciones implicadas se [&hellip;]","og_url":"https:\/\/www.uaga.eus\/se-activan-iniciativas-de-recogida-y-comercializacion-de-productos-con-dificultades-de-venta-debido-a-la-crisis-del-covid-19-impulsado-por-el-gobierno-vasco-con-la-colaboracion-de-uaga\/","og_site_name":"UAGA","article_published_time":"2020-04-08T11:38:49+00:00","og_image":[{"width":650,"height":355,"url":"https:\/\/www.uaga.eus\/wp-content\/uploads\/2020\/04\/mercado-agrario.jpg","type":"image\/jpeg"}],"author":"Blanca S\u00e1nchez","twitter_card":"summary_large_image","twitter_misc":{"Written by":"Blanca S\u00e1nchez","Est. reading time":"3 minutua"},"schema":{"@context":"https:\/\/schema.org","@graph":[{"@type":"WebPage","@id":"https:\/\/www.uaga.eus\/se-activan-iniciativas-de-recogida-y-comercializacion-de-productos-con-dificultades-de-venta-debido-a-la-crisis-del-covid-19-impulsado-por-el-gobierno-vasco-con-la-colaboracion-de-uaga\/","url":"https:\/\/www.uaga.eus\/se-activan-iniciativas-de-recogida-y-comercializacion-de-productos-con-dificultades-de-venta-debido-a-la-crisis-del-covid-19-impulsado-por-el-gobierno-vasco-con-la-colaboracion-de-uaga\/","name":"Se activan iniciativas de recogida y comercializaci\u00f3n de productos con dificultades de venta debido a la crisis del Covid-19, impulsado por el Gobierno Vasco con la colaboraci\u00f3n de UAGA - UAGA","isPartOf":{"@id":"https:\/\/www.uaga.eus\/#website"},"datePublished":"2020-04-08T11:38:49+00:00","dateModified":"2020-04-08T11:38:49+00:00","author":{"@id":"https:\/\/www.uaga.eus\/#\/schema\/person\/48c3cbf0f33d1b788226dbb6518689cf"},"breadcrumb":{"@id":"https:\/\/www.uaga.eus\/se-activan-iniciativas-de-recogida-y-comercializacion-de-productos-con-dificultades-de-venta-debido-a-la-crisis-del-covid-19-impulsado-por-el-gobierno-vasco-con-la-colaboracion-de-uaga\/#breadcrumb"},"inLanguage":"eu","potentialAction":[{"@type":"ReadAction","target":["https:\/\/www.uaga.eus\/se-activan-iniciativas-de-recogida-y-comercializacion-de-productos-con-dificultades-de-venta-debido-a-la-crisis-del-covid-19-impulsado-por-el-gobierno-vasco-con-la-colaboracion-de-uaga\/"]}]},{"@type":"BreadcrumbList","@id":"https:\/\/www.uaga.eus\/se-activan-iniciativas-de-recogida-y-comercializacion-de-productos-con-dificultades-de-venta-debido-a-la-crisis-del-covid-19-impulsado-por-el-gobierno-vasco-con-la-colaboracion-de-uaga\/#breadcrumb","itemListElement":[{"@type":"ListItem","position":1,"name":"Inicio","item":"https:\/\/www.uaga.eus\/"},{"@type":"ListItem","position":2,"name":"Se activan iniciativas de recogida y comercializaci\u00f3n de productos con dificultades de venta debido a la crisis del Covid-19, impulsado por el Gobierno Vasco con la colaboraci\u00f3n de UAGA"}]},{"@type":"WebSite","@id":"https:\/\/www.uaga.eus\/#website","url":"https:\/\/www.uaga.eus\/","name":"UAGA","description":"Uni\u00f3n Agroganadera de \u00c1lava - Araba Nekazarien Elkartea","potentialAction":[{"@type":"SearchAction","target":{"@type":"EntryPoint","urlTemplate":"https:\/\/www.uaga.eus\/?s={search_term_string}"},"query-input":"required name=search_term_string"}],"inLanguage":"eu"},{"@type":"Person","@id":"https:\/\/www.uaga.eus\/#\/schema\/person\/48c3cbf0f33d1b788226dbb6518689cf","name":"Blanca S\u00e1nchez","image":{"@type":"ImageObject","inLanguage":"eu","@id":"https:\/\/www.uaga.eus\/#\/schema\/person\/image\/","url":"https:\/\/secure.gravatar.com\/avatar\/0dc91c20648254b1ce84877283f6751b?s=96&d=mm&r=g","contentUrl":"https:\/\/secure.gravatar.com\/avatar\/0dc91c20648254b1ce84877283f6751b?s=96&d=mm&r=g","caption":"Blanca S\u00e1nchez"},"url":"https:\/\/www.uaga.eus\/eu\/author\/bsanchez\/"}]}},"_links":{"self":[{"href":"https:\/\/www.uaga.eus\/eu\/wp-json\/wp\/v2\/posts\/7192"}],"collection":[{"href":"https:\/\/www.uaga.eus\/eu\/wp-json\/wp\/v2\/posts"}],"about":[{"href":"https:\/\/www.uaga.eus\/eu\/wp-json\/wp\/v2\/types\/post"}],"author":[{"embeddable":true,"href":"https:\/\/www.uaga.eus\/eu\/wp-json\/wp\/v2\/users\/4"}],"replies":[{"embeddable":true,"href":"https:\/\/www.uaga.eus\/eu\/wp-json\/wp\/v2\/comments?post=7192"}],"version-history":[{"count":1,"href":"https:\/\/www.uaga.eus\/eu\/wp-json\/wp\/v2\/posts\/7192\/revisions"}],"predecessor-version":[{"id":7194,"href":"https:\/\/www.uaga.eus\/eu\/wp-json\/wp\/v2\/posts\/7192\/revisions\/7194"}],"wp:featuredmedia":[{"embeddable":true,"href":"https:\/\/www.uaga.eus\/eu\/wp-json\/wp\/v2\/media\/7193"}],"wp:attachment":[{"href":"https:\/\/www.uaga.eus\/eu\/wp-json\/wp\/v2\/media?parent=7192"}],"wp:term":[{"taxonomy":"category","embeddable":true,"href":"https:\/\/www.uaga.eus\/eu\/wp-json\/wp\/v2\/categories?post=7192"},{"taxonomy":"post_tag","embeddable":true,"href":"https:\/\/www.uaga.eus\/eu\/wp-json\/wp\/v2\/tags?post=7192"}],"curies":[{"name":"wp","href":"https:\/\/api.w.org\/{rel}","templated":true}]}}