{"id":7188,"date":"2020-04-08T11:34:36","date_gmt":"2020-04-08T11:34:36","guid":{"rendered":"https:\/\/www.uaga.eus\/?p=7188"},"modified":"2020-05-11T09:58:11","modified_gmt":"2020-05-11T09:58:11","slug":"el-gobierno-aprueba-medidas-urgentes-para-favorecer-la-contratacion-temporal-de-trabajadores-en-el-sector-agrario","status":"publish","type":"post","link":"https:\/\/www.uaga.eus\/eu\/el-gobierno-aprueba-medidas-urgentes-para-favorecer-la-contratacion-temporal-de-trabajadores-en-el-sector-agrario\/","title":{"rendered":"El Gobierno aprueba medidas urgentes para favorecer la contrataci\u00f3n temporal de trabajadores en el sector agrario"},"content":{"rendered":"<p>El Consejo de Ministros ha aprobado esta semana un Decreto-Ley por el que se aprueban medidas urgentes de cara\u0301cter temporal en materia de empleo agrario, que permitira\u0301n garantizar la disponibilidad de mano de obra para hacer frente a las necesidades de agricultores y ganaderos.<\/p>\n<p>El objetivo es asegurar las labores agrarias b\u00e1sicas en las explotaciones y el abastecimiento de la poblaci\u00f3n, ante la disminuci\u00f3n acusada de la oferta de mano de obra que habitualmente realiza labores agrarias como son las personas temporeras, por limitaciones sanitarias a los viajes desde sus pa\u00edses de origen como consecuencia del COVID-19<\/p>\n<p>Las medidas favorecen la contrataci\u00f3n temporal de trabajadores en el sector agrario mediante el establecimiento de medidas extraordinarias de flexibilizaci\u00f3n del empleo, de car\u00e1cter social y laboral.<\/p>\n<p>Estas medidas urgentes permiten la compatibilizaci\u00f3n de la prestaci\u00f3n por desempleo o dem\u00e1s prestaciones de car\u00e1cter social o laboral, con el desempe\u00f1o de tareas agrarias, de modo que se logre suficiente mano de obra en la actual coyuntura por parte de la poblaci\u00f3n cercana a los lugares de cultivo y el aumento de la renta disponible en un momento de especial vulnerabilidad, sin mermar la protecci\u00f3n social y la salud p\u00fablica.<\/p>\n<p>Podr\u00e1n ser beneficiarios de las medidas de flexibilizaci\u00f3n temporal las personas que se encuentren en situaci\u00f3n de desempleo, en situaci\u00f3n de cese de actividad o cuyos contratos se hayan visto temporalmente suspendidos, como consecuencia del cierre temporal de la actividad, excepto los trabajadores afectados por los ERTEs con causa del COVID-19.<\/p>\n<p>Tambi\u00e9n podr\u00e1n acceder a estos trabajos aquellas personas migrantes cuyo permiso de trabajo concluya en el periodo comprendido entre la declaraci\u00f3n del estado de alarma y el 30 de junio de 2020.<\/p>\n<p>Es requisito para el empresario la necesidad de asegurar, en todo momento, la disponibilidad de medios de prevenci\u00f3n apropiados frente al COVID-19.<\/p>\n<p>Puedes consultar el Decreto <a href=\"https:\/\/www.boe.es\/boe\/dias\/2020\/04\/08\/pdfs\/BOE-A-2020-4332.pdf\" target=\"_blank\" rel=\"noopener\" data-cke-saved-href=\"https:\/\/www.boe.es\/boe\/dias\/2020\/04\/08\/pdfs\/BOE-A-2020-4332.pdf\">aqu\u00ed<\/a>.<\/p>\n<p>+ info\u00a0 NURIA: 661 595 811<\/p>\n<div>\n<hr \/>\n<\/div>\n","protected":false},"excerpt":{"rendered":"<p>El Consejo de Ministros ha aprobado esta semana un Decreto-Ley por el que se aprueban medidas urgentes de cara\u0301cter temporal en materia de empleo agrario, que permitira\u0301n garantizar la disponibilidad de mano de obra para hacer frente a las necesidades de agricultores y ganaderos. El objetivo es asegurar las labores agrarias b\u00e1sicas en las explotaciones [&hellip;]<\/p>\n","protected":false},"author":4,"featured_media":7178,"comment_status":"closed","ping_status":"closed","sticky":false,"template":"","format":"standard","meta":{"footnotes":""},"categories":[111,9],"tags":[],"yoast_head":"<!-- This site is optimized with the Yoast SEO plugin v21.5 - https:\/\/yoast.com\/wordpress\/plugins\/seo\/ -->\n<title>El Gobierno aprueba medidas urgentes para favorecer la contrataci\u00f3n temporal de trabajadores en el sector agrario - UAGA<\/title>\n<meta name=\"robots\" content=\"index, follow, max-snippet:-1, max-image-preview:large, max-video-preview:-1\" \/>\n<link rel=\"canonical\" href=\"https:\/\/www.uaga.eus\/el-gobierno-aprueba-medidas-urgentes-para-favorecer-la-contratacion-temporal-de-trabajadores-en-el-sector-agrario\/\" \/>\n<meta property=\"og:locale\" content=\"en_US\" \/>\n<meta property=\"og:type\" content=\"article\" \/>\n<meta property=\"og:title\" content=\"El Gobierno aprueba medidas urgentes para favorecer la contrataci\u00f3n temporal de trabajadores en el sector agrario - UAGA\" \/>\n<meta property=\"og:description\" content=\"El Consejo de Ministros ha aprobado esta semana un Decreto-Ley por el que se aprueban medidas urgentes de cara\u0301cter temporal en materia de empleo agrario, que permitira\u0301n garantizar la disponibilidad de mano de obra para hacer frente a las necesidades de agricultores y ganaderos. El objetivo es asegurar las labores agrarias b\u00e1sicas en las explotaciones [&hellip;]\" \/>\n<meta property=\"og:url\" content=\"https:\/\/www.uaga.eus\/el-gobierno-aprueba-medidas-urgentes-para-favorecer-la-contratacion-temporal-de-trabajadores-en-el-sector-agrario\/\" \/>\n<meta property=\"og:site_name\" content=\"UAGA\" \/>\n<meta property=\"article:published_time\" content=\"2020-04-08T11:34:36+00:00\" \/>\n<meta property=\"article:modified_time\" content=\"2020-05-11T09:58:11+00:00\" \/>\n<meta property=\"og:image\" content=\"https:\/\/www.uaga.eus\/wp-content\/uploads\/2020\/04\/temporero-en-vi\u00f1a-e1586345656885.jpg\" \/>\n\t<meta property=\"og:image:width\" content=\"700\" \/>\n\t<meta property=\"og:image:height\" content=\"350\" \/>\n\t<meta property=\"og:image:type\" content=\"image\/jpeg\" \/>\n<meta name=\"author\" content=\"Blanca S\u00e1nchez\" \/>\n<meta name=\"twitter:card\" content=\"summary_large_image\" \/>\n<meta name=\"twitter:label1\" content=\"Written by\" \/>\n\t<meta name=\"twitter:data1\" content=\"Blanca S\u00e1nchez\" \/>\n\t<meta name=\"twitter:label2\" content=\"Est. reading time\" \/>\n\t<meta name=\"twitter:data2\" content=\"2 minutua\" \/>\n<script type=\"application\/ld+json\" class=\"yoast-schema-graph\">{\"@context\":\"https:\/\/schema.org\",\"@graph\":[{\"@type\":\"WebPage\",\"@id\":\"https:\/\/www.uaga.eus\/el-gobierno-aprueba-medidas-urgentes-para-favorecer-la-contratacion-temporal-de-trabajadores-en-el-sector-agrario\/\",\"url\":\"https:\/\/www.uaga.eus\/el-gobierno-aprueba-medidas-urgentes-para-favorecer-la-contratacion-temporal-de-trabajadores-en-el-sector-agrario\/\",\"name\":\"El Gobierno aprueba medidas urgentes para favorecer la contrataci\u00f3n temporal de trabajadores en el sector agrario - UAGA\",\"isPartOf\":{\"@id\":\"https:\/\/www.uaga.eus\/#website\"},\"datePublished\":\"2020-04-08T11:34:36+00:00\",\"dateModified\":\"2020-05-11T09:58:11+00:00\",\"author\":{\"@id\":\"https:\/\/www.uaga.eus\/#\/schema\/person\/48c3cbf0f33d1b788226dbb6518689cf\"},\"breadcrumb\":{\"@id\":\"https:\/\/www.uaga.eus\/el-gobierno-aprueba-medidas-urgentes-para-favorecer-la-contratacion-temporal-de-trabajadores-en-el-sector-agrario\/#breadcrumb\"},\"inLanguage\":\"eu\",\"potentialAction\":[{\"@type\":\"ReadAction\",\"target\":[\"https:\/\/www.uaga.eus\/el-gobierno-aprueba-medidas-urgentes-para-favorecer-la-contratacion-temporal-de-trabajadores-en-el-sector-agrario\/\"]}]},{\"@type\":\"BreadcrumbList\",\"@id\":\"https:\/\/www.uaga.eus\/el-gobierno-aprueba-medidas-urgentes-para-favorecer-la-contratacion-temporal-de-trabajadores-en-el-sector-agrario\/#breadcrumb\",\"itemListElement\":[{\"@type\":\"ListItem\",\"position\":1,\"name\":\"Inicio\",\"item\":\"https:\/\/www.uaga.eus\/\"},{\"@type\":\"ListItem\",\"position\":2,\"name\":\"El Gobierno aprueba medidas urgentes para favorecer la contrataci\u00f3n temporal de trabajadores en el sector agrario\"}]},{\"@type\":\"WebSite\",\"@id\":\"https:\/\/www.uaga.eus\/#website\",\"url\":\"https:\/\/www.uaga.eus\/\",\"name\":\"UAGA\",\"description\":\"Uni\u00f3n Agroganadera de \u00c1lava - Araba Nekazarien Elkartea\",\"potentialAction\":[{\"@type\":\"SearchAction\",\"target\":{\"@type\":\"EntryPoint\",\"urlTemplate\":\"https:\/\/www.uaga.eus\/?s={search_term_string}\"},\"query-input\":\"required name=search_term_string\"}],\"inLanguage\":\"eu\"},{\"@type\":\"Person\",\"@id\":\"https:\/\/www.uaga.eus\/#\/schema\/person\/48c3cbf0f33d1b788226dbb6518689cf\",\"name\":\"Blanca S\u00e1nchez\",\"image\":{\"@type\":\"ImageObject\",\"inLanguage\":\"eu\",\"@id\":\"https:\/\/www.uaga.eus\/#\/schema\/person\/image\/\",\"url\":\"https:\/\/secure.gravatar.com\/avatar\/0dc91c20648254b1ce84877283f6751b?s=96&d=mm&r=g\",\"contentUrl\":\"https:\/\/secure.gravatar.com\/avatar\/0dc91c20648254b1ce84877283f6751b?s=96&d=mm&r=g\",\"caption\":\"Blanca S\u00e1nchez\"},\"url\":\"https:\/\/www.uaga.eus\/eu\/author\/bsanchez\/\"}]}<\/script>\n<!-- \/ Yoast SEO plugin. -->","yoast_head_json":{"title":"El Gobierno aprueba medidas urgentes para favorecer la contrataci\u00f3n temporal de trabajadores en el sector agrario - UAGA","robots":{"index":"index","follow":"follow","max-snippet":"max-snippet:-1","max-image-preview":"max-image-preview:large","max-video-preview":"max-video-preview:-1"},"canonical":"https:\/\/www.uaga.eus\/el-gobierno-aprueba-medidas-urgentes-para-favorecer-la-contratacion-temporal-de-trabajadores-en-el-sector-agrario\/","og_locale":"en_US","og_type":"article","og_title":"El Gobierno aprueba medidas urgentes para favorecer la contrataci\u00f3n temporal de trabajadores en el sector agrario - UAGA","og_description":"El Consejo de Ministros ha aprobado esta semana un Decreto-Ley por el que se aprueban medidas urgentes de cara\u0301cter temporal en materia de empleo agrario, que permitira\u0301n garantizar la disponibilidad de mano de obra para hacer frente a las necesidades de agricultores y ganaderos. El objetivo es asegurar las labores agrarias b\u00e1sicas en las explotaciones [&hellip;]","og_url":"https:\/\/www.uaga.eus\/el-gobierno-aprueba-medidas-urgentes-para-favorecer-la-contratacion-temporal-de-trabajadores-en-el-sector-agrario\/","og_site_name":"UAGA","article_published_time":"2020-04-08T11:34:36+00:00","article_modified_time":"2020-05-11T09:58:11+00:00","og_image":[{"width":700,"height":350,"url":"https:\/\/www.uaga.eus\/wp-content\/uploads\/2020\/04\/temporero-en-vi\u00f1a-e1586345656885.jpg","type":"image\/jpeg"}],"author":"Blanca S\u00e1nchez","twitter_card":"summary_large_image","twitter_misc":{"Written by":"Blanca S\u00e1nchez","Est. reading time":"2 minutua"},"schema":{"@context":"https:\/\/schema.org","@graph":[{"@type":"WebPage","@id":"https:\/\/www.uaga.eus\/el-gobierno-aprueba-medidas-urgentes-para-favorecer-la-contratacion-temporal-de-trabajadores-en-el-sector-agrario\/","url":"https:\/\/www.uaga.eus\/el-gobierno-aprueba-medidas-urgentes-para-favorecer-la-contratacion-temporal-de-trabajadores-en-el-sector-agrario\/","name":"El Gobierno aprueba medidas urgentes para favorecer la contrataci\u00f3n temporal de trabajadores en el sector agrario - UAGA","isPartOf":{"@id":"https:\/\/www.uaga.eus\/#website"},"datePublished":"2020-04-08T11:34:36+00:00","dateModified":"2020-05-11T09:58:11+00:00","author":{"@id":"https:\/\/www.uaga.eus\/#\/schema\/person\/48c3cbf0f33d1b788226dbb6518689cf"},"breadcrumb":{"@id":"https:\/\/www.uaga.eus\/el-gobierno-aprueba-medidas-urgentes-para-favorecer-la-contratacion-temporal-de-trabajadores-en-el-sector-agrario\/#breadcrumb"},"inLanguage":"eu","potentialAction":[{"@type":"ReadAction","target":["https:\/\/www.uaga.eus\/el-gobierno-aprueba-medidas-urgentes-para-favorecer-la-contratacion-temporal-de-trabajadores-en-el-sector-agrario\/"]}]},{"@type":"BreadcrumbList","@id":"https:\/\/www.uaga.eus\/el-gobierno-aprueba-medidas-urgentes-para-favorecer-la-contratacion-temporal-de-trabajadores-en-el-sector-agrario\/#breadcrumb","itemListElement":[{"@type":"ListItem","position":1,"name":"Inicio","item":"https:\/\/www.uaga.eus\/"},{"@type":"ListItem","position":2,"name":"El Gobierno aprueba medidas urgentes para favorecer la contrataci\u00f3n temporal de trabajadores en el sector agrario"}]},{"@type":"WebSite","@id":"https:\/\/www.uaga.eus\/#website","url":"https:\/\/www.uaga.eus\/","name":"UAGA","description":"Uni\u00f3n Agroganadera de \u00c1lava - Araba Nekazarien Elkartea","potentialAction":[{"@type":"SearchAction","target":{"@type":"EntryPoint","urlTemplate":"https:\/\/www.uaga.eus\/?s={search_term_string}"},"query-input":"required name=search_term_string"}],"inLanguage":"eu"},{"@type":"Person","@id":"https:\/\/www.uaga.eus\/#\/schema\/person\/48c3cbf0f33d1b788226dbb6518689cf","name":"Blanca S\u00e1nchez","image":{"@type":"ImageObject","inLanguage":"eu","@id":"https:\/\/www.uaga.eus\/#\/schema\/person\/image\/","url":"https:\/\/secure.gravatar.com\/avatar\/0dc91c20648254b1ce84877283f6751b?s=96&d=mm&r=g","contentUrl":"https:\/\/secure.gravatar.com\/avatar\/0dc91c20648254b1ce84877283f6751b?s=96&d=mm&r=g","caption":"Blanca S\u00e1nchez"},"url":"https:\/\/www.uaga.eus\/eu\/author\/bsanchez\/"}]}},"_links":{"self":[{"href":"https:\/\/www.uaga.eus\/eu\/wp-json\/wp\/v2\/posts\/7188"}],"collection":[{"href":"https:\/\/www.uaga.eus\/eu\/wp-json\/wp\/v2\/posts"}],"about":[{"href":"https:\/\/www.uaga.eus\/eu\/wp-json\/wp\/v2\/types\/post"}],"author":[{"embeddable":true,"href":"https:\/\/www.uaga.eus\/eu\/wp-json\/wp\/v2\/users\/4"}],"replies":[{"embeddable":true,"href":"https:\/\/www.uaga.eus\/eu\/wp-json\/wp\/v2\/comments?post=7188"}],"version-history":[{"count":2,"href":"https:\/\/www.uaga.eus\/eu\/wp-json\/wp\/v2\/posts\/7188\/revisions"}],"predecessor-version":[{"id":7423,"href":"https:\/\/www.uaga.eus\/eu\/wp-json\/wp\/v2\/posts\/7188\/revisions\/7423"}],"wp:featuredmedia":[{"embeddable":true,"href":"https:\/\/www.uaga.eus\/eu\/wp-json\/wp\/v2\/media\/7178"}],"wp:attachment":[{"href":"https:\/\/www.uaga.eus\/eu\/wp-json\/wp\/v2\/media?parent=7188"}],"wp:term":[{"taxonomy":"category","embeddable":true,"href":"https:\/\/www.uaga.eus\/eu\/wp-json\/wp\/v2\/categories?post=7188"},{"taxonomy":"post_tag","embeddable":true,"href":"https:\/\/www.uaga.eus\/eu\/wp-json\/wp\/v2\/tags?post=7188"}],"curies":[{"name":"wp","href":"https:\/\/api.w.org\/{rel}","templated":true}]}}