{"id":7149,"date":"2020-04-03T12:39:56","date_gmt":"2020-04-03T12:39:56","guid":{"rendered":"https:\/\/www.uaga.eus\/?p=7149"},"modified":"2020-04-03T12:39:56","modified_gmt":"2020-04-03T12:39:56","slug":"coag-solicita-al-gobierno-implicacion-y-compromiso-ante-la-dificultad-del-sector-agrario-para-la-contratacion-de-personas-trabajadoras-temporeras-para-las-proximas-campanas","status":"publish","type":"post","link":"https:\/\/www.uaga.eus\/eu\/coag-solicita-al-gobierno-implicacion-y-compromiso-ante-la-dificultad-del-sector-agrario-para-la-contratacion-de-personas-trabajadoras-temporeras-para-las-proximas-campanas\/","title":{"rendered":"COAG solicita al Gobierno implicaci\u00f3n y compromiso ante la dificultad del sector agrario para la contrataci\u00f3n de personas trabajadoras temporeras para las pr\u00f3ximas campa\u00f1as"},"content":{"rendered":"<p>Existe un grave problema relacionado con la falta de mano de obra como consecuencia de la pandemia que sufrimos por el COVID-19 y las medidas restrictivas impuestas. COAG estima la necesidad en todo el estado de 100.000 personas para llevar a cabo las campa\u00f1as m\u00e1s inmediatas de abril, mayo y junio.<\/p>\n<p>COAG solicita al Ministerio de Trabajo y Econom\u00eda Social y al de Agricultura que se hagan efectivas las Directrices dadas por la UE relativas al ejercicio de la libre circulaci\u00f3n de trabajadores en las que excluye a los temporeros agr\u00edcolas de las restricciones de viajes durante el estado de alarma.<\/p>\n<p>Sin embargo, COAG es partidaria de apostar por una mano de obra local y de proximidad que evitar\u00eda desplazamientos y problem\u00e1ticas con los alojamientos, proponiendo que se pongan en marcha iniciativas para que las personas que est\u00e9n en paro o que se han visto inmersas en los ERTE\u2019s causados por la pandemia puedan cubrir la necesidad de mano de obra agraria de su zona y se les permita poder ser contratados por el sector sin que ello penalice ni suspenda su prestaci\u00f3n, sino que suponga un incentivo y una fuente adicional de ingresos para esas familias.<\/p>\n<p>Son necesarias medidas excepcionales para seguir produciendo y abasteciendo de alimentos a los consumidores. En este momento el sector est\u00e1 muy preocupado y son muchas las dudas que est\u00e1n surgiendo y para las que se necesita una respuesta.<\/p>\n<div>+info NURIA: 635 704 8<\/div>\n","protected":false},"excerpt":{"rendered":"<p>Existe un grave problema relacionado con la falta de mano de obra como consecuencia de la pandemia que sufrimos por el COVID-19 y las medidas restrictivas impuestas. COAG estima la necesidad en todo el estado de 100.000 personas para llevar a cabo las campa\u00f1as m\u00e1s inmediatas de abril, mayo y junio. COAG solicita al Ministerio [&hellip;]<\/p>\n","protected":false},"author":4,"featured_media":6405,"comment_status":"closed","ping_status":"closed","sticky":false,"template":"","format":"standard","meta":{"footnotes":""},"categories":[111,9],"tags":[],"yoast_head":"<!-- This site is optimized with the Yoast SEO plugin v21.5 - https:\/\/yoast.com\/wordpress\/plugins\/seo\/ -->\n<title>COAG solicita al Gobierno implicaci\u00f3n y compromiso ante la dificultad del sector agrario para la contrataci\u00f3n de personas trabajadoras temporeras para las pr\u00f3ximas campa\u00f1as - UAGA<\/title>\n<meta name=\"robots\" content=\"index, follow, max-snippet:-1, max-image-preview:large, max-video-preview:-1\" \/>\n<link rel=\"canonical\" href=\"https:\/\/www.uaga.eus\/coag-solicita-al-gobierno-implicacion-y-compromiso-ante-la-dificultad-del-sector-agrario-para-la-contratacion-de-personas-trabajadoras-temporeras-para-las-proximas-campanas\/\" \/>\n<meta property=\"og:locale\" content=\"en_US\" \/>\n<meta property=\"og:type\" content=\"article\" \/>\n<meta property=\"og:title\" content=\"COAG solicita al Gobierno implicaci\u00f3n y compromiso ante la dificultad del sector agrario para la contrataci\u00f3n de personas trabajadoras temporeras para las pr\u00f3ximas campa\u00f1as - UAGA\" \/>\n<meta property=\"og:description\" content=\"Existe un grave problema relacionado con la falta de mano de obra como consecuencia de la pandemia que sufrimos por el COVID-19 y las medidas restrictivas impuestas. COAG estima la necesidad en todo el estado de 100.000 personas para llevar a cabo las campa\u00f1as m\u00e1s inmediatas de abril, mayo y junio. COAG solicita al Ministerio [&hellip;]\" \/>\n<meta property=\"og:url\" content=\"https:\/\/www.uaga.eus\/coag-solicita-al-gobierno-implicacion-y-compromiso-ante-la-dificultad-del-sector-agrario-para-la-contratacion-de-personas-trabajadoras-temporeras-para-las-proximas-campanas\/\" \/>\n<meta property=\"og:site_name\" content=\"UAGA\" \/>\n<meta property=\"article:published_time\" content=\"2020-04-03T12:39:56+00:00\" \/>\n<meta property=\"og:image\" content=\"https:\/\/www.uaga.eus\/wp-content\/uploads\/2019\/08\/tres-temporeros.jpg\" \/>\n\t<meta property=\"og:image:width\" content=\"650\" \/>\n\t<meta property=\"og:image:height\" content=\"366\" \/>\n\t<meta property=\"og:image:type\" content=\"image\/jpeg\" \/>\n<meta name=\"author\" content=\"Blanca S\u00e1nchez\" \/>\n<meta name=\"twitter:card\" content=\"summary_large_image\" \/>\n<meta name=\"twitter:label1\" content=\"Written by\" \/>\n\t<meta name=\"twitter:data1\" content=\"Blanca S\u00e1nchez\" \/>\n\t<meta name=\"twitter:label2\" content=\"Est. reading time\" \/>\n\t<meta name=\"twitter:data2\" content=\"1 minutua\" \/>\n<script type=\"application\/ld+json\" class=\"yoast-schema-graph\">{\"@context\":\"https:\/\/schema.org\",\"@graph\":[{\"@type\":\"WebPage\",\"@id\":\"https:\/\/www.uaga.eus\/coag-solicita-al-gobierno-implicacion-y-compromiso-ante-la-dificultad-del-sector-agrario-para-la-contratacion-de-personas-trabajadoras-temporeras-para-las-proximas-campanas\/\",\"url\":\"https:\/\/www.uaga.eus\/coag-solicita-al-gobierno-implicacion-y-compromiso-ante-la-dificultad-del-sector-agrario-para-la-contratacion-de-personas-trabajadoras-temporeras-para-las-proximas-campanas\/\",\"name\":\"COAG solicita al Gobierno implicaci\u00f3n y compromiso ante la dificultad del sector agrario para la contrataci\u00f3n de personas trabajadoras temporeras para las pr\u00f3ximas campa\u00f1as - UAGA\",\"isPartOf\":{\"@id\":\"https:\/\/www.uaga.eus\/#website\"},\"datePublished\":\"2020-04-03T12:39:56+00:00\",\"dateModified\":\"2020-04-03T12:39:56+00:00\",\"author\":{\"@id\":\"https:\/\/www.uaga.eus\/#\/schema\/person\/48c3cbf0f33d1b788226dbb6518689cf\"},\"breadcrumb\":{\"@id\":\"https:\/\/www.uaga.eus\/coag-solicita-al-gobierno-implicacion-y-compromiso-ante-la-dificultad-del-sector-agrario-para-la-contratacion-de-personas-trabajadoras-temporeras-para-las-proximas-campanas\/#breadcrumb\"},\"inLanguage\":\"eu\",\"potentialAction\":[{\"@type\":\"ReadAction\",\"target\":[\"https:\/\/www.uaga.eus\/coag-solicita-al-gobierno-implicacion-y-compromiso-ante-la-dificultad-del-sector-agrario-para-la-contratacion-de-personas-trabajadoras-temporeras-para-las-proximas-campanas\/\"]}]},{\"@type\":\"BreadcrumbList\",\"@id\":\"https:\/\/www.uaga.eus\/coag-solicita-al-gobierno-implicacion-y-compromiso-ante-la-dificultad-del-sector-agrario-para-la-contratacion-de-personas-trabajadoras-temporeras-para-las-proximas-campanas\/#breadcrumb\",\"itemListElement\":[{\"@type\":\"ListItem\",\"position\":1,\"name\":\"Inicio\",\"item\":\"https:\/\/www.uaga.eus\/\"},{\"@type\":\"ListItem\",\"position\":2,\"name\":\"COAG solicita al Gobierno implicaci\u00f3n y compromiso ante la dificultad del sector agrario para la contrataci\u00f3n de personas trabajadoras temporeras para las pr\u00f3ximas campa\u00f1as\"}]},{\"@type\":\"WebSite\",\"@id\":\"https:\/\/www.uaga.eus\/#website\",\"url\":\"https:\/\/www.uaga.eus\/\",\"name\":\"UAGA\",\"description\":\"Uni\u00f3n Agroganadera de \u00c1lava - Araba Nekazarien Elkartea\",\"potentialAction\":[{\"@type\":\"SearchAction\",\"target\":{\"@type\":\"EntryPoint\",\"urlTemplate\":\"https:\/\/www.uaga.eus\/?s={search_term_string}\"},\"query-input\":\"required name=search_term_string\"}],\"inLanguage\":\"eu\"},{\"@type\":\"Person\",\"@id\":\"https:\/\/www.uaga.eus\/#\/schema\/person\/48c3cbf0f33d1b788226dbb6518689cf\",\"name\":\"Blanca S\u00e1nchez\",\"image\":{\"@type\":\"ImageObject\",\"inLanguage\":\"eu\",\"@id\":\"https:\/\/www.uaga.eus\/#\/schema\/person\/image\/\",\"url\":\"https:\/\/secure.gravatar.com\/avatar\/0dc91c20648254b1ce84877283f6751b?s=96&d=mm&r=g\",\"contentUrl\":\"https:\/\/secure.gravatar.com\/avatar\/0dc91c20648254b1ce84877283f6751b?s=96&d=mm&r=g\",\"caption\":\"Blanca S\u00e1nchez\"},\"url\":\"https:\/\/www.uaga.eus\/eu\/author\/bsanchez\/\"}]}<\/script>\n<!-- \/ Yoast SEO plugin. -->","yoast_head_json":{"title":"COAG solicita al Gobierno implicaci\u00f3n y compromiso ante la dificultad del sector agrario para la contrataci\u00f3n de personas trabajadoras temporeras para las pr\u00f3ximas campa\u00f1as - UAGA","robots":{"index":"index","follow":"follow","max-snippet":"max-snippet:-1","max-image-preview":"max-image-preview:large","max-video-preview":"max-video-preview:-1"},"canonical":"https:\/\/www.uaga.eus\/coag-solicita-al-gobierno-implicacion-y-compromiso-ante-la-dificultad-del-sector-agrario-para-la-contratacion-de-personas-trabajadoras-temporeras-para-las-proximas-campanas\/","og_locale":"en_US","og_type":"article","og_title":"COAG solicita al Gobierno implicaci\u00f3n y compromiso ante la dificultad del sector agrario para la contrataci\u00f3n de personas trabajadoras temporeras para las pr\u00f3ximas campa\u00f1as - UAGA","og_description":"Existe un grave problema relacionado con la falta de mano de obra como consecuencia de la pandemia que sufrimos por el COVID-19 y las medidas restrictivas impuestas. COAG estima la necesidad en todo el estado de 100.000 personas para llevar a cabo las campa\u00f1as m\u00e1s inmediatas de abril, mayo y junio. COAG solicita al Ministerio [&hellip;]","og_url":"https:\/\/www.uaga.eus\/coag-solicita-al-gobierno-implicacion-y-compromiso-ante-la-dificultad-del-sector-agrario-para-la-contratacion-de-personas-trabajadoras-temporeras-para-las-proximas-campanas\/","og_site_name":"UAGA","article_published_time":"2020-04-03T12:39:56+00:00","og_image":[{"width":650,"height":366,"url":"https:\/\/www.uaga.eus\/wp-content\/uploads\/2019\/08\/tres-temporeros.jpg","type":"image\/jpeg"}],"author":"Blanca S\u00e1nchez","twitter_card":"summary_large_image","twitter_misc":{"Written by":"Blanca S\u00e1nchez","Est. reading time":"1 minutua"},"schema":{"@context":"https:\/\/schema.org","@graph":[{"@type":"WebPage","@id":"https:\/\/www.uaga.eus\/coag-solicita-al-gobierno-implicacion-y-compromiso-ante-la-dificultad-del-sector-agrario-para-la-contratacion-de-personas-trabajadoras-temporeras-para-las-proximas-campanas\/","url":"https:\/\/www.uaga.eus\/coag-solicita-al-gobierno-implicacion-y-compromiso-ante-la-dificultad-del-sector-agrario-para-la-contratacion-de-personas-trabajadoras-temporeras-para-las-proximas-campanas\/","name":"COAG solicita al Gobierno implicaci\u00f3n y compromiso ante la dificultad del sector agrario para la contrataci\u00f3n de personas trabajadoras temporeras para las pr\u00f3ximas campa\u00f1as - UAGA","isPartOf":{"@id":"https:\/\/www.uaga.eus\/#website"},"datePublished":"2020-04-03T12:39:56+00:00","dateModified":"2020-04-03T12:39:56+00:00","author":{"@id":"https:\/\/www.uaga.eus\/#\/schema\/person\/48c3cbf0f33d1b788226dbb6518689cf"},"breadcrumb":{"@id":"https:\/\/www.uaga.eus\/coag-solicita-al-gobierno-implicacion-y-compromiso-ante-la-dificultad-del-sector-agrario-para-la-contratacion-de-personas-trabajadoras-temporeras-para-las-proximas-campanas\/#breadcrumb"},"inLanguage":"eu","potentialAction":[{"@type":"ReadAction","target":["https:\/\/www.uaga.eus\/coag-solicita-al-gobierno-implicacion-y-compromiso-ante-la-dificultad-del-sector-agrario-para-la-contratacion-de-personas-trabajadoras-temporeras-para-las-proximas-campanas\/"]}]},{"@type":"BreadcrumbList","@id":"https:\/\/www.uaga.eus\/coag-solicita-al-gobierno-implicacion-y-compromiso-ante-la-dificultad-del-sector-agrario-para-la-contratacion-de-personas-trabajadoras-temporeras-para-las-proximas-campanas\/#breadcrumb","itemListElement":[{"@type":"ListItem","position":1,"name":"Inicio","item":"https:\/\/www.uaga.eus\/"},{"@type":"ListItem","position":2,"name":"COAG solicita al Gobierno implicaci\u00f3n y compromiso ante la dificultad del sector agrario para la contrataci\u00f3n de personas trabajadoras temporeras para las pr\u00f3ximas campa\u00f1as"}]},{"@type":"WebSite","@id":"https:\/\/www.uaga.eus\/#website","url":"https:\/\/www.uaga.eus\/","name":"UAGA","description":"Uni\u00f3n Agroganadera de \u00c1lava - Araba Nekazarien Elkartea","potentialAction":[{"@type":"SearchAction","target":{"@type":"EntryPoint","urlTemplate":"https:\/\/www.uaga.eus\/?s={search_term_string}"},"query-input":"required name=search_term_string"}],"inLanguage":"eu"},{"@type":"Person","@id":"https:\/\/www.uaga.eus\/#\/schema\/person\/48c3cbf0f33d1b788226dbb6518689cf","name":"Blanca S\u00e1nchez","image":{"@type":"ImageObject","inLanguage":"eu","@id":"https:\/\/www.uaga.eus\/#\/schema\/person\/image\/","url":"https:\/\/secure.gravatar.com\/avatar\/0dc91c20648254b1ce84877283f6751b?s=96&d=mm&r=g","contentUrl":"https:\/\/secure.gravatar.com\/avatar\/0dc91c20648254b1ce84877283f6751b?s=96&d=mm&r=g","caption":"Blanca S\u00e1nchez"},"url":"https:\/\/www.uaga.eus\/eu\/author\/bsanchez\/"}]}},"_links":{"self":[{"href":"https:\/\/www.uaga.eus\/eu\/wp-json\/wp\/v2\/posts\/7149"}],"collection":[{"href":"https:\/\/www.uaga.eus\/eu\/wp-json\/wp\/v2\/posts"}],"about":[{"href":"https:\/\/www.uaga.eus\/eu\/wp-json\/wp\/v2\/types\/post"}],"author":[{"embeddable":true,"href":"https:\/\/www.uaga.eus\/eu\/wp-json\/wp\/v2\/users\/4"}],"replies":[{"embeddable":true,"href":"https:\/\/www.uaga.eus\/eu\/wp-json\/wp\/v2\/comments?post=7149"}],"version-history":[{"count":1,"href":"https:\/\/www.uaga.eus\/eu\/wp-json\/wp\/v2\/posts\/7149\/revisions"}],"predecessor-version":[{"id":7150,"href":"https:\/\/www.uaga.eus\/eu\/wp-json\/wp\/v2\/posts\/7149\/revisions\/7150"}],"wp:featuredmedia":[{"embeddable":true,"href":"https:\/\/www.uaga.eus\/eu\/wp-json\/wp\/v2\/media\/6405"}],"wp:attachment":[{"href":"https:\/\/www.uaga.eus\/eu\/wp-json\/wp\/v2\/media?parent=7149"}],"wp:term":[{"taxonomy":"category","embeddable":true,"href":"https:\/\/www.uaga.eus\/eu\/wp-json\/wp\/v2\/categories?post=7149"},{"taxonomy":"post_tag","embeddable":true,"href":"https:\/\/www.uaga.eus\/eu\/wp-json\/wp\/v2\/tags?post=7149"}],"curies":[{"name":"wp","href":"https:\/\/api.w.org\/{rel}","templated":true}]}}