{"id":7146,"date":"2020-04-03T12:38:21","date_gmt":"2020-04-03T12:38:21","guid":{"rendered":"https:\/\/www.uaga.eus\/?p=7146"},"modified":"2020-04-03T12:38:21","modified_gmt":"2020-04-03T12:38:21","slug":"medidas-economicas-y-sociales-para-autonomos-aprobadas-por-el-consejo-de-ministros-del-31-de-marzo","status":"publish","type":"post","link":"https:\/\/www.uaga.eus\/eu\/medidas-economicas-y-sociales-para-autonomos-aprobadas-por-el-consejo-de-ministros-del-31-de-marzo\/","title":{"rendered":"Medidas econ\u00f3micas y sociales para aut\u00f3nomos aprobadas por el Consejo de Ministros del 31 de marzo"},"content":{"rendered":"<p>Entre estas medidas, que complementan y refuerzan las medidas adoptadas hasta este momento y que impulsan iniciativas que pretenden sostener el tejido productivo y el empleo, y minimizar y contrarrestar el impacto del COVID-19, hay algunas medidas dirigidas a los aut\u00f3nomos:<\/p>\n<ul>\n<li><strong>Aplazamiento del pago de deudas a la Seguridad Social<\/strong>. Se permite que empresas y aut\u00f3nomos que no tengan en vigor aplazamientos de pago de deudas con la Seguridad Social puedan solicitar hasta el 30 de junio de 2020 el aplazamiento del pago de las deudas que deban ingresar entre abril y junio de 2020 sin que se aplique ning\u00fan inter\u00e9s.<\/li>\n<\/ul>\n<p>&nbsp;<\/p>\n<ul>\n<li>Para el <strong>acceso a la prestaci\u00f3n extraordinaria por cese de actividad<\/strong>, se adapta la norma para contemplar la situaci\u00f3n de determinados colectivos que tienen un alto grado de estacionalidad, como el agrario<\/li>\n<\/ul>\n<p>&nbsp;<\/p>\n<ul>\n<li>Adem\u00e1s, se establecen diferentes medidas de <strong>flexibilizaci\u00f3n del pago de suministros b\u00e1sicos<\/strong> como la luz, el agua o el gas, llegando incluso a la posibilidad de suspender su pago. Las cantidades adeudadas se abonar\u00e1n como m\u00e1ximo en los seis meses siguientes a la finalizaci\u00f3n del Estado de Alarma.<\/li>\n<\/ul>\n<p>&nbsp;<\/p>\n<div>+info YOLANDA: 615 779 584<\/div>\n","protected":false},"excerpt":{"rendered":"<p>Entre estas medidas, que complementan y refuerzan las medidas adoptadas hasta este momento y que impulsan iniciativas que pretenden sostener el tejido productivo y el empleo, y minimizar y contrarrestar el impacto del COVID-19, hay algunas medidas dirigidas a los aut\u00f3nomos: Aplazamiento del pago de deudas a la Seguridad Social. Se permite que empresas y [&hellip;]<\/p>\n","protected":false},"author":4,"featured_media":7147,"comment_status":"closed","ping_status":"closed","sticky":false,"template":"","format":"standard","meta":{"footnotes":""},"categories":[7,5,111,8,38],"tags":[],"yoast_head":"<!-- This site is optimized with the Yoast SEO plugin v21.5 - https:\/\/yoast.com\/wordpress\/plugins\/seo\/ -->\n<title>Medidas econ\u00f3micas y sociales para aut\u00f3nomos aprobadas por el Consejo de Ministros del 31 de marzo - UAGA<\/title>\n<meta name=\"robots\" content=\"index, follow, max-snippet:-1, max-image-preview:large, max-video-preview:-1\" \/>\n<link rel=\"canonical\" href=\"https:\/\/www.uaga.eus\/medidas-economicas-y-sociales-para-autonomos-aprobadas-por-el-consejo-de-ministros-del-31-de-marzo\/\" \/>\n<meta property=\"og:locale\" content=\"en_US\" \/>\n<meta property=\"og:type\" content=\"article\" \/>\n<meta property=\"og:title\" content=\"Medidas econ\u00f3micas y sociales para aut\u00f3nomos aprobadas por el Consejo de Ministros del 31 de marzo - UAGA\" \/>\n<meta property=\"og:description\" content=\"Entre estas medidas, que complementan y refuerzan las medidas adoptadas hasta este momento y que impulsan iniciativas que pretenden sostener el tejido productivo y el empleo, y minimizar y contrarrestar el impacto del COVID-19, hay algunas medidas dirigidas a los aut\u00f3nomos: Aplazamiento del pago de deudas a la Seguridad Social. Se permite que empresas y [&hellip;]\" \/>\n<meta property=\"og:url\" content=\"https:\/\/www.uaga.eus\/medidas-economicas-y-sociales-para-autonomos-aprobadas-por-el-consejo-de-ministros-del-31-de-marzo\/\" \/>\n<meta property=\"og:site_name\" content=\"UAGA\" \/>\n<meta property=\"article:published_time\" content=\"2020-04-03T12:38:21+00:00\" \/>\n<meta property=\"og:image\" content=\"https:\/\/www.uaga.eus\/wp-content\/uploads\/2020\/04\/pajera.jpg\" \/>\n\t<meta property=\"og:image:width\" content=\"650\" \/>\n\t<meta property=\"og:image:height\" content=\"337\" \/>\n\t<meta property=\"og:image:type\" content=\"image\/jpeg\" \/>\n<meta name=\"author\" content=\"Blanca S\u00e1nchez\" \/>\n<meta name=\"twitter:card\" content=\"summary_large_image\" \/>\n<meta name=\"twitter:label1\" content=\"Written by\" \/>\n\t<meta name=\"twitter:data1\" content=\"Blanca S\u00e1nchez\" \/>\n\t<meta name=\"twitter:label2\" content=\"Est. reading time\" \/>\n\t<meta name=\"twitter:data2\" content=\"1 minutua\" \/>\n<script type=\"application\/ld+json\" class=\"yoast-schema-graph\">{\"@context\":\"https:\/\/schema.org\",\"@graph\":[{\"@type\":\"WebPage\",\"@id\":\"https:\/\/www.uaga.eus\/medidas-economicas-y-sociales-para-autonomos-aprobadas-por-el-consejo-de-ministros-del-31-de-marzo\/\",\"url\":\"https:\/\/www.uaga.eus\/medidas-economicas-y-sociales-para-autonomos-aprobadas-por-el-consejo-de-ministros-del-31-de-marzo\/\",\"name\":\"Medidas econ\u00f3micas y sociales para aut\u00f3nomos aprobadas por el Consejo de Ministros del 31 de marzo - UAGA\",\"isPartOf\":{\"@id\":\"https:\/\/www.uaga.eus\/#website\"},\"datePublished\":\"2020-04-03T12:38:21+00:00\",\"dateModified\":\"2020-04-03T12:38:21+00:00\",\"author\":{\"@id\":\"https:\/\/www.uaga.eus\/#\/schema\/person\/48c3cbf0f33d1b788226dbb6518689cf\"},\"breadcrumb\":{\"@id\":\"https:\/\/www.uaga.eus\/medidas-economicas-y-sociales-para-autonomos-aprobadas-por-el-consejo-de-ministros-del-31-de-marzo\/#breadcrumb\"},\"inLanguage\":\"eu\",\"potentialAction\":[{\"@type\":\"ReadAction\",\"target\":[\"https:\/\/www.uaga.eus\/medidas-economicas-y-sociales-para-autonomos-aprobadas-por-el-consejo-de-ministros-del-31-de-marzo\/\"]}]},{\"@type\":\"BreadcrumbList\",\"@id\":\"https:\/\/www.uaga.eus\/medidas-economicas-y-sociales-para-autonomos-aprobadas-por-el-consejo-de-ministros-del-31-de-marzo\/#breadcrumb\",\"itemListElement\":[{\"@type\":\"ListItem\",\"position\":1,\"name\":\"Inicio\",\"item\":\"https:\/\/www.uaga.eus\/\"},{\"@type\":\"ListItem\",\"position\":2,\"name\":\"Medidas econ\u00f3micas y sociales para aut\u00f3nomos aprobadas por el Consejo de Ministros del 31 de marzo\"}]},{\"@type\":\"WebSite\",\"@id\":\"https:\/\/www.uaga.eus\/#website\",\"url\":\"https:\/\/www.uaga.eus\/\",\"name\":\"UAGA\",\"description\":\"Uni\u00f3n Agroganadera de \u00c1lava - Araba Nekazarien Elkartea\",\"potentialAction\":[{\"@type\":\"SearchAction\",\"target\":{\"@type\":\"EntryPoint\",\"urlTemplate\":\"https:\/\/www.uaga.eus\/?s={search_term_string}\"},\"query-input\":\"required name=search_term_string\"}],\"inLanguage\":\"eu\"},{\"@type\":\"Person\",\"@id\":\"https:\/\/www.uaga.eus\/#\/schema\/person\/48c3cbf0f33d1b788226dbb6518689cf\",\"name\":\"Blanca S\u00e1nchez\",\"image\":{\"@type\":\"ImageObject\",\"inLanguage\":\"eu\",\"@id\":\"https:\/\/www.uaga.eus\/#\/schema\/person\/image\/\",\"url\":\"https:\/\/secure.gravatar.com\/avatar\/0dc91c20648254b1ce84877283f6751b?s=96&d=mm&r=g\",\"contentUrl\":\"https:\/\/secure.gravatar.com\/avatar\/0dc91c20648254b1ce84877283f6751b?s=96&d=mm&r=g\",\"caption\":\"Blanca S\u00e1nchez\"},\"url\":\"https:\/\/www.uaga.eus\/eu\/author\/bsanchez\/\"}]}<\/script>\n<!-- \/ Yoast SEO plugin. -->","yoast_head_json":{"title":"Medidas econ\u00f3micas y sociales para aut\u00f3nomos aprobadas por el Consejo de Ministros del 31 de marzo - UAGA","robots":{"index":"index","follow":"follow","max-snippet":"max-snippet:-1","max-image-preview":"max-image-preview:large","max-video-preview":"max-video-preview:-1"},"canonical":"https:\/\/www.uaga.eus\/medidas-economicas-y-sociales-para-autonomos-aprobadas-por-el-consejo-de-ministros-del-31-de-marzo\/","og_locale":"en_US","og_type":"article","og_title":"Medidas econ\u00f3micas y sociales para aut\u00f3nomos aprobadas por el Consejo de Ministros del 31 de marzo - UAGA","og_description":"Entre estas medidas, que complementan y refuerzan las medidas adoptadas hasta este momento y que impulsan iniciativas que pretenden sostener el tejido productivo y el empleo, y minimizar y contrarrestar el impacto del COVID-19, hay algunas medidas dirigidas a los aut\u00f3nomos: Aplazamiento del pago de deudas a la Seguridad Social. Se permite que empresas y [&hellip;]","og_url":"https:\/\/www.uaga.eus\/medidas-economicas-y-sociales-para-autonomos-aprobadas-por-el-consejo-de-ministros-del-31-de-marzo\/","og_site_name":"UAGA","article_published_time":"2020-04-03T12:38:21+00:00","og_image":[{"width":650,"height":337,"url":"https:\/\/www.uaga.eus\/wp-content\/uploads\/2020\/04\/pajera.jpg","type":"image\/jpeg"}],"author":"Blanca S\u00e1nchez","twitter_card":"summary_large_image","twitter_misc":{"Written by":"Blanca S\u00e1nchez","Est. reading time":"1 minutua"},"schema":{"@context":"https:\/\/schema.org","@graph":[{"@type":"WebPage","@id":"https:\/\/www.uaga.eus\/medidas-economicas-y-sociales-para-autonomos-aprobadas-por-el-consejo-de-ministros-del-31-de-marzo\/","url":"https:\/\/www.uaga.eus\/medidas-economicas-y-sociales-para-autonomos-aprobadas-por-el-consejo-de-ministros-del-31-de-marzo\/","name":"Medidas econ\u00f3micas y sociales para aut\u00f3nomos aprobadas por el Consejo de Ministros del 31 de marzo - UAGA","isPartOf":{"@id":"https:\/\/www.uaga.eus\/#website"},"datePublished":"2020-04-03T12:38:21+00:00","dateModified":"2020-04-03T12:38:21+00:00","author":{"@id":"https:\/\/www.uaga.eus\/#\/schema\/person\/48c3cbf0f33d1b788226dbb6518689cf"},"breadcrumb":{"@id":"https:\/\/www.uaga.eus\/medidas-economicas-y-sociales-para-autonomos-aprobadas-por-el-consejo-de-ministros-del-31-de-marzo\/#breadcrumb"},"inLanguage":"eu","potentialAction":[{"@type":"ReadAction","target":["https:\/\/www.uaga.eus\/medidas-economicas-y-sociales-para-autonomos-aprobadas-por-el-consejo-de-ministros-del-31-de-marzo\/"]}]},{"@type":"BreadcrumbList","@id":"https:\/\/www.uaga.eus\/medidas-economicas-y-sociales-para-autonomos-aprobadas-por-el-consejo-de-ministros-del-31-de-marzo\/#breadcrumb","itemListElement":[{"@type":"ListItem","position":1,"name":"Inicio","item":"https:\/\/www.uaga.eus\/"},{"@type":"ListItem","position":2,"name":"Medidas econ\u00f3micas y sociales para aut\u00f3nomos aprobadas por el Consejo de Ministros del 31 de marzo"}]},{"@type":"WebSite","@id":"https:\/\/www.uaga.eus\/#website","url":"https:\/\/www.uaga.eus\/","name":"UAGA","description":"Uni\u00f3n Agroganadera de \u00c1lava - Araba Nekazarien Elkartea","potentialAction":[{"@type":"SearchAction","target":{"@type":"EntryPoint","urlTemplate":"https:\/\/www.uaga.eus\/?s={search_term_string}"},"query-input":"required name=search_term_string"}],"inLanguage":"eu"},{"@type":"Person","@id":"https:\/\/www.uaga.eus\/#\/schema\/person\/48c3cbf0f33d1b788226dbb6518689cf","name":"Blanca S\u00e1nchez","image":{"@type":"ImageObject","inLanguage":"eu","@id":"https:\/\/www.uaga.eus\/#\/schema\/person\/image\/","url":"https:\/\/secure.gravatar.com\/avatar\/0dc91c20648254b1ce84877283f6751b?s=96&d=mm&r=g","contentUrl":"https:\/\/secure.gravatar.com\/avatar\/0dc91c20648254b1ce84877283f6751b?s=96&d=mm&r=g","caption":"Blanca S\u00e1nchez"},"url":"https:\/\/www.uaga.eus\/eu\/author\/bsanchez\/"}]}},"_links":{"self":[{"href":"https:\/\/www.uaga.eus\/eu\/wp-json\/wp\/v2\/posts\/7146"}],"collection":[{"href":"https:\/\/www.uaga.eus\/eu\/wp-json\/wp\/v2\/posts"}],"about":[{"href":"https:\/\/www.uaga.eus\/eu\/wp-json\/wp\/v2\/types\/post"}],"author":[{"embeddable":true,"href":"https:\/\/www.uaga.eus\/eu\/wp-json\/wp\/v2\/users\/4"}],"replies":[{"embeddable":true,"href":"https:\/\/www.uaga.eus\/eu\/wp-json\/wp\/v2\/comments?post=7146"}],"version-history":[{"count":1,"href":"https:\/\/www.uaga.eus\/eu\/wp-json\/wp\/v2\/posts\/7146\/revisions"}],"predecessor-version":[{"id":7148,"href":"https:\/\/www.uaga.eus\/eu\/wp-json\/wp\/v2\/posts\/7146\/revisions\/7148"}],"wp:featuredmedia":[{"embeddable":true,"href":"https:\/\/www.uaga.eus\/eu\/wp-json\/wp\/v2\/media\/7147"}],"wp:attachment":[{"href":"https:\/\/www.uaga.eus\/eu\/wp-json\/wp\/v2\/media?parent=7146"}],"wp:term":[{"taxonomy":"category","embeddable":true,"href":"https:\/\/www.uaga.eus\/eu\/wp-json\/wp\/v2\/categories?post=7146"},{"taxonomy":"post_tag","embeddable":true,"href":"https:\/\/www.uaga.eus\/eu\/wp-json\/wp\/v2\/tags?post=7146"}],"curies":[{"name":"wp","href":"https:\/\/api.w.org\/{rel}","templated":true}]}}