{"id":7101,"date":"2020-03-27T13:14:57","date_gmt":"2020-03-27T13:14:57","guid":{"rendered":"https:\/\/www.uaga.eus\/?p=7101"},"modified":"2020-04-03T12:56:43","modified_gmt":"2020-04-03T12:56:43","slug":"el-gobierno-vasco-ha-implementado-el-programa-de-ayudas-para-la-cobertura-de-excedentes-en-el-sector-alimentario-del-pais-vasco-para-paliar-los-efectos-del-covid-19","status":"publish","type":"post","link":"https:\/\/www.uaga.eus\/eu\/el-gobierno-vasco-ha-implementado-el-programa-de-ayudas-para-la-cobertura-de-excedentes-en-el-sector-alimentario-del-pais-vasco-para-paliar-los-efectos-del-covid-19\/","title":{"rendered":"El Gobierno Vasco ha implementado el Programa de Ayudas para la cobertura de excedentes en el sector alimentario del Pa\u00eds Vasco para paliar los efectos del COVID-19"},"content":{"rendered":"<p>El Gobierno Vasco ha establecido esta semana, entre otras, una l\u00ednea de ayudas para la cobertura de excedentes en el sector alimentario que contar\u00e1 con la cobertura del Fondo extraordinario COVID-19.<\/p>\n<p><span style=\"font-family: arial, helvetica neue, helvetica, sans-serif;\">En concreto, se han habilitado 6 MM de euros para apoyar a las asociaciones y empresas para la compra de sus excedentes de producci\u00f3n en productos perecederos de primera producci\u00f3n.<\/span><\/p>\n<p>Las beneficiarias de la orden ser\u00e1n empresas vascas que tienen stock de producto que no alcanzan un precio m\u00ednimo de coste y pueda desembocar en la ca\u00edda de la demanda o en la bajada de precios por debajo de costes de producci\u00f3n.<\/p>\n<p>Se centra en mantener la producci\u00f3n de alimentos en Euskadi y se basa en las medidas que con car\u00e1cter urgente se han identificado en base a un an\u00e1lisis de riesgos para cubrir ese primer objetivo de suministro, pero tambi\u00e9n para paliar la situaci\u00f3n de emergencia que se est\u00e1n viendo las empresas de la cadena de valor de la alimentaci\u00f3n, como consecuencia del cierre total del canal HORECA.<\/p>\n<p>UAGA est\u00e1 en contacto permanente con las distintas administraciones vascas para resolver los problemas que ya se est\u00e1n dando en algunos sectores como el ganadero o el hort\u00edcola.<br \/>\nLa semana pr\u00f3xima creemos que ya se habr\u00e1 adoptado una soluci\u00f3n, sobre la que informaremos puntualmente.<\/p>\n<div>+info SUGOI: 675 707 696<\/div>\n","protected":false},"excerpt":{"rendered":"<p>El Gobierno Vasco ha establecido esta semana, entre otras, una l\u00ednea de ayudas para la cobertura de excedentes en el sector alimentario que contar\u00e1 con la cobertura del Fondo extraordinario COVID-19. En concreto, se han habilitado 6 MM de euros para apoyar a las asociaciones y empresas para la compra de sus excedentes de producci\u00f3n [&hellip;]<\/p>\n","protected":false},"author":4,"featured_media":7102,"comment_status":"closed","ping_status":"closed","sticky":false,"template":"","format":"standard","meta":{"footnotes":""},"categories":[12,111,8],"tags":[],"yoast_head":"<!-- This site is optimized with the Yoast SEO plugin v21.5 - https:\/\/yoast.com\/wordpress\/plugins\/seo\/ -->\n<title>El Gobierno Vasco ha implementado el Programa de Ayudas para la cobertura de excedentes en el sector alimentario del Pa\u00eds Vasco para paliar los efectos del COVID-19 - UAGA<\/title>\n<meta name=\"robots\" content=\"index, follow, max-snippet:-1, max-image-preview:large, max-video-preview:-1\" \/>\n<link rel=\"canonical\" href=\"https:\/\/www.uaga.eus\/el-gobierno-vasco-ha-implementado-el-programa-de-ayudas-para-la-cobertura-de-excedentes-en-el-sector-alimentario-del-pais-vasco-para-paliar-los-efectos-del-covid-19\/\" \/>\n<meta property=\"og:locale\" content=\"en_US\" \/>\n<meta property=\"og:type\" content=\"article\" \/>\n<meta property=\"og:title\" content=\"El Gobierno Vasco ha implementado el Programa de Ayudas para la cobertura de excedentes en el sector alimentario del Pa\u00eds Vasco para paliar los efectos del COVID-19 - UAGA\" \/>\n<meta property=\"og:description\" content=\"El Gobierno Vasco ha establecido esta semana, entre otras, una l\u00ednea de ayudas para la cobertura de excedentes en el sector alimentario que contar\u00e1 con la cobertura del Fondo extraordinario COVID-19. En concreto, se han habilitado 6 MM de euros para apoyar a las asociaciones y empresas para la compra de sus excedentes de producci\u00f3n [&hellip;]\" \/>\n<meta property=\"og:url\" content=\"https:\/\/www.uaga.eus\/el-gobierno-vasco-ha-implementado-el-programa-de-ayudas-para-la-cobertura-de-excedentes-en-el-sector-alimentario-del-pais-vasco-para-paliar-los-efectos-del-covid-19\/\" \/>\n<meta property=\"og:site_name\" content=\"UAGA\" \/>\n<meta property=\"article:published_time\" content=\"2020-03-27T13:14:57+00:00\" \/>\n<meta property=\"article:modified_time\" content=\"2020-04-03T12:56:43+00:00\" \/>\n<meta property=\"og:image\" content=\"https:\/\/www.uaga.eus\/wp-content\/uploads\/2020\/03\/CORDEROS-e1586346750478.jpg\" \/>\n\t<meta property=\"og:image:width\" content=\"687\" \/>\n\t<meta property=\"og:image:height\" content=\"322\" \/>\n\t<meta property=\"og:image:type\" content=\"image\/jpeg\" \/>\n<meta name=\"author\" content=\"Blanca S\u00e1nchez\" \/>\n<meta name=\"twitter:card\" content=\"summary_large_image\" \/>\n<meta name=\"twitter:label1\" content=\"Written by\" \/>\n\t<meta name=\"twitter:data1\" content=\"Blanca S\u00e1nchez\" \/>\n\t<meta name=\"twitter:label2\" content=\"Est. reading time\" \/>\n\t<meta name=\"twitter:data2\" content=\"1 minutua\" \/>\n<script type=\"application\/ld+json\" class=\"yoast-schema-graph\">{\"@context\":\"https:\/\/schema.org\",\"@graph\":[{\"@type\":\"WebPage\",\"@id\":\"https:\/\/www.uaga.eus\/el-gobierno-vasco-ha-implementado-el-programa-de-ayudas-para-la-cobertura-de-excedentes-en-el-sector-alimentario-del-pais-vasco-para-paliar-los-efectos-del-covid-19\/\",\"url\":\"https:\/\/www.uaga.eus\/el-gobierno-vasco-ha-implementado-el-programa-de-ayudas-para-la-cobertura-de-excedentes-en-el-sector-alimentario-del-pais-vasco-para-paliar-los-efectos-del-covid-19\/\",\"name\":\"El Gobierno Vasco ha implementado el Programa de Ayudas para la cobertura de excedentes en el sector alimentario del Pa\u00eds Vasco para paliar los efectos del COVID-19 - UAGA\",\"isPartOf\":{\"@id\":\"https:\/\/www.uaga.eus\/#website\"},\"datePublished\":\"2020-03-27T13:14:57+00:00\",\"dateModified\":\"2020-04-03T12:56:43+00:00\",\"author\":{\"@id\":\"https:\/\/www.uaga.eus\/#\/schema\/person\/48c3cbf0f33d1b788226dbb6518689cf\"},\"breadcrumb\":{\"@id\":\"https:\/\/www.uaga.eus\/el-gobierno-vasco-ha-implementado-el-programa-de-ayudas-para-la-cobertura-de-excedentes-en-el-sector-alimentario-del-pais-vasco-para-paliar-los-efectos-del-covid-19\/#breadcrumb\"},\"inLanguage\":\"eu\",\"potentialAction\":[{\"@type\":\"ReadAction\",\"target\":[\"https:\/\/www.uaga.eus\/el-gobierno-vasco-ha-implementado-el-programa-de-ayudas-para-la-cobertura-de-excedentes-en-el-sector-alimentario-del-pais-vasco-para-paliar-los-efectos-del-covid-19\/\"]}]},{\"@type\":\"BreadcrumbList\",\"@id\":\"https:\/\/www.uaga.eus\/el-gobierno-vasco-ha-implementado-el-programa-de-ayudas-para-la-cobertura-de-excedentes-en-el-sector-alimentario-del-pais-vasco-para-paliar-los-efectos-del-covid-19\/#breadcrumb\",\"itemListElement\":[{\"@type\":\"ListItem\",\"position\":1,\"name\":\"Inicio\",\"item\":\"https:\/\/www.uaga.eus\/\"},{\"@type\":\"ListItem\",\"position\":2,\"name\":\"El Gobierno Vasco ha implementado el Programa de Ayudas para la cobertura de excedentes en el sector alimentario del Pa\u00eds Vasco para paliar los efectos del COVID-19\"}]},{\"@type\":\"WebSite\",\"@id\":\"https:\/\/www.uaga.eus\/#website\",\"url\":\"https:\/\/www.uaga.eus\/\",\"name\":\"UAGA\",\"description\":\"Uni\u00f3n Agroganadera de \u00c1lava - Araba Nekazarien Elkartea\",\"potentialAction\":[{\"@type\":\"SearchAction\",\"target\":{\"@type\":\"EntryPoint\",\"urlTemplate\":\"https:\/\/www.uaga.eus\/?s={search_term_string}\"},\"query-input\":\"required name=search_term_string\"}],\"inLanguage\":\"eu\"},{\"@type\":\"Person\",\"@id\":\"https:\/\/www.uaga.eus\/#\/schema\/person\/48c3cbf0f33d1b788226dbb6518689cf\",\"name\":\"Blanca S\u00e1nchez\",\"image\":{\"@type\":\"ImageObject\",\"inLanguage\":\"eu\",\"@id\":\"https:\/\/www.uaga.eus\/#\/schema\/person\/image\/\",\"url\":\"https:\/\/secure.gravatar.com\/avatar\/0dc91c20648254b1ce84877283f6751b?s=96&d=mm&r=g\",\"contentUrl\":\"https:\/\/secure.gravatar.com\/avatar\/0dc91c20648254b1ce84877283f6751b?s=96&d=mm&r=g\",\"caption\":\"Blanca S\u00e1nchez\"},\"url\":\"https:\/\/www.uaga.eus\/eu\/author\/bsanchez\/\"}]}<\/script>\n<!-- \/ Yoast SEO plugin. -->","yoast_head_json":{"title":"El Gobierno Vasco ha implementado el Programa de Ayudas para la cobertura de excedentes en el sector alimentario del Pa\u00eds Vasco para paliar los efectos del COVID-19 - UAGA","robots":{"index":"index","follow":"follow","max-snippet":"max-snippet:-1","max-image-preview":"max-image-preview:large","max-video-preview":"max-video-preview:-1"},"canonical":"https:\/\/www.uaga.eus\/el-gobierno-vasco-ha-implementado-el-programa-de-ayudas-para-la-cobertura-de-excedentes-en-el-sector-alimentario-del-pais-vasco-para-paliar-los-efectos-del-covid-19\/","og_locale":"en_US","og_type":"article","og_title":"El Gobierno Vasco ha implementado el Programa de Ayudas para la cobertura de excedentes en el sector alimentario del Pa\u00eds Vasco para paliar los efectos del COVID-19 - UAGA","og_description":"El Gobierno Vasco ha establecido esta semana, entre otras, una l\u00ednea de ayudas para la cobertura de excedentes en el sector alimentario que contar\u00e1 con la cobertura del Fondo extraordinario COVID-19. En concreto, se han habilitado 6 MM de euros para apoyar a las asociaciones y empresas para la compra de sus excedentes de producci\u00f3n [&hellip;]","og_url":"https:\/\/www.uaga.eus\/el-gobierno-vasco-ha-implementado-el-programa-de-ayudas-para-la-cobertura-de-excedentes-en-el-sector-alimentario-del-pais-vasco-para-paliar-los-efectos-del-covid-19\/","og_site_name":"UAGA","article_published_time":"2020-03-27T13:14:57+00:00","article_modified_time":"2020-04-03T12:56:43+00:00","og_image":[{"width":687,"height":322,"url":"https:\/\/www.uaga.eus\/wp-content\/uploads\/2020\/03\/CORDEROS-e1586346750478.jpg","type":"image\/jpeg"}],"author":"Blanca S\u00e1nchez","twitter_card":"summary_large_image","twitter_misc":{"Written by":"Blanca S\u00e1nchez","Est. reading time":"1 minutua"},"schema":{"@context":"https:\/\/schema.org","@graph":[{"@type":"WebPage","@id":"https:\/\/www.uaga.eus\/el-gobierno-vasco-ha-implementado-el-programa-de-ayudas-para-la-cobertura-de-excedentes-en-el-sector-alimentario-del-pais-vasco-para-paliar-los-efectos-del-covid-19\/","url":"https:\/\/www.uaga.eus\/el-gobierno-vasco-ha-implementado-el-programa-de-ayudas-para-la-cobertura-de-excedentes-en-el-sector-alimentario-del-pais-vasco-para-paliar-los-efectos-del-covid-19\/","name":"El Gobierno Vasco ha implementado el Programa de Ayudas para la cobertura de excedentes en el sector alimentario del Pa\u00eds Vasco para paliar los efectos del COVID-19 - UAGA","isPartOf":{"@id":"https:\/\/www.uaga.eus\/#website"},"datePublished":"2020-03-27T13:14:57+00:00","dateModified":"2020-04-03T12:56:43+00:00","author":{"@id":"https:\/\/www.uaga.eus\/#\/schema\/person\/48c3cbf0f33d1b788226dbb6518689cf"},"breadcrumb":{"@id":"https:\/\/www.uaga.eus\/el-gobierno-vasco-ha-implementado-el-programa-de-ayudas-para-la-cobertura-de-excedentes-en-el-sector-alimentario-del-pais-vasco-para-paliar-los-efectos-del-covid-19\/#breadcrumb"},"inLanguage":"eu","potentialAction":[{"@type":"ReadAction","target":["https:\/\/www.uaga.eus\/el-gobierno-vasco-ha-implementado-el-programa-de-ayudas-para-la-cobertura-de-excedentes-en-el-sector-alimentario-del-pais-vasco-para-paliar-los-efectos-del-covid-19\/"]}]},{"@type":"BreadcrumbList","@id":"https:\/\/www.uaga.eus\/el-gobierno-vasco-ha-implementado-el-programa-de-ayudas-para-la-cobertura-de-excedentes-en-el-sector-alimentario-del-pais-vasco-para-paliar-los-efectos-del-covid-19\/#breadcrumb","itemListElement":[{"@type":"ListItem","position":1,"name":"Inicio","item":"https:\/\/www.uaga.eus\/"},{"@type":"ListItem","position":2,"name":"El Gobierno Vasco ha implementado el Programa de Ayudas para la cobertura de excedentes en el sector alimentario del Pa\u00eds Vasco para paliar los efectos del COVID-19"}]},{"@type":"WebSite","@id":"https:\/\/www.uaga.eus\/#website","url":"https:\/\/www.uaga.eus\/","name":"UAGA","description":"Uni\u00f3n Agroganadera de \u00c1lava - Araba Nekazarien Elkartea","potentialAction":[{"@type":"SearchAction","target":{"@type":"EntryPoint","urlTemplate":"https:\/\/www.uaga.eus\/?s={search_term_string}"},"query-input":"required name=search_term_string"}],"inLanguage":"eu"},{"@type":"Person","@id":"https:\/\/www.uaga.eus\/#\/schema\/person\/48c3cbf0f33d1b788226dbb6518689cf","name":"Blanca S\u00e1nchez","image":{"@type":"ImageObject","inLanguage":"eu","@id":"https:\/\/www.uaga.eus\/#\/schema\/person\/image\/","url":"https:\/\/secure.gravatar.com\/avatar\/0dc91c20648254b1ce84877283f6751b?s=96&d=mm&r=g","contentUrl":"https:\/\/secure.gravatar.com\/avatar\/0dc91c20648254b1ce84877283f6751b?s=96&d=mm&r=g","caption":"Blanca S\u00e1nchez"},"url":"https:\/\/www.uaga.eus\/eu\/author\/bsanchez\/"}]}},"_links":{"self":[{"href":"https:\/\/www.uaga.eus\/eu\/wp-json\/wp\/v2\/posts\/7101"}],"collection":[{"href":"https:\/\/www.uaga.eus\/eu\/wp-json\/wp\/v2\/posts"}],"about":[{"href":"https:\/\/www.uaga.eus\/eu\/wp-json\/wp\/v2\/types\/post"}],"author":[{"embeddable":true,"href":"https:\/\/www.uaga.eus\/eu\/wp-json\/wp\/v2\/users\/4"}],"replies":[{"embeddable":true,"href":"https:\/\/www.uaga.eus\/eu\/wp-json\/wp\/v2\/comments?post=7101"}],"version-history":[{"count":4,"href":"https:\/\/www.uaga.eus\/eu\/wp-json\/wp\/v2\/posts\/7101\/revisions"}],"predecessor-version":[{"id":7126,"href":"https:\/\/www.uaga.eus\/eu\/wp-json\/wp\/v2\/posts\/7101\/revisions\/7126"}],"wp:featuredmedia":[{"embeddable":true,"href":"https:\/\/www.uaga.eus\/eu\/wp-json\/wp\/v2\/media\/7102"}],"wp:attachment":[{"href":"https:\/\/www.uaga.eus\/eu\/wp-json\/wp\/v2\/media?parent=7101"}],"wp:term":[{"taxonomy":"category","embeddable":true,"href":"https:\/\/www.uaga.eus\/eu\/wp-json\/wp\/v2\/categories?post=7101"},{"taxonomy":"post_tag","embeddable":true,"href":"https:\/\/www.uaga.eus\/eu\/wp-json\/wp\/v2\/tags?post=7101"}],"curies":[{"name":"wp","href":"https:\/\/api.w.org\/{rel}","templated":true}]}}