{"id":7091,"date":"2020-03-27T13:26:32","date_gmt":"2020-03-27T13:26:32","guid":{"rendered":"https:\/\/www.uaga.eus\/?p=7091"},"modified":"2020-04-03T12:55:28","modified_gmt":"2020-04-03T12:55:28","slug":"uaga-informa-sobre-como-realizar-los-movimientos-de-ganado-durante-el-estado-de-alarma-de-acuerdo-a-una-comunicacion-del-gobierno-vasco","status":"publish","type":"post","link":"https:\/\/www.uaga.eus\/eu\/uaga-informa-sobre-como-realizar-los-movimientos-de-ganado-durante-el-estado-de-alarma-de-acuerdo-a-una-comunicacion-del-gobierno-vasco\/","title":{"rendered":"UAGA informa sobre c\u00f3mo realizar los movimientos de ganado durante el estado de alarma de acuerdo a una comunicaci\u00f3n del Gobierno Vasco"},"content":{"rendered":"<p><span style=\"font-family: arial, helvetica neue, helvetica, sans-serif;\">El \u00a0Gobierno Vasco ha remitido una comunicaci\u00f3n para aclarar la situaci\u00f3n con los movimientos de ganado en estos momentos.<\/span><\/p>\n<p>Considerando que Euskadi es una Comunidad Oficialmente Indemne de Brucelosis se autorizan los movimientos a vida sin pruebas de Brucelosis.<\/p>\n<p>En el caso del ganado caprino, explotaciones incluidas en planes sanitarios, y ganado bovino, se trasladar\u00e1n con la prueba de la Tuberculosis (animales mayores de 45 d\u00edas, en bovino).<\/p>\n<p>El ganado ovino se trasladar\u00e1 sin pruebas.<\/p>\n<p>Todos los movimientos de ganado deber\u00e1n ir acompa\u00f1ados de sus correspondientes gu\u00edas sanitarias. En el caso de trasladar animales entre distintas parcelas de la propia explotaci\u00f3n, dichos movimientos se autorizar\u00edan en base a la posesi\u00f3n de la correspondiente Tarjeta Verde.<\/p>\n<p>En todo caso, los movimientos se realizar\u00edan por las propias personas titulares, o autorizadas por las personas titulares de las explotaciones, guardando permanentemente las medidas de bioseguridad actualmente establecidas.<\/p>\n<p>Con car\u00e1cter general no se impedir\u00e1 el movimiento de animales dentro de las explotaciones ganaderas o entre explotaciones ganaderas, permiti\u00e9ndose el movimiento tanto de las personas, como de los veh\u00edculos necesarios para realizar dichos traslados.<\/p>\n<p>Por \u00faltimo, respecto de las campa\u00f1as sanitarias, el Ministerio ha solicitado al Gobierno Vasco, y \u00e9ste a las diputaciones, que se intenten mantener las campa\u00f1as sanitarias con la mayor normalidad posible, retomando la programaci\u00f3n de las campa\u00f1as, con las medidas de flexibilidad y seguridad que sean necesarias.<\/p>\n<div>+info SUGOI: 675 707 696<\/div>\n","protected":false},"excerpt":{"rendered":"<p>El \u00a0Gobierno Vasco ha remitido una comunicaci\u00f3n para aclarar la situaci\u00f3n con los movimientos de ganado en estos momentos. Considerando que Euskadi es una Comunidad Oficialmente Indemne de Brucelosis se autorizan los movimientos a vida sin pruebas de Brucelosis. En el caso del ganado caprino, explotaciones incluidas en planes sanitarios, y ganado bovino, se trasladar\u00e1n [&hellip;]<\/p>\n","protected":false},"author":4,"featured_media":7078,"comment_status":"closed","ping_status":"closed","sticky":false,"template":"","format":"standard","meta":{"footnotes":""},"categories":[111,8],"tags":[],"yoast_head":"<!-- This site is optimized with the Yoast SEO plugin v21.5 - https:\/\/yoast.com\/wordpress\/plugins\/seo\/ -->\n<title>UAGA informa sobre c\u00f3mo realizar los movimientos de ganado durante el estado de alarma de acuerdo a una comunicaci\u00f3n del Gobierno Vasco - UAGA<\/title>\n<meta name=\"robots\" content=\"index, follow, max-snippet:-1, max-image-preview:large, max-video-preview:-1\" \/>\n<link rel=\"canonical\" href=\"https:\/\/www.uaga.eus\/uaga-informa-sobre-como-realizar-los-movimientos-de-ganado-durante-el-estado-de-alarma-de-acuerdo-a-una-comunicacion-del-gobierno-vasco\/\" \/>\n<meta property=\"og:locale\" content=\"en_US\" \/>\n<meta property=\"og:type\" content=\"article\" \/>\n<meta property=\"og:title\" content=\"UAGA informa sobre c\u00f3mo realizar los movimientos de ganado durante el estado de alarma de acuerdo a una comunicaci\u00f3n del Gobierno Vasco - UAGA\" \/>\n<meta property=\"og:description\" content=\"El \u00a0Gobierno Vasco ha remitido una comunicaci\u00f3n para aclarar la situaci\u00f3n con los movimientos de ganado en estos momentos. Considerando que Euskadi es una Comunidad Oficialmente Indemne de Brucelosis se autorizan los movimientos a vida sin pruebas de Brucelosis. En el caso del ganado caprino, explotaciones incluidas en planes sanitarios, y ganado bovino, se trasladar\u00e1n [&hellip;]\" \/>\n<meta property=\"og:url\" content=\"https:\/\/www.uaga.eus\/uaga-informa-sobre-como-realizar-los-movimientos-de-ganado-durante-el-estado-de-alarma-de-acuerdo-a-una-comunicacion-del-gobierno-vasco\/\" \/>\n<meta property=\"og:site_name\" content=\"UAGA\" \/>\n<meta property=\"article:published_time\" content=\"2020-03-27T13:26:32+00:00\" \/>\n<meta property=\"article:modified_time\" content=\"2020-04-03T12:55:28+00:00\" \/>\n<meta property=\"og:image\" content=\"https:\/\/www.uaga.eus\/wp-content\/uploads\/2020\/03\/ovejas.jpg\" \/>\n\t<meta property=\"og:image:width\" content=\"650\" \/>\n\t<meta property=\"og:image:height\" content=\"330\" \/>\n\t<meta property=\"og:image:type\" content=\"image\/jpeg\" \/>\n<meta name=\"author\" content=\"Blanca S\u00e1nchez\" \/>\n<meta name=\"twitter:card\" content=\"summary_large_image\" \/>\n<meta name=\"twitter:label1\" content=\"Written by\" \/>\n\t<meta name=\"twitter:data1\" content=\"Blanca S\u00e1nchez\" \/>\n\t<meta name=\"twitter:label2\" content=\"Est. reading time\" \/>\n\t<meta name=\"twitter:data2\" content=\"1 minutua\" \/>\n<script type=\"application\/ld+json\" class=\"yoast-schema-graph\">{\"@context\":\"https:\/\/schema.org\",\"@graph\":[{\"@type\":\"WebPage\",\"@id\":\"https:\/\/www.uaga.eus\/uaga-informa-sobre-como-realizar-los-movimientos-de-ganado-durante-el-estado-de-alarma-de-acuerdo-a-una-comunicacion-del-gobierno-vasco\/\",\"url\":\"https:\/\/www.uaga.eus\/uaga-informa-sobre-como-realizar-los-movimientos-de-ganado-durante-el-estado-de-alarma-de-acuerdo-a-una-comunicacion-del-gobierno-vasco\/\",\"name\":\"UAGA informa sobre c\u00f3mo realizar los movimientos de ganado durante el estado de alarma de acuerdo a una comunicaci\u00f3n del Gobierno Vasco - UAGA\",\"isPartOf\":{\"@id\":\"https:\/\/www.uaga.eus\/#website\"},\"datePublished\":\"2020-03-27T13:26:32+00:00\",\"dateModified\":\"2020-04-03T12:55:28+00:00\",\"author\":{\"@id\":\"https:\/\/www.uaga.eus\/#\/schema\/person\/48c3cbf0f33d1b788226dbb6518689cf\"},\"breadcrumb\":{\"@id\":\"https:\/\/www.uaga.eus\/uaga-informa-sobre-como-realizar-los-movimientos-de-ganado-durante-el-estado-de-alarma-de-acuerdo-a-una-comunicacion-del-gobierno-vasco\/#breadcrumb\"},\"inLanguage\":\"eu\",\"potentialAction\":[{\"@type\":\"ReadAction\",\"target\":[\"https:\/\/www.uaga.eus\/uaga-informa-sobre-como-realizar-los-movimientos-de-ganado-durante-el-estado-de-alarma-de-acuerdo-a-una-comunicacion-del-gobierno-vasco\/\"]}]},{\"@type\":\"BreadcrumbList\",\"@id\":\"https:\/\/www.uaga.eus\/uaga-informa-sobre-como-realizar-los-movimientos-de-ganado-durante-el-estado-de-alarma-de-acuerdo-a-una-comunicacion-del-gobierno-vasco\/#breadcrumb\",\"itemListElement\":[{\"@type\":\"ListItem\",\"position\":1,\"name\":\"Inicio\",\"item\":\"https:\/\/www.uaga.eus\/\"},{\"@type\":\"ListItem\",\"position\":2,\"name\":\"UAGA informa sobre c\u00f3mo realizar los movimientos de ganado durante el estado de alarma de acuerdo a una comunicaci\u00f3n del Gobierno Vasco\"}]},{\"@type\":\"WebSite\",\"@id\":\"https:\/\/www.uaga.eus\/#website\",\"url\":\"https:\/\/www.uaga.eus\/\",\"name\":\"UAGA\",\"description\":\"Uni\u00f3n Agroganadera de \u00c1lava - Araba Nekazarien Elkartea\",\"potentialAction\":[{\"@type\":\"SearchAction\",\"target\":{\"@type\":\"EntryPoint\",\"urlTemplate\":\"https:\/\/www.uaga.eus\/?s={search_term_string}\"},\"query-input\":\"required name=search_term_string\"}],\"inLanguage\":\"eu\"},{\"@type\":\"Person\",\"@id\":\"https:\/\/www.uaga.eus\/#\/schema\/person\/48c3cbf0f33d1b788226dbb6518689cf\",\"name\":\"Blanca S\u00e1nchez\",\"image\":{\"@type\":\"ImageObject\",\"inLanguage\":\"eu\",\"@id\":\"https:\/\/www.uaga.eus\/#\/schema\/person\/image\/\",\"url\":\"https:\/\/secure.gravatar.com\/avatar\/0dc91c20648254b1ce84877283f6751b?s=96&d=mm&r=g\",\"contentUrl\":\"https:\/\/secure.gravatar.com\/avatar\/0dc91c20648254b1ce84877283f6751b?s=96&d=mm&r=g\",\"caption\":\"Blanca S\u00e1nchez\"},\"url\":\"https:\/\/www.uaga.eus\/eu\/author\/bsanchez\/\"}]}<\/script>\n<!-- \/ Yoast SEO plugin. -->","yoast_head_json":{"title":"UAGA informa sobre c\u00f3mo realizar los movimientos de ganado durante el estado de alarma de acuerdo a una comunicaci\u00f3n del Gobierno Vasco - UAGA","robots":{"index":"index","follow":"follow","max-snippet":"max-snippet:-1","max-image-preview":"max-image-preview:large","max-video-preview":"max-video-preview:-1"},"canonical":"https:\/\/www.uaga.eus\/uaga-informa-sobre-como-realizar-los-movimientos-de-ganado-durante-el-estado-de-alarma-de-acuerdo-a-una-comunicacion-del-gobierno-vasco\/","og_locale":"en_US","og_type":"article","og_title":"UAGA informa sobre c\u00f3mo realizar los movimientos de ganado durante el estado de alarma de acuerdo a una comunicaci\u00f3n del Gobierno Vasco - UAGA","og_description":"El \u00a0Gobierno Vasco ha remitido una comunicaci\u00f3n para aclarar la situaci\u00f3n con los movimientos de ganado en estos momentos. Considerando que Euskadi es una Comunidad Oficialmente Indemne de Brucelosis se autorizan los movimientos a vida sin pruebas de Brucelosis. En el caso del ganado caprino, explotaciones incluidas en planes sanitarios, y ganado bovino, se trasladar\u00e1n [&hellip;]","og_url":"https:\/\/www.uaga.eus\/uaga-informa-sobre-como-realizar-los-movimientos-de-ganado-durante-el-estado-de-alarma-de-acuerdo-a-una-comunicacion-del-gobierno-vasco\/","og_site_name":"UAGA","article_published_time":"2020-03-27T13:26:32+00:00","article_modified_time":"2020-04-03T12:55:28+00:00","og_image":[{"width":650,"height":330,"url":"https:\/\/www.uaga.eus\/wp-content\/uploads\/2020\/03\/ovejas.jpg","type":"image\/jpeg"}],"author":"Blanca S\u00e1nchez","twitter_card":"summary_large_image","twitter_misc":{"Written by":"Blanca S\u00e1nchez","Est. reading time":"1 minutua"},"schema":{"@context":"https:\/\/schema.org","@graph":[{"@type":"WebPage","@id":"https:\/\/www.uaga.eus\/uaga-informa-sobre-como-realizar-los-movimientos-de-ganado-durante-el-estado-de-alarma-de-acuerdo-a-una-comunicacion-del-gobierno-vasco\/","url":"https:\/\/www.uaga.eus\/uaga-informa-sobre-como-realizar-los-movimientos-de-ganado-durante-el-estado-de-alarma-de-acuerdo-a-una-comunicacion-del-gobierno-vasco\/","name":"UAGA informa sobre c\u00f3mo realizar los movimientos de ganado durante el estado de alarma de acuerdo a una comunicaci\u00f3n del Gobierno Vasco - UAGA","isPartOf":{"@id":"https:\/\/www.uaga.eus\/#website"},"datePublished":"2020-03-27T13:26:32+00:00","dateModified":"2020-04-03T12:55:28+00:00","author":{"@id":"https:\/\/www.uaga.eus\/#\/schema\/person\/48c3cbf0f33d1b788226dbb6518689cf"},"breadcrumb":{"@id":"https:\/\/www.uaga.eus\/uaga-informa-sobre-como-realizar-los-movimientos-de-ganado-durante-el-estado-de-alarma-de-acuerdo-a-una-comunicacion-del-gobierno-vasco\/#breadcrumb"},"inLanguage":"eu","potentialAction":[{"@type":"ReadAction","target":["https:\/\/www.uaga.eus\/uaga-informa-sobre-como-realizar-los-movimientos-de-ganado-durante-el-estado-de-alarma-de-acuerdo-a-una-comunicacion-del-gobierno-vasco\/"]}]},{"@type":"BreadcrumbList","@id":"https:\/\/www.uaga.eus\/uaga-informa-sobre-como-realizar-los-movimientos-de-ganado-durante-el-estado-de-alarma-de-acuerdo-a-una-comunicacion-del-gobierno-vasco\/#breadcrumb","itemListElement":[{"@type":"ListItem","position":1,"name":"Inicio","item":"https:\/\/www.uaga.eus\/"},{"@type":"ListItem","position":2,"name":"UAGA informa sobre c\u00f3mo realizar los movimientos de ganado durante el estado de alarma de acuerdo a una comunicaci\u00f3n del Gobierno Vasco"}]},{"@type":"WebSite","@id":"https:\/\/www.uaga.eus\/#website","url":"https:\/\/www.uaga.eus\/","name":"UAGA","description":"Uni\u00f3n Agroganadera de \u00c1lava - Araba Nekazarien Elkartea","potentialAction":[{"@type":"SearchAction","target":{"@type":"EntryPoint","urlTemplate":"https:\/\/www.uaga.eus\/?s={search_term_string}"},"query-input":"required name=search_term_string"}],"inLanguage":"eu"},{"@type":"Person","@id":"https:\/\/www.uaga.eus\/#\/schema\/person\/48c3cbf0f33d1b788226dbb6518689cf","name":"Blanca S\u00e1nchez","image":{"@type":"ImageObject","inLanguage":"eu","@id":"https:\/\/www.uaga.eus\/#\/schema\/person\/image\/","url":"https:\/\/secure.gravatar.com\/avatar\/0dc91c20648254b1ce84877283f6751b?s=96&d=mm&r=g","contentUrl":"https:\/\/secure.gravatar.com\/avatar\/0dc91c20648254b1ce84877283f6751b?s=96&d=mm&r=g","caption":"Blanca S\u00e1nchez"},"url":"https:\/\/www.uaga.eus\/eu\/author\/bsanchez\/"}]}},"_links":{"self":[{"href":"https:\/\/www.uaga.eus\/eu\/wp-json\/wp\/v2\/posts\/7091"}],"collection":[{"href":"https:\/\/www.uaga.eus\/eu\/wp-json\/wp\/v2\/posts"}],"about":[{"href":"https:\/\/www.uaga.eus\/eu\/wp-json\/wp\/v2\/types\/post"}],"author":[{"embeddable":true,"href":"https:\/\/www.uaga.eus\/eu\/wp-json\/wp\/v2\/users\/4"}],"replies":[{"embeddable":true,"href":"https:\/\/www.uaga.eus\/eu\/wp-json\/wp\/v2\/comments?post=7091"}],"version-history":[{"count":3,"href":"https:\/\/www.uaga.eus\/eu\/wp-json\/wp\/v2\/posts\/7091\/revisions"}],"predecessor-version":[{"id":7100,"href":"https:\/\/www.uaga.eus\/eu\/wp-json\/wp\/v2\/posts\/7091\/revisions\/7100"}],"wp:featuredmedia":[{"embeddable":true,"href":"https:\/\/www.uaga.eus\/eu\/wp-json\/wp\/v2\/media\/7078"}],"wp:attachment":[{"href":"https:\/\/www.uaga.eus\/eu\/wp-json\/wp\/v2\/media?parent=7091"}],"wp:term":[{"taxonomy":"category","embeddable":true,"href":"https:\/\/www.uaga.eus\/eu\/wp-json\/wp\/v2\/categories?post=7091"},{"taxonomy":"post_tag","embeddable":true,"href":"https:\/\/www.uaga.eus\/eu\/wp-json\/wp\/v2\/tags?post=7091"}],"curies":[{"name":"wp","href":"https:\/\/api.w.org\/{rel}","templated":true}]}}