{"id":7087,"date":"2020-03-27T13:23:38","date_gmt":"2020-03-27T13:23:38","guid":{"rendered":"https:\/\/www.uaga.eus\/?p=7087"},"modified":"2020-03-27T13:23:38","modified_gmt":"2020-03-27T13:23:38","slug":"las-medidas-adoptadas-por-el-gobierno-para-paliar-la-crisis-agraria-que-vive-el-sector-se-van-a-tramitar-como-ley-en-el-congreso","status":"publish","type":"post","link":"https:\/\/www.uaga.eus\/eu\/las-medidas-adoptadas-por-el-gobierno-para-paliar-la-crisis-agraria-que-vive-el-sector-se-van-a-tramitar-como-ley-en-el-congreso\/","title":{"rendered":"Las medidas adoptadas por el Gobierno para paliar la crisis agraria que vive el sector se van a tramitar como ley en el Congreso"},"content":{"rendered":"<p><span style=\"font-family: arial, helvetica neue, helvetica, sans-serif;\">El pleno del Congreso ha aprobado esta semana la tramitaci\u00f3n como ley, por v\u00eda de urgencia,del Real Decreto-Ley 5\/2020 en el que se adoptaron las medidas urgentes en materia de agricultura y alimentaci\u00f3n para paliar los da\u00f1os en el sector por la ca\u00edda de precios en los productos agrarios.<\/p>\n<p>Esta tramitaci\u00f3n es de gran inter\u00e9s para el sector, ya que dicha ley incluye aspectos fundamentales como la obligatoriedad de una cl\u00e1usula en los contratos que garantice que el precio pactado entre el productor primario y su primer comprador cubre los costes de producci\u00f3n. Esta es una reivindicaci\u00f3n hist\u00f3rica de nuestro sector.<\/p>\n<p>Con esta medida se proh\u00edbe la venta a p\u00e9rdidas o la destrucci\u00f3n de valor en la cadena.<\/p>\n<p>El texto considera graves algunas infracciones que antes se consideraban leves como no formalizar por escrito los contratos alimentarios, no incluir el precio o realizar modificaciones en el precio.<\/p>\n<p>Por otra parte, y en relaci\u00f3n con la contrataci\u00f3n de personas temporeras, se permitir\u00e1 a la Inspecci\u00f3n de Trabajo y Seguridad Social entrar y revisar las condiciones de los alojamientos, con el objetivo de garantizar unas condiciones laborales dignas.<\/span><\/p>\n<div>+info YOLANDA: 615 779 584<\/div>\n","protected":false},"excerpt":{"rendered":"<p>El pleno del Congreso ha aprobado esta semana la tramitaci\u00f3n como ley, por v\u00eda de urgencia,del Real Decreto-Ley 5\/2020 en el que se adoptaron las medidas urgentes en materia de agricultura y alimentaci\u00f3n para paliar los da\u00f1os en el sector por la ca\u00edda de precios en los productos agrarios. Esta tramitaci\u00f3n es de gran inter\u00e9s [&hellip;]<\/p>\n","protected":false},"author":4,"featured_media":7079,"comment_status":"closed","ping_status":"closed","sticky":false,"template":"","format":"standard","meta":{"footnotes":""},"categories":[7,12,8,4],"tags":[],"yoast_head":"<!-- This site is optimized with the Yoast SEO plugin v21.5 - https:\/\/yoast.com\/wordpress\/plugins\/seo\/ -->\n<title>Las medidas adoptadas por el Gobierno para paliar la crisis agraria que vive el sector se van a tramitar como ley en el Congreso - UAGA<\/title>\n<meta name=\"robots\" content=\"index, follow, max-snippet:-1, max-image-preview:large, max-video-preview:-1\" \/>\n<link rel=\"canonical\" href=\"https:\/\/www.uaga.eus\/las-medidas-adoptadas-por-el-gobierno-para-paliar-la-crisis-agraria-que-vive-el-sector-se-van-a-tramitar-como-ley-en-el-congreso\/\" \/>\n<meta property=\"og:locale\" content=\"en_US\" \/>\n<meta property=\"og:type\" content=\"article\" \/>\n<meta property=\"og:title\" content=\"Las medidas adoptadas por el Gobierno para paliar la crisis agraria que vive el sector se van a tramitar como ley en el Congreso - UAGA\" \/>\n<meta property=\"og:description\" content=\"El pleno del Congreso ha aprobado esta semana la tramitaci\u00f3n como ley, por v\u00eda de urgencia,del Real Decreto-Ley 5\/2020 en el que se adoptaron las medidas urgentes en materia de agricultura y alimentaci\u00f3n para paliar los da\u00f1os en el sector por la ca\u00edda de precios en los productos agrarios. Esta tramitaci\u00f3n es de gran inter\u00e9s [&hellip;]\" \/>\n<meta property=\"og:url\" content=\"https:\/\/www.uaga.eus\/las-medidas-adoptadas-por-el-gobierno-para-paliar-la-crisis-agraria-que-vive-el-sector-se-van-a-tramitar-como-ley-en-el-congreso\/\" \/>\n<meta property=\"og:site_name\" content=\"UAGA\" \/>\n<meta property=\"article:published_time\" content=\"2020-03-27T13:23:38+00:00\" \/>\n<meta property=\"og:image\" content=\"https:\/\/www.uaga.eus\/wp-content\/uploads\/2020\/03\/patatas.jpg\" \/>\n\t<meta property=\"og:image:width\" content=\"650\" \/>\n\t<meta property=\"og:image:height\" content=\"366\" \/>\n\t<meta property=\"og:image:type\" content=\"image\/jpeg\" \/>\n<meta name=\"author\" content=\"Blanca S\u00e1nchez\" \/>\n<meta name=\"twitter:card\" content=\"summary_large_image\" \/>\n<meta name=\"twitter:label1\" content=\"Written by\" \/>\n\t<meta name=\"twitter:data1\" content=\"Blanca S\u00e1nchez\" \/>\n\t<meta name=\"twitter:label2\" content=\"Est. reading time\" \/>\n\t<meta name=\"twitter:data2\" content=\"1 minutua\" \/>\n<script type=\"application\/ld+json\" class=\"yoast-schema-graph\">{\"@context\":\"https:\/\/schema.org\",\"@graph\":[{\"@type\":\"WebPage\",\"@id\":\"https:\/\/www.uaga.eus\/las-medidas-adoptadas-por-el-gobierno-para-paliar-la-crisis-agraria-que-vive-el-sector-se-van-a-tramitar-como-ley-en-el-congreso\/\",\"url\":\"https:\/\/www.uaga.eus\/las-medidas-adoptadas-por-el-gobierno-para-paliar-la-crisis-agraria-que-vive-el-sector-se-van-a-tramitar-como-ley-en-el-congreso\/\",\"name\":\"Las medidas adoptadas por el Gobierno para paliar la crisis agraria que vive el sector se van a tramitar como ley en el Congreso - UAGA\",\"isPartOf\":{\"@id\":\"https:\/\/www.uaga.eus\/#website\"},\"datePublished\":\"2020-03-27T13:23:38+00:00\",\"dateModified\":\"2020-03-27T13:23:38+00:00\",\"author\":{\"@id\":\"https:\/\/www.uaga.eus\/#\/schema\/person\/48c3cbf0f33d1b788226dbb6518689cf\"},\"breadcrumb\":{\"@id\":\"https:\/\/www.uaga.eus\/las-medidas-adoptadas-por-el-gobierno-para-paliar-la-crisis-agraria-que-vive-el-sector-se-van-a-tramitar-como-ley-en-el-congreso\/#breadcrumb\"},\"inLanguage\":\"eu\",\"potentialAction\":[{\"@type\":\"ReadAction\",\"target\":[\"https:\/\/www.uaga.eus\/las-medidas-adoptadas-por-el-gobierno-para-paliar-la-crisis-agraria-que-vive-el-sector-se-van-a-tramitar-como-ley-en-el-congreso\/\"]}]},{\"@type\":\"BreadcrumbList\",\"@id\":\"https:\/\/www.uaga.eus\/las-medidas-adoptadas-por-el-gobierno-para-paliar-la-crisis-agraria-que-vive-el-sector-se-van-a-tramitar-como-ley-en-el-congreso\/#breadcrumb\",\"itemListElement\":[{\"@type\":\"ListItem\",\"position\":1,\"name\":\"Inicio\",\"item\":\"https:\/\/www.uaga.eus\/\"},{\"@type\":\"ListItem\",\"position\":2,\"name\":\"Las medidas adoptadas por el Gobierno para paliar la crisis agraria que vive el sector se van a tramitar como ley en el Congreso\"}]},{\"@type\":\"WebSite\",\"@id\":\"https:\/\/www.uaga.eus\/#website\",\"url\":\"https:\/\/www.uaga.eus\/\",\"name\":\"UAGA\",\"description\":\"Uni\u00f3n Agroganadera de \u00c1lava - Araba Nekazarien Elkartea\",\"potentialAction\":[{\"@type\":\"SearchAction\",\"target\":{\"@type\":\"EntryPoint\",\"urlTemplate\":\"https:\/\/www.uaga.eus\/?s={search_term_string}\"},\"query-input\":\"required name=search_term_string\"}],\"inLanguage\":\"eu\"},{\"@type\":\"Person\",\"@id\":\"https:\/\/www.uaga.eus\/#\/schema\/person\/48c3cbf0f33d1b788226dbb6518689cf\",\"name\":\"Blanca S\u00e1nchez\",\"image\":{\"@type\":\"ImageObject\",\"inLanguage\":\"eu\",\"@id\":\"https:\/\/www.uaga.eus\/#\/schema\/person\/image\/\",\"url\":\"https:\/\/secure.gravatar.com\/avatar\/0dc91c20648254b1ce84877283f6751b?s=96&d=mm&r=g\",\"contentUrl\":\"https:\/\/secure.gravatar.com\/avatar\/0dc91c20648254b1ce84877283f6751b?s=96&d=mm&r=g\",\"caption\":\"Blanca S\u00e1nchez\"},\"url\":\"https:\/\/www.uaga.eus\/eu\/author\/bsanchez\/\"}]}<\/script>\n<!-- \/ Yoast SEO plugin. -->","yoast_head_json":{"title":"Las medidas adoptadas por el Gobierno para paliar la crisis agraria que vive el sector se van a tramitar como ley en el Congreso - UAGA","robots":{"index":"index","follow":"follow","max-snippet":"max-snippet:-1","max-image-preview":"max-image-preview:large","max-video-preview":"max-video-preview:-1"},"canonical":"https:\/\/www.uaga.eus\/las-medidas-adoptadas-por-el-gobierno-para-paliar-la-crisis-agraria-que-vive-el-sector-se-van-a-tramitar-como-ley-en-el-congreso\/","og_locale":"en_US","og_type":"article","og_title":"Las medidas adoptadas por el Gobierno para paliar la crisis agraria que vive el sector se van a tramitar como ley en el Congreso - UAGA","og_description":"El pleno del Congreso ha aprobado esta semana la tramitaci\u00f3n como ley, por v\u00eda de urgencia,del Real Decreto-Ley 5\/2020 en el que se adoptaron las medidas urgentes en materia de agricultura y alimentaci\u00f3n para paliar los da\u00f1os en el sector por la ca\u00edda de precios en los productos agrarios. Esta tramitaci\u00f3n es de gran inter\u00e9s [&hellip;]","og_url":"https:\/\/www.uaga.eus\/las-medidas-adoptadas-por-el-gobierno-para-paliar-la-crisis-agraria-que-vive-el-sector-se-van-a-tramitar-como-ley-en-el-congreso\/","og_site_name":"UAGA","article_published_time":"2020-03-27T13:23:38+00:00","og_image":[{"width":650,"height":366,"url":"https:\/\/www.uaga.eus\/wp-content\/uploads\/2020\/03\/patatas.jpg","type":"image\/jpeg"}],"author":"Blanca S\u00e1nchez","twitter_card":"summary_large_image","twitter_misc":{"Written by":"Blanca S\u00e1nchez","Est. reading time":"1 minutua"},"schema":{"@context":"https:\/\/schema.org","@graph":[{"@type":"WebPage","@id":"https:\/\/www.uaga.eus\/las-medidas-adoptadas-por-el-gobierno-para-paliar-la-crisis-agraria-que-vive-el-sector-se-van-a-tramitar-como-ley-en-el-congreso\/","url":"https:\/\/www.uaga.eus\/las-medidas-adoptadas-por-el-gobierno-para-paliar-la-crisis-agraria-que-vive-el-sector-se-van-a-tramitar-como-ley-en-el-congreso\/","name":"Las medidas adoptadas por el Gobierno para paliar la crisis agraria que vive el sector se van a tramitar como ley en el Congreso - UAGA","isPartOf":{"@id":"https:\/\/www.uaga.eus\/#website"},"datePublished":"2020-03-27T13:23:38+00:00","dateModified":"2020-03-27T13:23:38+00:00","author":{"@id":"https:\/\/www.uaga.eus\/#\/schema\/person\/48c3cbf0f33d1b788226dbb6518689cf"},"breadcrumb":{"@id":"https:\/\/www.uaga.eus\/las-medidas-adoptadas-por-el-gobierno-para-paliar-la-crisis-agraria-que-vive-el-sector-se-van-a-tramitar-como-ley-en-el-congreso\/#breadcrumb"},"inLanguage":"eu","potentialAction":[{"@type":"ReadAction","target":["https:\/\/www.uaga.eus\/las-medidas-adoptadas-por-el-gobierno-para-paliar-la-crisis-agraria-que-vive-el-sector-se-van-a-tramitar-como-ley-en-el-congreso\/"]}]},{"@type":"BreadcrumbList","@id":"https:\/\/www.uaga.eus\/las-medidas-adoptadas-por-el-gobierno-para-paliar-la-crisis-agraria-que-vive-el-sector-se-van-a-tramitar-como-ley-en-el-congreso\/#breadcrumb","itemListElement":[{"@type":"ListItem","position":1,"name":"Inicio","item":"https:\/\/www.uaga.eus\/"},{"@type":"ListItem","position":2,"name":"Las medidas adoptadas por el Gobierno para paliar la crisis agraria que vive el sector se van a tramitar como ley en el Congreso"}]},{"@type":"WebSite","@id":"https:\/\/www.uaga.eus\/#website","url":"https:\/\/www.uaga.eus\/","name":"UAGA","description":"Uni\u00f3n Agroganadera de \u00c1lava - Araba Nekazarien Elkartea","potentialAction":[{"@type":"SearchAction","target":{"@type":"EntryPoint","urlTemplate":"https:\/\/www.uaga.eus\/?s={search_term_string}"},"query-input":"required name=search_term_string"}],"inLanguage":"eu"},{"@type":"Person","@id":"https:\/\/www.uaga.eus\/#\/schema\/person\/48c3cbf0f33d1b788226dbb6518689cf","name":"Blanca S\u00e1nchez","image":{"@type":"ImageObject","inLanguage":"eu","@id":"https:\/\/www.uaga.eus\/#\/schema\/person\/image\/","url":"https:\/\/secure.gravatar.com\/avatar\/0dc91c20648254b1ce84877283f6751b?s=96&d=mm&r=g","contentUrl":"https:\/\/secure.gravatar.com\/avatar\/0dc91c20648254b1ce84877283f6751b?s=96&d=mm&r=g","caption":"Blanca S\u00e1nchez"},"url":"https:\/\/www.uaga.eus\/eu\/author\/bsanchez\/"}]}},"_links":{"self":[{"href":"https:\/\/www.uaga.eus\/eu\/wp-json\/wp\/v2\/posts\/7087"}],"collection":[{"href":"https:\/\/www.uaga.eus\/eu\/wp-json\/wp\/v2\/posts"}],"about":[{"href":"https:\/\/www.uaga.eus\/eu\/wp-json\/wp\/v2\/types\/post"}],"author":[{"embeddable":true,"href":"https:\/\/www.uaga.eus\/eu\/wp-json\/wp\/v2\/users\/4"}],"replies":[{"embeddable":true,"href":"https:\/\/www.uaga.eus\/eu\/wp-json\/wp\/v2\/comments?post=7087"}],"version-history":[{"count":1,"href":"https:\/\/www.uaga.eus\/eu\/wp-json\/wp\/v2\/posts\/7087\/revisions"}],"predecessor-version":[{"id":7088,"href":"https:\/\/www.uaga.eus\/eu\/wp-json\/wp\/v2\/posts\/7087\/revisions\/7088"}],"wp:featuredmedia":[{"embeddable":true,"href":"https:\/\/www.uaga.eus\/eu\/wp-json\/wp\/v2\/media\/7079"}],"wp:attachment":[{"href":"https:\/\/www.uaga.eus\/eu\/wp-json\/wp\/v2\/media?parent=7087"}],"wp:term":[{"taxonomy":"category","embeddable":true,"href":"https:\/\/www.uaga.eus\/eu\/wp-json\/wp\/v2\/categories?post=7087"},{"taxonomy":"post_tag","embeddable":true,"href":"https:\/\/www.uaga.eus\/eu\/wp-json\/wp\/v2\/tags?post=7087"}],"curies":[{"name":"wp","href":"https:\/\/api.w.org\/{rel}","templated":true}]}}