{"id":7084,"date":"2020-03-27T13:21:25","date_gmt":"2020-03-27T13:21:25","guid":{"rendered":"https:\/\/www.uaga.eus\/?p=7084"},"modified":"2020-04-03T12:56:11","modified_gmt":"2020-04-03T12:56:11","slug":"copa-cogeca-organizacion-representante-del-sector-a-nivel-europeo-y-de-la-que-forma-parte-uaga-a-traves-de-coag-ha-publicado-un-informe-sobre-el-impacto-del-covid-19","status":"publish","type":"post","link":"https:\/\/www.uaga.eus\/eu\/copa-cogeca-organizacion-representante-del-sector-a-nivel-europeo-y-de-la-que-forma-parte-uaga-a-traves-de-coag-ha-publicado-un-informe-sobre-el-impacto-del-covid-19\/","title":{"rendered":"COPA-COGECA, organizaci\u00f3n representante del sector a nivel europeo, y de la que forma parte UAGA a trav\u00e9s de COAG, ha publicado un informe sobre el impacto del COVID-19\u00a0"},"content":{"rendered":"<p><span style=\"font-family: arial, helvetica neue, helvetica, sans-serif;\">Seg\u00fan el informe de COPA-COGECA, los principales sectores agr\u00edcolas, ganaderos y forestales est\u00e1n sufriendo de golpe las secuelas de la crisis originada por el coronavirus, que tendr\u00e1 efectos tanto inmediatos como a medio y largo plazo. En el <a href=\"https:\/\/mcusercontent.com\/498b950ccfc4b8d0e600d7e48\/files\/dc78890c-08d0-432f-8d04-abf8b366da6f\/20200324_COPA_Bruselas_Impacto_del_COVID_19_en_el_sector_agrario.pdf\" target=\"_blank\" rel=\"noopener\" data-cke-saved-href=\"https:\/\/mcusercontent.com\/498b950ccfc4b8d0e600d7e48\/files\/dc78890c-08d0-432f-8d04-abf8b366da6f\/20200324_COPA_Bruselas_Impacto_del_COVID_19_en_el_sector_agrario.pdf\">documento<\/a> adjunto puedes ver los diferentes efectos por sectores.<\/span><\/p>\n<p>El documento plantea que esta crisis posiblemente ponga en juego tanto el mercado \u00fanico como los mercados internacionales, peligrando las cadenas de suministro, los empleos y, en \u00faltima instancia, la seguridad alimentaria de la UE.<\/p>\n<p>COPA-COGECA pide a las instituciones de la Uni\u00f3n Europea y a los Estados miembros a que adopten las medidas necesarias y las apliquen para garantizar el buen funcionamiento del mercado \u00fanico y, en particular, el de la agricultura de la Uni\u00f3n Europea.<\/p>\n<p>Tambi\u00e9n debe garantizarse la continuidad de la actividad de las explotaciones agr\u00edcolas y ganaderas y las cooperativas agrarias, con el fin de asegurar el suministro diario de alimentos y productos para los ciudadanos de la Uni\u00f3n Europea, a la luz de un mayor endurecimiento de las restricciones de libre circulaci\u00f3n.<\/p>\n<p>Por lo tanto, deben introducirse todas las medidas que puedan salvaguardar y garantizar el funcionamiento de la actividad agraria y su cadena de valor.<\/p>\n<div>\n<p>+info YOLANDA: 615 779 584<\/p>\n<hr \/>\n<\/div>\n","protected":false},"excerpt":{"rendered":"<p>Seg\u00fan el informe de COPA-COGECA, los principales sectores agr\u00edcolas, ganaderos y forestales est\u00e1n sufriendo de golpe las secuelas de la crisis originada por el coronavirus, que tendr\u00e1 efectos tanto inmediatos como a medio y largo plazo. En el documento adjunto puedes ver los diferentes efectos por sectores. El documento plantea que esta crisis posiblemente ponga [&hellip;]<\/p>\n","protected":false},"author":4,"featured_media":6658,"comment_status":"closed","ping_status":"closed","sticky":false,"template":"","format":"standard","meta":{"footnotes":""},"categories":[7,111,8,4],"tags":[],"yoast_head":"<!-- This site is optimized with the Yoast SEO plugin v21.5 - https:\/\/yoast.com\/wordpress\/plugins\/seo\/ -->\n<title>COPA-COGECA, organizaci\u00f3n representante del sector a nivel europeo, y de la que forma parte UAGA a trav\u00e9s de COAG, ha publicado un informe sobre el impacto del COVID-19\u00a0 - UAGA<\/title>\n<meta name=\"robots\" content=\"index, follow, max-snippet:-1, max-image-preview:large, max-video-preview:-1\" \/>\n<link rel=\"canonical\" href=\"https:\/\/www.uaga.eus\/copa-cogeca-organizacion-representante-del-sector-a-nivel-europeo-y-de-la-que-forma-parte-uaga-a-traves-de-coag-ha-publicado-un-informe-sobre-el-impacto-del-covid-19\/\" \/>\n<meta property=\"og:locale\" content=\"en_US\" \/>\n<meta property=\"og:type\" content=\"article\" \/>\n<meta property=\"og:title\" content=\"COPA-COGECA, organizaci\u00f3n representante del sector a nivel europeo, y de la que forma parte UAGA a trav\u00e9s de COAG, ha publicado un informe sobre el impacto del COVID-19\u00a0 - UAGA\" \/>\n<meta property=\"og:description\" content=\"Seg\u00fan el informe de COPA-COGECA, los principales sectores agr\u00edcolas, ganaderos y forestales est\u00e1n sufriendo de golpe las secuelas de la crisis originada por el coronavirus, que tendr\u00e1 efectos tanto inmediatos como a medio y largo plazo. En el documento adjunto puedes ver los diferentes efectos por sectores. El documento plantea que esta crisis posiblemente ponga [&hellip;]\" \/>\n<meta property=\"og:url\" content=\"https:\/\/www.uaga.eus\/copa-cogeca-organizacion-representante-del-sector-a-nivel-europeo-y-de-la-que-forma-parte-uaga-a-traves-de-coag-ha-publicado-un-informe-sobre-el-impacto-del-covid-19\/\" \/>\n<meta property=\"og:site_name\" content=\"UAGA\" \/>\n<meta property=\"article:published_time\" content=\"2020-03-27T13:21:25+00:00\" \/>\n<meta property=\"article:modified_time\" content=\"2020-04-03T12:56:11+00:00\" \/>\n<meta property=\"og:image\" content=\"https:\/\/www.uaga.eus\/wp-content\/uploads\/2019\/11\/almacen-cereal-garlan-e1574426763599.jpg\" \/>\n\t<meta property=\"og:image:width\" content=\"700\" \/>\n\t<meta property=\"og:image:height\" content=\"313\" \/>\n\t<meta property=\"og:image:type\" content=\"image\/jpeg\" \/>\n<meta name=\"author\" content=\"Blanca S\u00e1nchez\" \/>\n<meta name=\"twitter:card\" content=\"summary_large_image\" \/>\n<meta name=\"twitter:label1\" content=\"Written by\" \/>\n\t<meta name=\"twitter:data1\" content=\"Blanca S\u00e1nchez\" \/>\n\t<meta name=\"twitter:label2\" content=\"Est. reading time\" \/>\n\t<meta name=\"twitter:data2\" content=\"1 minutua\" \/>\n<script type=\"application\/ld+json\" class=\"yoast-schema-graph\">{\"@context\":\"https:\/\/schema.org\",\"@graph\":[{\"@type\":\"WebPage\",\"@id\":\"https:\/\/www.uaga.eus\/copa-cogeca-organizacion-representante-del-sector-a-nivel-europeo-y-de-la-que-forma-parte-uaga-a-traves-de-coag-ha-publicado-un-informe-sobre-el-impacto-del-covid-19\/\",\"url\":\"https:\/\/www.uaga.eus\/copa-cogeca-organizacion-representante-del-sector-a-nivel-europeo-y-de-la-que-forma-parte-uaga-a-traves-de-coag-ha-publicado-un-informe-sobre-el-impacto-del-covid-19\/\",\"name\":\"COPA-COGECA, organizaci\u00f3n representante del sector a nivel europeo, y de la que forma parte UAGA a trav\u00e9s de COAG, ha publicado un informe sobre el impacto del COVID-19\u00a0 - UAGA\",\"isPartOf\":{\"@id\":\"https:\/\/www.uaga.eus\/#website\"},\"datePublished\":\"2020-03-27T13:21:25+00:00\",\"dateModified\":\"2020-04-03T12:56:11+00:00\",\"author\":{\"@id\":\"https:\/\/www.uaga.eus\/#\/schema\/person\/48c3cbf0f33d1b788226dbb6518689cf\"},\"breadcrumb\":{\"@id\":\"https:\/\/www.uaga.eus\/copa-cogeca-organizacion-representante-del-sector-a-nivel-europeo-y-de-la-que-forma-parte-uaga-a-traves-de-coag-ha-publicado-un-informe-sobre-el-impacto-del-covid-19\/#breadcrumb\"},\"inLanguage\":\"eu\",\"potentialAction\":[{\"@type\":\"ReadAction\",\"target\":[\"https:\/\/www.uaga.eus\/copa-cogeca-organizacion-representante-del-sector-a-nivel-europeo-y-de-la-que-forma-parte-uaga-a-traves-de-coag-ha-publicado-un-informe-sobre-el-impacto-del-covid-19\/\"]}]},{\"@type\":\"BreadcrumbList\",\"@id\":\"https:\/\/www.uaga.eus\/copa-cogeca-organizacion-representante-del-sector-a-nivel-europeo-y-de-la-que-forma-parte-uaga-a-traves-de-coag-ha-publicado-un-informe-sobre-el-impacto-del-covid-19\/#breadcrumb\",\"itemListElement\":[{\"@type\":\"ListItem\",\"position\":1,\"name\":\"Inicio\",\"item\":\"https:\/\/www.uaga.eus\/\"},{\"@type\":\"ListItem\",\"position\":2,\"name\":\"COPA-COGECA, organizaci\u00f3n representante del sector a nivel europeo, y de la que forma parte UAGA a trav\u00e9s de COAG, ha publicado un informe sobre el impacto del COVID-19\u00a0\"}]},{\"@type\":\"WebSite\",\"@id\":\"https:\/\/www.uaga.eus\/#website\",\"url\":\"https:\/\/www.uaga.eus\/\",\"name\":\"UAGA\",\"description\":\"Uni\u00f3n Agroganadera de \u00c1lava - Araba Nekazarien Elkartea\",\"potentialAction\":[{\"@type\":\"SearchAction\",\"target\":{\"@type\":\"EntryPoint\",\"urlTemplate\":\"https:\/\/www.uaga.eus\/?s={search_term_string}\"},\"query-input\":\"required name=search_term_string\"}],\"inLanguage\":\"eu\"},{\"@type\":\"Person\",\"@id\":\"https:\/\/www.uaga.eus\/#\/schema\/person\/48c3cbf0f33d1b788226dbb6518689cf\",\"name\":\"Blanca S\u00e1nchez\",\"image\":{\"@type\":\"ImageObject\",\"inLanguage\":\"eu\",\"@id\":\"https:\/\/www.uaga.eus\/#\/schema\/person\/image\/\",\"url\":\"https:\/\/secure.gravatar.com\/avatar\/0dc91c20648254b1ce84877283f6751b?s=96&d=mm&r=g\",\"contentUrl\":\"https:\/\/secure.gravatar.com\/avatar\/0dc91c20648254b1ce84877283f6751b?s=96&d=mm&r=g\",\"caption\":\"Blanca S\u00e1nchez\"},\"url\":\"https:\/\/www.uaga.eus\/eu\/author\/bsanchez\/\"}]}<\/script>\n<!-- \/ Yoast SEO plugin. -->","yoast_head_json":{"title":"COPA-COGECA, organizaci\u00f3n representante del sector a nivel europeo, y de la que forma parte UAGA a trav\u00e9s de COAG, ha publicado un informe sobre el impacto del COVID-19\u00a0 - UAGA","robots":{"index":"index","follow":"follow","max-snippet":"max-snippet:-1","max-image-preview":"max-image-preview:large","max-video-preview":"max-video-preview:-1"},"canonical":"https:\/\/www.uaga.eus\/copa-cogeca-organizacion-representante-del-sector-a-nivel-europeo-y-de-la-que-forma-parte-uaga-a-traves-de-coag-ha-publicado-un-informe-sobre-el-impacto-del-covid-19\/","og_locale":"en_US","og_type":"article","og_title":"COPA-COGECA, organizaci\u00f3n representante del sector a nivel europeo, y de la que forma parte UAGA a trav\u00e9s de COAG, ha publicado un informe sobre el impacto del COVID-19\u00a0 - UAGA","og_description":"Seg\u00fan el informe de COPA-COGECA, los principales sectores agr\u00edcolas, ganaderos y forestales est\u00e1n sufriendo de golpe las secuelas de la crisis originada por el coronavirus, que tendr\u00e1 efectos tanto inmediatos como a medio y largo plazo. En el documento adjunto puedes ver los diferentes efectos por sectores. El documento plantea que esta crisis posiblemente ponga [&hellip;]","og_url":"https:\/\/www.uaga.eus\/copa-cogeca-organizacion-representante-del-sector-a-nivel-europeo-y-de-la-que-forma-parte-uaga-a-traves-de-coag-ha-publicado-un-informe-sobre-el-impacto-del-covid-19\/","og_site_name":"UAGA","article_published_time":"2020-03-27T13:21:25+00:00","article_modified_time":"2020-04-03T12:56:11+00:00","og_image":[{"width":700,"height":313,"url":"https:\/\/www.uaga.eus\/wp-content\/uploads\/2019\/11\/almacen-cereal-garlan-e1574426763599.jpg","type":"image\/jpeg"}],"author":"Blanca S\u00e1nchez","twitter_card":"summary_large_image","twitter_misc":{"Written by":"Blanca S\u00e1nchez","Est. reading time":"1 minutua"},"schema":{"@context":"https:\/\/schema.org","@graph":[{"@type":"WebPage","@id":"https:\/\/www.uaga.eus\/copa-cogeca-organizacion-representante-del-sector-a-nivel-europeo-y-de-la-que-forma-parte-uaga-a-traves-de-coag-ha-publicado-un-informe-sobre-el-impacto-del-covid-19\/","url":"https:\/\/www.uaga.eus\/copa-cogeca-organizacion-representante-del-sector-a-nivel-europeo-y-de-la-que-forma-parte-uaga-a-traves-de-coag-ha-publicado-un-informe-sobre-el-impacto-del-covid-19\/","name":"COPA-COGECA, organizaci\u00f3n representante del sector a nivel europeo, y de la que forma parte UAGA a trav\u00e9s de COAG, ha publicado un informe sobre el impacto del COVID-19\u00a0 - UAGA","isPartOf":{"@id":"https:\/\/www.uaga.eus\/#website"},"datePublished":"2020-03-27T13:21:25+00:00","dateModified":"2020-04-03T12:56:11+00:00","author":{"@id":"https:\/\/www.uaga.eus\/#\/schema\/person\/48c3cbf0f33d1b788226dbb6518689cf"},"breadcrumb":{"@id":"https:\/\/www.uaga.eus\/copa-cogeca-organizacion-representante-del-sector-a-nivel-europeo-y-de-la-que-forma-parte-uaga-a-traves-de-coag-ha-publicado-un-informe-sobre-el-impacto-del-covid-19\/#breadcrumb"},"inLanguage":"eu","potentialAction":[{"@type":"ReadAction","target":["https:\/\/www.uaga.eus\/copa-cogeca-organizacion-representante-del-sector-a-nivel-europeo-y-de-la-que-forma-parte-uaga-a-traves-de-coag-ha-publicado-un-informe-sobre-el-impacto-del-covid-19\/"]}]},{"@type":"BreadcrumbList","@id":"https:\/\/www.uaga.eus\/copa-cogeca-organizacion-representante-del-sector-a-nivel-europeo-y-de-la-que-forma-parte-uaga-a-traves-de-coag-ha-publicado-un-informe-sobre-el-impacto-del-covid-19\/#breadcrumb","itemListElement":[{"@type":"ListItem","position":1,"name":"Inicio","item":"https:\/\/www.uaga.eus\/"},{"@type":"ListItem","position":2,"name":"COPA-COGECA, organizaci\u00f3n representante del sector a nivel europeo, y de la que forma parte UAGA a trav\u00e9s de COAG, ha publicado un informe sobre el impacto del COVID-19\u00a0"}]},{"@type":"WebSite","@id":"https:\/\/www.uaga.eus\/#website","url":"https:\/\/www.uaga.eus\/","name":"UAGA","description":"Uni\u00f3n Agroganadera de \u00c1lava - Araba Nekazarien Elkartea","potentialAction":[{"@type":"SearchAction","target":{"@type":"EntryPoint","urlTemplate":"https:\/\/www.uaga.eus\/?s={search_term_string}"},"query-input":"required name=search_term_string"}],"inLanguage":"eu"},{"@type":"Person","@id":"https:\/\/www.uaga.eus\/#\/schema\/person\/48c3cbf0f33d1b788226dbb6518689cf","name":"Blanca S\u00e1nchez","image":{"@type":"ImageObject","inLanguage":"eu","@id":"https:\/\/www.uaga.eus\/#\/schema\/person\/image\/","url":"https:\/\/secure.gravatar.com\/avatar\/0dc91c20648254b1ce84877283f6751b?s=96&d=mm&r=g","contentUrl":"https:\/\/secure.gravatar.com\/avatar\/0dc91c20648254b1ce84877283f6751b?s=96&d=mm&r=g","caption":"Blanca S\u00e1nchez"},"url":"https:\/\/www.uaga.eus\/eu\/author\/bsanchez\/"}]}},"_links":{"self":[{"href":"https:\/\/www.uaga.eus\/eu\/wp-json\/wp\/v2\/posts\/7084"}],"collection":[{"href":"https:\/\/www.uaga.eus\/eu\/wp-json\/wp\/v2\/posts"}],"about":[{"href":"https:\/\/www.uaga.eus\/eu\/wp-json\/wp\/v2\/types\/post"}],"author":[{"embeddable":true,"href":"https:\/\/www.uaga.eus\/eu\/wp-json\/wp\/v2\/users\/4"}],"replies":[{"embeddable":true,"href":"https:\/\/www.uaga.eus\/eu\/wp-json\/wp\/v2\/comments?post=7084"}],"version-history":[{"count":2,"href":"https:\/\/www.uaga.eus\/eu\/wp-json\/wp\/v2\/posts\/7084\/revisions"}],"predecessor-version":[{"id":7086,"href":"https:\/\/www.uaga.eus\/eu\/wp-json\/wp\/v2\/posts\/7084\/revisions\/7086"}],"wp:featuredmedia":[{"embeddable":true,"href":"https:\/\/www.uaga.eus\/eu\/wp-json\/wp\/v2\/media\/6658"}],"wp:attachment":[{"href":"https:\/\/www.uaga.eus\/eu\/wp-json\/wp\/v2\/media?parent=7084"}],"wp:term":[{"taxonomy":"category","embeddable":true,"href":"https:\/\/www.uaga.eus\/eu\/wp-json\/wp\/v2\/categories?post=7084"},{"taxonomy":"post_tag","embeddable":true,"href":"https:\/\/www.uaga.eus\/eu\/wp-json\/wp\/v2\/tags?post=7084"}],"curies":[{"name":"wp","href":"https:\/\/api.w.org\/{rel}","templated":true}]}}