{"id":7075,"date":"2020-03-27T13:02:54","date_gmt":"2020-03-27T13:02:54","guid":{"rendered":"https:\/\/www.uaga.eus\/?p=7075"},"modified":"2020-04-03T12:56:56","modified_gmt":"2020-04-03T12:56:56","slug":"uaga-informa-que-el-ministerio-amplia-en-20-dias-naturales-la-fecha-contratacion-de-algunos-seguros","status":"publish","type":"post","link":"https:\/\/www.uaga.eus\/eu\/uaga-informa-que-el-ministerio-amplia-en-20-dias-naturales-la-fecha-contratacion-de-algunos-seguros\/","title":{"rendered":"UAGA informa que el Ministerio amplia en 20 d\u00edas naturales la fecha contrataci\u00f3n de algunos seguros"},"content":{"rendered":"<p>ENESA, la Entidad Estatal de Seguros Agrarios dependiente del Ministerio, ha comunicado que se ampl\u00eda la fecha de finalizaci\u00f3n del periodo de suscripci\u00f3n de los seguros de varias l\u00edneas agr\u00edcolas entre las que se encuentra uva de vinificaci\u00f3n, cultivos industriales no textiles o cultivos forrajeros, entre otros.<\/p>\n<p>Es importante tener en cuenta que los m\u00f3dulos con cobertura de helada mantienen las fechas originales de contrataci\u00f3n de los seguros.<\/p>\n<p>La ampliaci\u00f3n afecta a todas aquellas producciones y \u00e1mbitos que finalicen antes del 16 de abril de 2020, ampli\u00e1ndose 20 d\u00edas naturales desde su fecha de finalizaci\u00f3n. Adem\u00e1s, se ampl\u00eda tambi\u00e9n por el mismo periodo el plazo para realizar modificaciones de las declaraciones de seguro.<\/p>\n<p>Puedes consultar la resoluci\u00f3n de ENESA en el siguiente <a href=\"https:\/\/mcusercontent.com\/498b950ccfc4b8d0e600d7e48\/files\/c627b540-3556-4dee-9b51-669850659f3c\/Resoluci\u00f3n_ampliaci\u00f3n_firmada.pdf\" target=\"_blank\" rel=\"noopener\" data-cke-saved-href=\"https:\/\/mcusercontent.com\/498b950ccfc4b8d0e600d7e48\/files\/c627b540-3556-4dee-9b51-669850659f3c\/Resoluci\u00f3n_ampliaci\u00f3n_firmada.pdf\">enlace<\/a>.<\/p>\n<div><\/div>\n","protected":false},"excerpt":{"rendered":"<p>ENESA, la Entidad Estatal de Seguros Agrarios dependiente del Ministerio, ha comunicado que se ampl\u00eda la fecha de finalizaci\u00f3n del periodo de suscripci\u00f3n de los seguros de varias l\u00edneas agr\u00edcolas entre las que se encuentra uva de vinificaci\u00f3n, cultivos industriales no textiles o cultivos forrajeros, entre otros. Es importante tener en cuenta que los m\u00f3dulos [&hellip;]<\/p>\n","protected":false},"author":4,"featured_media":5845,"comment_status":"closed","ping_status":"closed","sticky":false,"template":"","format":"standard","meta":{"footnotes":""},"categories":[7,111,6],"tags":[],"yoast_head":"<!-- This site is optimized with the Yoast SEO plugin v21.5 - https:\/\/yoast.com\/wordpress\/plugins\/seo\/ -->\n<title>UAGA informa que el Ministerio amplia en 20 d\u00edas naturales la fecha contrataci\u00f3n de algunos seguros - UAGA<\/title>\n<meta name=\"robots\" content=\"index, follow, max-snippet:-1, max-image-preview:large, max-video-preview:-1\" \/>\n<link rel=\"canonical\" href=\"https:\/\/www.uaga.eus\/uaga-informa-que-el-ministerio-amplia-en-20-dias-naturales-la-fecha-contratacion-de-algunos-seguros\/\" \/>\n<meta property=\"og:locale\" content=\"en_US\" \/>\n<meta property=\"og:type\" content=\"article\" \/>\n<meta property=\"og:title\" content=\"UAGA informa que el Ministerio amplia en 20 d\u00edas naturales la fecha contrataci\u00f3n de algunos seguros - UAGA\" \/>\n<meta property=\"og:description\" content=\"ENESA, la Entidad Estatal de Seguros Agrarios dependiente del Ministerio, ha comunicado que se ampl\u00eda la fecha de finalizaci\u00f3n del periodo de suscripci\u00f3n de los seguros de varias l\u00edneas agr\u00edcolas entre las que se encuentra uva de vinificaci\u00f3n, cultivos industriales no textiles o cultivos forrajeros, entre otros. Es importante tener en cuenta que los m\u00f3dulos [&hellip;]\" \/>\n<meta property=\"og:url\" content=\"https:\/\/www.uaga.eus\/uaga-informa-que-el-ministerio-amplia-en-20-dias-naturales-la-fecha-contratacion-de-algunos-seguros\/\" \/>\n<meta property=\"og:site_name\" content=\"UAGA\" \/>\n<meta property=\"article:published_time\" content=\"2020-03-27T13:02:54+00:00\" \/>\n<meta property=\"article:modified_time\" content=\"2020-04-03T12:56:56+00:00\" \/>\n<meta property=\"og:image\" content=\"https:\/\/www.uaga.eus\/wp-content\/uploads\/2019\/03\/vi\u00f1a.jpg\" \/>\n\t<meta property=\"og:image:width\" content=\"650\" \/>\n\t<meta property=\"og:image:height\" content=\"330\" \/>\n\t<meta property=\"og:image:type\" content=\"image\/jpeg\" \/>\n<meta name=\"author\" content=\"Blanca S\u00e1nchez\" \/>\n<meta name=\"twitter:card\" content=\"summary_large_image\" \/>\n<meta name=\"twitter:label1\" content=\"Written by\" \/>\n\t<meta name=\"twitter:data1\" content=\"Blanca S\u00e1nchez\" \/>\n\t<meta name=\"twitter:label2\" content=\"Est. reading time\" \/>\n\t<meta name=\"twitter:data2\" content=\"1 minutua\" \/>\n<script type=\"application\/ld+json\" class=\"yoast-schema-graph\">{\"@context\":\"https:\/\/schema.org\",\"@graph\":[{\"@type\":\"WebPage\",\"@id\":\"https:\/\/www.uaga.eus\/uaga-informa-que-el-ministerio-amplia-en-20-dias-naturales-la-fecha-contratacion-de-algunos-seguros\/\",\"url\":\"https:\/\/www.uaga.eus\/uaga-informa-que-el-ministerio-amplia-en-20-dias-naturales-la-fecha-contratacion-de-algunos-seguros\/\",\"name\":\"UAGA informa que el Ministerio amplia en 20 d\u00edas naturales la fecha contrataci\u00f3n de algunos seguros - UAGA\",\"isPartOf\":{\"@id\":\"https:\/\/www.uaga.eus\/#website\"},\"datePublished\":\"2020-03-27T13:02:54+00:00\",\"dateModified\":\"2020-04-03T12:56:56+00:00\",\"author\":{\"@id\":\"https:\/\/www.uaga.eus\/#\/schema\/person\/48c3cbf0f33d1b788226dbb6518689cf\"},\"breadcrumb\":{\"@id\":\"https:\/\/www.uaga.eus\/uaga-informa-que-el-ministerio-amplia-en-20-dias-naturales-la-fecha-contratacion-de-algunos-seguros\/#breadcrumb\"},\"inLanguage\":\"eu\",\"potentialAction\":[{\"@type\":\"ReadAction\",\"target\":[\"https:\/\/www.uaga.eus\/uaga-informa-que-el-ministerio-amplia-en-20-dias-naturales-la-fecha-contratacion-de-algunos-seguros\/\"]}]},{\"@type\":\"BreadcrumbList\",\"@id\":\"https:\/\/www.uaga.eus\/uaga-informa-que-el-ministerio-amplia-en-20-dias-naturales-la-fecha-contratacion-de-algunos-seguros\/#breadcrumb\",\"itemListElement\":[{\"@type\":\"ListItem\",\"position\":1,\"name\":\"Inicio\",\"item\":\"https:\/\/www.uaga.eus\/\"},{\"@type\":\"ListItem\",\"position\":2,\"name\":\"UAGA informa que el Ministerio amplia en 20 d\u00edas naturales la fecha contrataci\u00f3n de algunos seguros\"}]},{\"@type\":\"WebSite\",\"@id\":\"https:\/\/www.uaga.eus\/#website\",\"url\":\"https:\/\/www.uaga.eus\/\",\"name\":\"UAGA\",\"description\":\"Uni\u00f3n Agroganadera de \u00c1lava - Araba Nekazarien Elkartea\",\"potentialAction\":[{\"@type\":\"SearchAction\",\"target\":{\"@type\":\"EntryPoint\",\"urlTemplate\":\"https:\/\/www.uaga.eus\/?s={search_term_string}\"},\"query-input\":\"required name=search_term_string\"}],\"inLanguage\":\"eu\"},{\"@type\":\"Person\",\"@id\":\"https:\/\/www.uaga.eus\/#\/schema\/person\/48c3cbf0f33d1b788226dbb6518689cf\",\"name\":\"Blanca S\u00e1nchez\",\"image\":{\"@type\":\"ImageObject\",\"inLanguage\":\"eu\",\"@id\":\"https:\/\/www.uaga.eus\/#\/schema\/person\/image\/\",\"url\":\"https:\/\/secure.gravatar.com\/avatar\/0dc91c20648254b1ce84877283f6751b?s=96&d=mm&r=g\",\"contentUrl\":\"https:\/\/secure.gravatar.com\/avatar\/0dc91c20648254b1ce84877283f6751b?s=96&d=mm&r=g\",\"caption\":\"Blanca S\u00e1nchez\"},\"url\":\"https:\/\/www.uaga.eus\/eu\/author\/bsanchez\/\"}]}<\/script>\n<!-- \/ Yoast SEO plugin. -->","yoast_head_json":{"title":"UAGA informa que el Ministerio amplia en 20 d\u00edas naturales la fecha contrataci\u00f3n de algunos seguros - UAGA","robots":{"index":"index","follow":"follow","max-snippet":"max-snippet:-1","max-image-preview":"max-image-preview:large","max-video-preview":"max-video-preview:-1"},"canonical":"https:\/\/www.uaga.eus\/uaga-informa-que-el-ministerio-amplia-en-20-dias-naturales-la-fecha-contratacion-de-algunos-seguros\/","og_locale":"en_US","og_type":"article","og_title":"UAGA informa que el Ministerio amplia en 20 d\u00edas naturales la fecha contrataci\u00f3n de algunos seguros - UAGA","og_description":"ENESA, la Entidad Estatal de Seguros Agrarios dependiente del Ministerio, ha comunicado que se ampl\u00eda la fecha de finalizaci\u00f3n del periodo de suscripci\u00f3n de los seguros de varias l\u00edneas agr\u00edcolas entre las que se encuentra uva de vinificaci\u00f3n, cultivos industriales no textiles o cultivos forrajeros, entre otros. Es importante tener en cuenta que los m\u00f3dulos [&hellip;]","og_url":"https:\/\/www.uaga.eus\/uaga-informa-que-el-ministerio-amplia-en-20-dias-naturales-la-fecha-contratacion-de-algunos-seguros\/","og_site_name":"UAGA","article_published_time":"2020-03-27T13:02:54+00:00","article_modified_time":"2020-04-03T12:56:56+00:00","og_image":[{"width":650,"height":330,"url":"https:\/\/www.uaga.eus\/wp-content\/uploads\/2019\/03\/vi\u00f1a.jpg","type":"image\/jpeg"}],"author":"Blanca S\u00e1nchez","twitter_card":"summary_large_image","twitter_misc":{"Written by":"Blanca S\u00e1nchez","Est. reading time":"1 minutua"},"schema":{"@context":"https:\/\/schema.org","@graph":[{"@type":"WebPage","@id":"https:\/\/www.uaga.eus\/uaga-informa-que-el-ministerio-amplia-en-20-dias-naturales-la-fecha-contratacion-de-algunos-seguros\/","url":"https:\/\/www.uaga.eus\/uaga-informa-que-el-ministerio-amplia-en-20-dias-naturales-la-fecha-contratacion-de-algunos-seguros\/","name":"UAGA informa que el Ministerio amplia en 20 d\u00edas naturales la fecha contrataci\u00f3n de algunos seguros - UAGA","isPartOf":{"@id":"https:\/\/www.uaga.eus\/#website"},"datePublished":"2020-03-27T13:02:54+00:00","dateModified":"2020-04-03T12:56:56+00:00","author":{"@id":"https:\/\/www.uaga.eus\/#\/schema\/person\/48c3cbf0f33d1b788226dbb6518689cf"},"breadcrumb":{"@id":"https:\/\/www.uaga.eus\/uaga-informa-que-el-ministerio-amplia-en-20-dias-naturales-la-fecha-contratacion-de-algunos-seguros\/#breadcrumb"},"inLanguage":"eu","potentialAction":[{"@type":"ReadAction","target":["https:\/\/www.uaga.eus\/uaga-informa-que-el-ministerio-amplia-en-20-dias-naturales-la-fecha-contratacion-de-algunos-seguros\/"]}]},{"@type":"BreadcrumbList","@id":"https:\/\/www.uaga.eus\/uaga-informa-que-el-ministerio-amplia-en-20-dias-naturales-la-fecha-contratacion-de-algunos-seguros\/#breadcrumb","itemListElement":[{"@type":"ListItem","position":1,"name":"Inicio","item":"https:\/\/www.uaga.eus\/"},{"@type":"ListItem","position":2,"name":"UAGA informa que el Ministerio amplia en 20 d\u00edas naturales la fecha contrataci\u00f3n de algunos seguros"}]},{"@type":"WebSite","@id":"https:\/\/www.uaga.eus\/#website","url":"https:\/\/www.uaga.eus\/","name":"UAGA","description":"Uni\u00f3n Agroganadera de \u00c1lava - Araba Nekazarien Elkartea","potentialAction":[{"@type":"SearchAction","target":{"@type":"EntryPoint","urlTemplate":"https:\/\/www.uaga.eus\/?s={search_term_string}"},"query-input":"required name=search_term_string"}],"inLanguage":"eu"},{"@type":"Person","@id":"https:\/\/www.uaga.eus\/#\/schema\/person\/48c3cbf0f33d1b788226dbb6518689cf","name":"Blanca S\u00e1nchez","image":{"@type":"ImageObject","inLanguage":"eu","@id":"https:\/\/www.uaga.eus\/#\/schema\/person\/image\/","url":"https:\/\/secure.gravatar.com\/avatar\/0dc91c20648254b1ce84877283f6751b?s=96&d=mm&r=g","contentUrl":"https:\/\/secure.gravatar.com\/avatar\/0dc91c20648254b1ce84877283f6751b?s=96&d=mm&r=g","caption":"Blanca S\u00e1nchez"},"url":"https:\/\/www.uaga.eus\/eu\/author\/bsanchez\/"}]}},"_links":{"self":[{"href":"https:\/\/www.uaga.eus\/eu\/wp-json\/wp\/v2\/posts\/7075"}],"collection":[{"href":"https:\/\/www.uaga.eus\/eu\/wp-json\/wp\/v2\/posts"}],"about":[{"href":"https:\/\/www.uaga.eus\/eu\/wp-json\/wp\/v2\/types\/post"}],"author":[{"embeddable":true,"href":"https:\/\/www.uaga.eus\/eu\/wp-json\/wp\/v2\/users\/4"}],"replies":[{"embeddable":true,"href":"https:\/\/www.uaga.eus\/eu\/wp-json\/wp\/v2\/comments?post=7075"}],"version-history":[{"count":1,"href":"https:\/\/www.uaga.eus\/eu\/wp-json\/wp\/v2\/posts\/7075\/revisions"}],"predecessor-version":[{"id":7076,"href":"https:\/\/www.uaga.eus\/eu\/wp-json\/wp\/v2\/posts\/7075\/revisions\/7076"}],"wp:featuredmedia":[{"embeddable":true,"href":"https:\/\/www.uaga.eus\/eu\/wp-json\/wp\/v2\/media\/5845"}],"wp:attachment":[{"href":"https:\/\/www.uaga.eus\/eu\/wp-json\/wp\/v2\/media?parent=7075"}],"wp:term":[{"taxonomy":"category","embeddable":true,"href":"https:\/\/www.uaga.eus\/eu\/wp-json\/wp\/v2\/categories?post=7075"},{"taxonomy":"post_tag","embeddable":true,"href":"https:\/\/www.uaga.eus\/eu\/wp-json\/wp\/v2\/tags?post=7075"}],"curies":[{"name":"wp","href":"https:\/\/api.w.org\/{rel}","templated":true}]}}