{"id":7073,"date":"2020-03-27T13:01:36","date_gmt":"2020-03-27T13:01:36","guid":{"rendered":"https:\/\/www.uaga.eus\/?p=7073"},"modified":"2020-04-03T12:57:17","modified_gmt":"2020-04-03T12:57:17","slug":"erkide-informa-de-la-situacion-de-los-principales-productos-y-sectores-cooperativizados-2","status":"publish","type":"post","link":"https:\/\/www.uaga.eus\/eu\/erkide-informa-de-la-situacion-de-los-principales-productos-y-sectores-cooperativizados-2\/","title":{"rendered":"ERKIDE informa de la situaci\u00f3n de los principales productos y sectores cooperativizados"},"content":{"rendered":"<p>La Federaci\u00f3n de Cooperativas de Euskadi, ERKIDE, informa de la situaci\u00f3n de los principales productos y sectores agr\u00edcolas cooperativizados a fecha 24 de marzo:<\/p>\n<ul>\n<li><strong>Vino<\/strong>: La situaci\u00f3n es dif\u00edcil, ya que hay 0 facturaci\u00f3n, la exportaci\u00f3n est\u00e1 cayendo y la distribuci\u00f3n dice que no va a pagar (refiri\u00e9ndose a pagos de pedidos de enero). Ante esta situaci\u00f3n se va a negociar para financiar a trav\u00e9s de bancos la actividad con el fin de seguir pagando a proveedores y poder mantener la actividad. De cara a futuro esta situaci\u00f3n anticipa un precio de uva para la pr\u00f3xima vendimia muy bajo.<\/li>\n<li><strong>Leche ovino y queso:<\/strong> problemas para la comercializaci\u00f3n de leche de ovino ya que ha ca\u00eddo la demanda de este producto. En la venta de cordero tambi\u00e9n existen problemas<\/li>\n<li><strong>Frutas y hortalizas:<\/strong> La distribuci\u00f3n se ha estabilizado, pero el par\u00f3n del HORECA esta causando ca\u00eddas de hasta un 40% de la demanda habitual. La fruta esta semana esta en una situaci\u00f3n algo peor de lo que ser\u00eda habitual en este momento del a\u00f1o. No hay nada de mercado para flor. La producci\u00f3n que no se comercializa se intenta aprovechar para alimentaci\u00f3n animal. La organizaci\u00f3n de turnos causa una bajada de la productividad de las cooperativas, en pro de la salud de las personas trabajadoras.<\/li>\n<li><strong>Suministros agrarios y agrotiendas<\/strong>: Las cooperativas de suministros est\u00e1n trabajando a un ritmo menor que el de la semana pasada, aunque en algunos casos se nota que se est\u00e1 haciendo acopio de materiales en previsi\u00f3n de que pueda existir roturas de stock en algunos elementos. En algunos casos, no se dispone de mascarillas, y los trabajadores est\u00e1n tirando de recursos propios para la fabricaci\u00f3n casera de las mismas. Si hay guantes y tambi\u00e9n gafas de seguridad. En algunos casos se ha procedido a la solicitud de ERTEs para reducir la exposici\u00f3n y ajustarse a la demanda que est\u00e1n teniendo y en otros casos, se ha van a realizar incorporaciones de personal para permitir el descanso f\u00edsico y mental al que est\u00e1n sometidas las personas. As\u00ed mismo, se est\u00e1 generalizando el pago con tarjeta.<\/li>\n<li><strong>Patata<\/strong>: Estabilizado el consumo de patata fresca, los supermercados son el canal que est\u00e1 funcionando para el consumo del hogar y en las capitales hay un incremento de la compra online. Los detallistas tienen menos ventas y muchos han cerrado. El HORECA ha ca\u00eddo, por los que las l\u00edneas destinadas a este canal est\u00e1n paradas. Los subproductos no tienen el ritmo de salida habitual. No es un problema de momento, pero se est\u00e1 acumulando. Los precios se est\u00e1n manteniendo, aunque en origen existen algunas ideas para aumentarlos. El personal se ha organizado en turnos, se dispone de separaciones con barreras f\u00edsicas, se hay EPIs para una semana y se ha realizado pedido conjunto que se prev\u00e9 que llegue en la primera semana de abril. Se ha dejado un turno completo en cuarentena, para suplir posibles bajas. De momento no ha habido positivos.<\/li>\n<li><strong>Legumbres: <\/strong>Sigue habiendo m\u00e1s actividad de la media habitual, pero es menor que la de la semana pasada. Las legumbres seg\u00fan art\u00edculo de Alimerk, han tenido un incremento del 340%.<\/li>\n<li><strong>Cereal:<\/strong> El consumo de cebada malta ha ca\u00eddo por el impacto HORECA. En el resto de los cereales los precios est\u00e1n subiendo. Existe algo de inquietud ante la situaci\u00f3n del personal en los puertos, ya que ante un cese de su actividad puedan influir de manera negativa. Por ello los precios de los productos locales suben. En el ma\u00edz la tendencia es plana y a la baja. Los suministros para las actividades agrarias que toca hacer, est\u00e1n garantizados por las previsiones que se han hecho. A partir de ahora toca mantener la previsi\u00f3n, ya que algunos suministradores pueden espaciar su capacidad de entrega.<\/li>\n<li><strong>Piensos:<\/strong> Normalidad en el suministro, transporte desde puerto algo m\u00e1s lento, pero sin incidencias. Sigue un leve incremento del pienso a granel, dado que las explotaciones no apuran el vaciado de sus stocks. Y en la distribuci\u00f3n en sacos los clientes est\u00e1n acaparando producto, por la situaci\u00f3n para no quedar desabastecidos en un hipot\u00e9tico futuro.<\/li>\n<\/ul>\n","protected":false},"excerpt":{"rendered":"<p>La Federaci\u00f3n de Cooperativas de Euskadi, ERKIDE, informa de la situaci\u00f3n de los principales productos y sectores agr\u00edcolas cooperativizados a fecha 24 de marzo: Vino: La situaci\u00f3n es dif\u00edcil, ya que hay 0 facturaci\u00f3n, la exportaci\u00f3n est\u00e1 cayendo y la distribuci\u00f3n dice que no va a pagar (refiri\u00e9ndose a pagos de pedidos de enero). Ante [&hellip;]<\/p>\n","protected":false},"author":4,"featured_media":6363,"comment_status":"closed","ping_status":"closed","sticky":false,"template":"","format":"standard","meta":{"footnotes":""},"categories":[7,12,111,8],"tags":[],"yoast_head":"<!-- This site is optimized with the Yoast SEO plugin v21.5 - https:\/\/yoast.com\/wordpress\/plugins\/seo\/ -->\n<title>ERKIDE informa de la situaci\u00f3n de los principales productos y sectores cooperativizados - UAGA<\/title>\n<meta name=\"robots\" content=\"index, follow, max-snippet:-1, max-image-preview:large, max-video-preview:-1\" \/>\n<link rel=\"canonical\" href=\"https:\/\/www.uaga.eus\/erkide-informa-de-la-situacion-de-los-principales-productos-y-sectores-cooperativizados-2\/\" \/>\n<meta property=\"og:locale\" content=\"en_US\" \/>\n<meta property=\"og:type\" content=\"article\" \/>\n<meta property=\"og:title\" content=\"ERKIDE informa de la situaci\u00f3n de los principales productos y sectores cooperativizados - UAGA\" \/>\n<meta property=\"og:description\" content=\"La Federaci\u00f3n de Cooperativas de Euskadi, ERKIDE, informa de la situaci\u00f3n de los principales productos y sectores agr\u00edcolas cooperativizados a fecha 24 de marzo: Vino: La situaci\u00f3n es dif\u00edcil, ya que hay 0 facturaci\u00f3n, la exportaci\u00f3n est\u00e1 cayendo y la distribuci\u00f3n dice que no va a pagar (refiri\u00e9ndose a pagos de pedidos de enero). Ante [&hellip;]\" \/>\n<meta property=\"og:url\" content=\"https:\/\/www.uaga.eus\/erkide-informa-de-la-situacion-de-los-principales-productos-y-sectores-cooperativizados-2\/\" \/>\n<meta property=\"og:site_name\" content=\"UAGA\" \/>\n<meta property=\"article:published_time\" content=\"2020-03-27T13:01:36+00:00\" \/>\n<meta property=\"article:modified_time\" content=\"2020-04-03T12:57:17+00:00\" \/>\n<meta property=\"og:image\" content=\"https:\/\/www.uaga.eus\/wp-content\/uploads\/2019\/07\/Erkide.jpg\" \/>\n\t<meta property=\"og:image:width\" content=\"427\" \/>\n\t<meta property=\"og:image:height\" content=\"102\" \/>\n\t<meta property=\"og:image:type\" content=\"image\/jpeg\" \/>\n<meta name=\"author\" content=\"Blanca S\u00e1nchez\" \/>\n<meta name=\"twitter:card\" content=\"summary_large_image\" \/>\n<meta name=\"twitter:label1\" content=\"Written by\" \/>\n\t<meta name=\"twitter:data1\" content=\"Blanca S\u00e1nchez\" \/>\n\t<meta name=\"twitter:label2\" content=\"Est. reading time\" \/>\n\t<meta name=\"twitter:data2\" content=\"4 minutua\" \/>\n<script type=\"application\/ld+json\" class=\"yoast-schema-graph\">{\"@context\":\"https:\/\/schema.org\",\"@graph\":[{\"@type\":\"WebPage\",\"@id\":\"https:\/\/www.uaga.eus\/erkide-informa-de-la-situacion-de-los-principales-productos-y-sectores-cooperativizados-2\/\",\"url\":\"https:\/\/www.uaga.eus\/erkide-informa-de-la-situacion-de-los-principales-productos-y-sectores-cooperativizados-2\/\",\"name\":\"ERKIDE informa de la situaci\u00f3n de los principales productos y sectores cooperativizados - UAGA\",\"isPartOf\":{\"@id\":\"https:\/\/www.uaga.eus\/#website\"},\"datePublished\":\"2020-03-27T13:01:36+00:00\",\"dateModified\":\"2020-04-03T12:57:17+00:00\",\"author\":{\"@id\":\"https:\/\/www.uaga.eus\/#\/schema\/person\/48c3cbf0f33d1b788226dbb6518689cf\"},\"breadcrumb\":{\"@id\":\"https:\/\/www.uaga.eus\/erkide-informa-de-la-situacion-de-los-principales-productos-y-sectores-cooperativizados-2\/#breadcrumb\"},\"inLanguage\":\"eu\",\"potentialAction\":[{\"@type\":\"ReadAction\",\"target\":[\"https:\/\/www.uaga.eus\/erkide-informa-de-la-situacion-de-los-principales-productos-y-sectores-cooperativizados-2\/\"]}]},{\"@type\":\"BreadcrumbList\",\"@id\":\"https:\/\/www.uaga.eus\/erkide-informa-de-la-situacion-de-los-principales-productos-y-sectores-cooperativizados-2\/#breadcrumb\",\"itemListElement\":[{\"@type\":\"ListItem\",\"position\":1,\"name\":\"Inicio\",\"item\":\"https:\/\/www.uaga.eus\/\"},{\"@type\":\"ListItem\",\"position\":2,\"name\":\"ERKIDE informa de la situaci\u00f3n de los principales productos y sectores cooperativizados\"}]},{\"@type\":\"WebSite\",\"@id\":\"https:\/\/www.uaga.eus\/#website\",\"url\":\"https:\/\/www.uaga.eus\/\",\"name\":\"UAGA\",\"description\":\"Uni\u00f3n Agroganadera de \u00c1lava - Araba Nekazarien Elkartea\",\"potentialAction\":[{\"@type\":\"SearchAction\",\"target\":{\"@type\":\"EntryPoint\",\"urlTemplate\":\"https:\/\/www.uaga.eus\/?s={search_term_string}\"},\"query-input\":\"required name=search_term_string\"}],\"inLanguage\":\"eu\"},{\"@type\":\"Person\",\"@id\":\"https:\/\/www.uaga.eus\/#\/schema\/person\/48c3cbf0f33d1b788226dbb6518689cf\",\"name\":\"Blanca S\u00e1nchez\",\"image\":{\"@type\":\"ImageObject\",\"inLanguage\":\"eu\",\"@id\":\"https:\/\/www.uaga.eus\/#\/schema\/person\/image\/\",\"url\":\"https:\/\/secure.gravatar.com\/avatar\/0dc91c20648254b1ce84877283f6751b?s=96&d=mm&r=g\",\"contentUrl\":\"https:\/\/secure.gravatar.com\/avatar\/0dc91c20648254b1ce84877283f6751b?s=96&d=mm&r=g\",\"caption\":\"Blanca S\u00e1nchez\"},\"url\":\"https:\/\/www.uaga.eus\/eu\/author\/bsanchez\/\"}]}<\/script>\n<!-- \/ Yoast SEO plugin. -->","yoast_head_json":{"title":"ERKIDE informa de la situaci\u00f3n de los principales productos y sectores cooperativizados - UAGA","robots":{"index":"index","follow":"follow","max-snippet":"max-snippet:-1","max-image-preview":"max-image-preview:large","max-video-preview":"max-video-preview:-1"},"canonical":"https:\/\/www.uaga.eus\/erkide-informa-de-la-situacion-de-los-principales-productos-y-sectores-cooperativizados-2\/","og_locale":"en_US","og_type":"article","og_title":"ERKIDE informa de la situaci\u00f3n de los principales productos y sectores cooperativizados - UAGA","og_description":"La Federaci\u00f3n de Cooperativas de Euskadi, ERKIDE, informa de la situaci\u00f3n de los principales productos y sectores agr\u00edcolas cooperativizados a fecha 24 de marzo: Vino: La situaci\u00f3n es dif\u00edcil, ya que hay 0 facturaci\u00f3n, la exportaci\u00f3n est\u00e1 cayendo y la distribuci\u00f3n dice que no va a pagar (refiri\u00e9ndose a pagos de pedidos de enero). Ante [&hellip;]","og_url":"https:\/\/www.uaga.eus\/erkide-informa-de-la-situacion-de-los-principales-productos-y-sectores-cooperativizados-2\/","og_site_name":"UAGA","article_published_time":"2020-03-27T13:01:36+00:00","article_modified_time":"2020-04-03T12:57:17+00:00","og_image":[{"width":427,"height":102,"url":"https:\/\/www.uaga.eus\/wp-content\/uploads\/2019\/07\/Erkide.jpg","type":"image\/jpeg"}],"author":"Blanca S\u00e1nchez","twitter_card":"summary_large_image","twitter_misc":{"Written by":"Blanca S\u00e1nchez","Est. reading time":"4 minutua"},"schema":{"@context":"https:\/\/schema.org","@graph":[{"@type":"WebPage","@id":"https:\/\/www.uaga.eus\/erkide-informa-de-la-situacion-de-los-principales-productos-y-sectores-cooperativizados-2\/","url":"https:\/\/www.uaga.eus\/erkide-informa-de-la-situacion-de-los-principales-productos-y-sectores-cooperativizados-2\/","name":"ERKIDE informa de la situaci\u00f3n de los principales productos y sectores cooperativizados - UAGA","isPartOf":{"@id":"https:\/\/www.uaga.eus\/#website"},"datePublished":"2020-03-27T13:01:36+00:00","dateModified":"2020-04-03T12:57:17+00:00","author":{"@id":"https:\/\/www.uaga.eus\/#\/schema\/person\/48c3cbf0f33d1b788226dbb6518689cf"},"breadcrumb":{"@id":"https:\/\/www.uaga.eus\/erkide-informa-de-la-situacion-de-los-principales-productos-y-sectores-cooperativizados-2\/#breadcrumb"},"inLanguage":"eu","potentialAction":[{"@type":"ReadAction","target":["https:\/\/www.uaga.eus\/erkide-informa-de-la-situacion-de-los-principales-productos-y-sectores-cooperativizados-2\/"]}]},{"@type":"BreadcrumbList","@id":"https:\/\/www.uaga.eus\/erkide-informa-de-la-situacion-de-los-principales-productos-y-sectores-cooperativizados-2\/#breadcrumb","itemListElement":[{"@type":"ListItem","position":1,"name":"Inicio","item":"https:\/\/www.uaga.eus\/"},{"@type":"ListItem","position":2,"name":"ERKIDE informa de la situaci\u00f3n de los principales productos y sectores cooperativizados"}]},{"@type":"WebSite","@id":"https:\/\/www.uaga.eus\/#website","url":"https:\/\/www.uaga.eus\/","name":"UAGA","description":"Uni\u00f3n Agroganadera de \u00c1lava - Araba Nekazarien Elkartea","potentialAction":[{"@type":"SearchAction","target":{"@type":"EntryPoint","urlTemplate":"https:\/\/www.uaga.eus\/?s={search_term_string}"},"query-input":"required name=search_term_string"}],"inLanguage":"eu"},{"@type":"Person","@id":"https:\/\/www.uaga.eus\/#\/schema\/person\/48c3cbf0f33d1b788226dbb6518689cf","name":"Blanca S\u00e1nchez","image":{"@type":"ImageObject","inLanguage":"eu","@id":"https:\/\/www.uaga.eus\/#\/schema\/person\/image\/","url":"https:\/\/secure.gravatar.com\/avatar\/0dc91c20648254b1ce84877283f6751b?s=96&d=mm&r=g","contentUrl":"https:\/\/secure.gravatar.com\/avatar\/0dc91c20648254b1ce84877283f6751b?s=96&d=mm&r=g","caption":"Blanca S\u00e1nchez"},"url":"https:\/\/www.uaga.eus\/eu\/author\/bsanchez\/"}]}},"_links":{"self":[{"href":"https:\/\/www.uaga.eus\/eu\/wp-json\/wp\/v2\/posts\/7073"}],"collection":[{"href":"https:\/\/www.uaga.eus\/eu\/wp-json\/wp\/v2\/posts"}],"about":[{"href":"https:\/\/www.uaga.eus\/eu\/wp-json\/wp\/v2\/types\/post"}],"author":[{"embeddable":true,"href":"https:\/\/www.uaga.eus\/eu\/wp-json\/wp\/v2\/users\/4"}],"replies":[{"embeddable":true,"href":"https:\/\/www.uaga.eus\/eu\/wp-json\/wp\/v2\/comments?post=7073"}],"version-history":[{"count":1,"href":"https:\/\/www.uaga.eus\/eu\/wp-json\/wp\/v2\/posts\/7073\/revisions"}],"predecessor-version":[{"id":7074,"href":"https:\/\/www.uaga.eus\/eu\/wp-json\/wp\/v2\/posts\/7073\/revisions\/7074"}],"wp:featuredmedia":[{"embeddable":true,"href":"https:\/\/www.uaga.eus\/eu\/wp-json\/wp\/v2\/media\/6363"}],"wp:attachment":[{"href":"https:\/\/www.uaga.eus\/eu\/wp-json\/wp\/v2\/media?parent=7073"}],"wp:term":[{"taxonomy":"category","embeddable":true,"href":"https:\/\/www.uaga.eus\/eu\/wp-json\/wp\/v2\/categories?post=7073"},{"taxonomy":"post_tag","embeddable":true,"href":"https:\/\/www.uaga.eus\/eu\/wp-json\/wp\/v2\/tags?post=7073"}],"curies":[{"name":"wp","href":"https:\/\/api.w.org\/{rel}","templated":true}]}}