{"id":7034,"date":"2020-03-20T14:31:06","date_gmt":"2020-03-20T14:31:06","guid":{"rendered":"https:\/\/www.uaga.eus\/?p=7034"},"modified":"2020-04-03T12:57:39","modified_gmt":"2020-04-03T12:57:39","slug":"la-comision-europea-ampliara-hasta-el-15-de-junio-el-plazo-de-presentacion-de-la-pac","status":"publish","type":"post","link":"https:\/\/www.uaga.eus\/eu\/la-comision-europea-ampliara-hasta-el-15-de-junio-el-plazo-de-presentacion-de-la-pac\/","title":{"rendered":"La Comisi\u00f3n Europea ampliar\u00e1 hasta el 15 de junio el plazo de presentaci\u00f3n de la PAC"},"content":{"rendered":"<p>La Comisi\u00f3n Europea a accedido a la petici\u00f3n de Espa\u00f1a e Italia de ampliar el plazo de solicitud de las ayudas PAC, que finalizaba el 30 de abril.<\/p>\n<p>La UE ha comunicado que ampliar\u00e1 \u00a0hasta el 15 de junio el plazo de presentaci\u00f3n de las solicitudes para la ayuda de la Pol\u00edtica Agraria Com\u00fan (PAC) y que facilitar\u00e1 a los agricultores y ganaderos la realizaci\u00f3n de este tr\u00e1mite.<\/p>\n<div>+info SUGOI: 675 707 696<\/div>\n<div><\/div>\n","protected":false},"excerpt":{"rendered":"<p>La Comisi\u00f3n Europea a accedido a la petici\u00f3n de Espa\u00f1a e Italia de ampliar el plazo de solicitud de las ayudas PAC, que finalizaba el 30 de abril. La UE ha comunicado que ampliar\u00e1 \u00a0hasta el 15 de junio el plazo de presentaci\u00f3n de las solicitudes para la ayuda de la Pol\u00edtica Agraria Com\u00fan (PAC) [&hellip;]<\/p>\n","protected":false},"author":4,"featured_media":4566,"comment_status":"closed","ping_status":"closed","sticky":false,"template":"","format":"standard","meta":{"footnotes":""},"categories":[5,111],"tags":[],"yoast_head":"<!-- This site is optimized with the Yoast SEO plugin v21.5 - https:\/\/yoast.com\/wordpress\/plugins\/seo\/ -->\n<title>La Comisi\u00f3n Europea ampliar\u00e1 hasta el 15 de junio el plazo de presentaci\u00f3n de la PAC - UAGA<\/title>\n<meta name=\"robots\" content=\"index, follow, max-snippet:-1, max-image-preview:large, max-video-preview:-1\" \/>\n<link rel=\"canonical\" href=\"https:\/\/www.uaga.eus\/la-comision-europea-ampliara-hasta-el-15-de-junio-el-plazo-de-presentacion-de-la-pac\/\" \/>\n<meta property=\"og:locale\" content=\"en_US\" \/>\n<meta property=\"og:type\" content=\"article\" \/>\n<meta property=\"og:title\" content=\"La Comisi\u00f3n Europea ampliar\u00e1 hasta el 15 de junio el plazo de presentaci\u00f3n de la PAC - UAGA\" \/>\n<meta property=\"og:description\" content=\"La Comisi\u00f3n Europea a accedido a la petici\u00f3n de Espa\u00f1a e Italia de ampliar el plazo de solicitud de las ayudas PAC, que finalizaba el 30 de abril. La UE ha comunicado que ampliar\u00e1 \u00a0hasta el 15 de junio el plazo de presentaci\u00f3n de las solicitudes para la ayuda de la Pol\u00edtica Agraria Com\u00fan (PAC) [&hellip;]\" \/>\n<meta property=\"og:url\" content=\"https:\/\/www.uaga.eus\/la-comision-europea-ampliara-hasta-el-15-de-junio-el-plazo-de-presentacion-de-la-pac\/\" \/>\n<meta property=\"og:site_name\" content=\"UAGA\" \/>\n<meta property=\"article:published_time\" content=\"2020-03-20T14:31:06+00:00\" \/>\n<meta property=\"article:modified_time\" content=\"2020-04-03T12:57:39+00:00\" \/>\n<meta property=\"og:image\" content=\"https:\/\/www.uaga.eus\/wp-content\/uploads\/2018\/10\/john-towner-117308-unsplash-e1539262238701.jpg\" \/>\n\t<meta property=\"og:image:width\" content=\"700\" \/>\n\t<meta property=\"og:image:height\" content=\"348\" \/>\n\t<meta property=\"og:image:type\" content=\"image\/jpeg\" \/>\n<meta name=\"author\" content=\"Blanca S\u00e1nchez\" \/>\n<meta name=\"twitter:card\" content=\"summary_large_image\" \/>\n<meta name=\"twitter:label1\" content=\"Written by\" \/>\n\t<meta name=\"twitter:data1\" content=\"Blanca S\u00e1nchez\" \/>\n<script type=\"application\/ld+json\" class=\"yoast-schema-graph\">{\"@context\":\"https:\/\/schema.org\",\"@graph\":[{\"@type\":\"WebPage\",\"@id\":\"https:\/\/www.uaga.eus\/la-comision-europea-ampliara-hasta-el-15-de-junio-el-plazo-de-presentacion-de-la-pac\/\",\"url\":\"https:\/\/www.uaga.eus\/la-comision-europea-ampliara-hasta-el-15-de-junio-el-plazo-de-presentacion-de-la-pac\/\",\"name\":\"La Comisi\u00f3n Europea ampliar\u00e1 hasta el 15 de junio el plazo de presentaci\u00f3n de la PAC - UAGA\",\"isPartOf\":{\"@id\":\"https:\/\/www.uaga.eus\/#website\"},\"datePublished\":\"2020-03-20T14:31:06+00:00\",\"dateModified\":\"2020-04-03T12:57:39+00:00\",\"author\":{\"@id\":\"https:\/\/www.uaga.eus\/#\/schema\/person\/48c3cbf0f33d1b788226dbb6518689cf\"},\"breadcrumb\":{\"@id\":\"https:\/\/www.uaga.eus\/la-comision-europea-ampliara-hasta-el-15-de-junio-el-plazo-de-presentacion-de-la-pac\/#breadcrumb\"},\"inLanguage\":\"eu\",\"potentialAction\":[{\"@type\":\"ReadAction\",\"target\":[\"https:\/\/www.uaga.eus\/la-comision-europea-ampliara-hasta-el-15-de-junio-el-plazo-de-presentacion-de-la-pac\/\"]}]},{\"@type\":\"BreadcrumbList\",\"@id\":\"https:\/\/www.uaga.eus\/la-comision-europea-ampliara-hasta-el-15-de-junio-el-plazo-de-presentacion-de-la-pac\/#breadcrumb\",\"itemListElement\":[{\"@type\":\"ListItem\",\"position\":1,\"name\":\"Inicio\",\"item\":\"https:\/\/www.uaga.eus\/\"},{\"@type\":\"ListItem\",\"position\":2,\"name\":\"La Comisi\u00f3n Europea ampliar\u00e1 hasta el 15 de junio el plazo de presentaci\u00f3n de la PAC\"}]},{\"@type\":\"WebSite\",\"@id\":\"https:\/\/www.uaga.eus\/#website\",\"url\":\"https:\/\/www.uaga.eus\/\",\"name\":\"UAGA\",\"description\":\"Uni\u00f3n Agroganadera de \u00c1lava - Araba Nekazarien Elkartea\",\"potentialAction\":[{\"@type\":\"SearchAction\",\"target\":{\"@type\":\"EntryPoint\",\"urlTemplate\":\"https:\/\/www.uaga.eus\/?s={search_term_string}\"},\"query-input\":\"required name=search_term_string\"}],\"inLanguage\":\"eu\"},{\"@type\":\"Person\",\"@id\":\"https:\/\/www.uaga.eus\/#\/schema\/person\/48c3cbf0f33d1b788226dbb6518689cf\",\"name\":\"Blanca S\u00e1nchez\",\"image\":{\"@type\":\"ImageObject\",\"inLanguage\":\"eu\",\"@id\":\"https:\/\/www.uaga.eus\/#\/schema\/person\/image\/\",\"url\":\"https:\/\/secure.gravatar.com\/avatar\/0dc91c20648254b1ce84877283f6751b?s=96&d=mm&r=g\",\"contentUrl\":\"https:\/\/secure.gravatar.com\/avatar\/0dc91c20648254b1ce84877283f6751b?s=96&d=mm&r=g\",\"caption\":\"Blanca S\u00e1nchez\"},\"url\":\"https:\/\/www.uaga.eus\/eu\/author\/bsanchez\/\"}]}<\/script>\n<!-- \/ Yoast SEO plugin. -->","yoast_head_json":{"title":"La Comisi\u00f3n Europea ampliar\u00e1 hasta el 15 de junio el plazo de presentaci\u00f3n de la PAC - UAGA","robots":{"index":"index","follow":"follow","max-snippet":"max-snippet:-1","max-image-preview":"max-image-preview:large","max-video-preview":"max-video-preview:-1"},"canonical":"https:\/\/www.uaga.eus\/la-comision-europea-ampliara-hasta-el-15-de-junio-el-plazo-de-presentacion-de-la-pac\/","og_locale":"en_US","og_type":"article","og_title":"La Comisi\u00f3n Europea ampliar\u00e1 hasta el 15 de junio el plazo de presentaci\u00f3n de la PAC - UAGA","og_description":"La Comisi\u00f3n Europea a accedido a la petici\u00f3n de Espa\u00f1a e Italia de ampliar el plazo de solicitud de las ayudas PAC, que finalizaba el 30 de abril. La UE ha comunicado que ampliar\u00e1 \u00a0hasta el 15 de junio el plazo de presentaci\u00f3n de las solicitudes para la ayuda de la Pol\u00edtica Agraria Com\u00fan (PAC) [&hellip;]","og_url":"https:\/\/www.uaga.eus\/la-comision-europea-ampliara-hasta-el-15-de-junio-el-plazo-de-presentacion-de-la-pac\/","og_site_name":"UAGA","article_published_time":"2020-03-20T14:31:06+00:00","article_modified_time":"2020-04-03T12:57:39+00:00","og_image":[{"width":700,"height":348,"url":"https:\/\/www.uaga.eus\/wp-content\/uploads\/2018\/10\/john-towner-117308-unsplash-e1539262238701.jpg","type":"image\/jpeg"}],"author":"Blanca S\u00e1nchez","twitter_card":"summary_large_image","twitter_misc":{"Written by":"Blanca S\u00e1nchez"},"schema":{"@context":"https:\/\/schema.org","@graph":[{"@type":"WebPage","@id":"https:\/\/www.uaga.eus\/la-comision-europea-ampliara-hasta-el-15-de-junio-el-plazo-de-presentacion-de-la-pac\/","url":"https:\/\/www.uaga.eus\/la-comision-europea-ampliara-hasta-el-15-de-junio-el-plazo-de-presentacion-de-la-pac\/","name":"La Comisi\u00f3n Europea ampliar\u00e1 hasta el 15 de junio el plazo de presentaci\u00f3n de la PAC - UAGA","isPartOf":{"@id":"https:\/\/www.uaga.eus\/#website"},"datePublished":"2020-03-20T14:31:06+00:00","dateModified":"2020-04-03T12:57:39+00:00","author":{"@id":"https:\/\/www.uaga.eus\/#\/schema\/person\/48c3cbf0f33d1b788226dbb6518689cf"},"breadcrumb":{"@id":"https:\/\/www.uaga.eus\/la-comision-europea-ampliara-hasta-el-15-de-junio-el-plazo-de-presentacion-de-la-pac\/#breadcrumb"},"inLanguage":"eu","potentialAction":[{"@type":"ReadAction","target":["https:\/\/www.uaga.eus\/la-comision-europea-ampliara-hasta-el-15-de-junio-el-plazo-de-presentacion-de-la-pac\/"]}]},{"@type":"BreadcrumbList","@id":"https:\/\/www.uaga.eus\/la-comision-europea-ampliara-hasta-el-15-de-junio-el-plazo-de-presentacion-de-la-pac\/#breadcrumb","itemListElement":[{"@type":"ListItem","position":1,"name":"Inicio","item":"https:\/\/www.uaga.eus\/"},{"@type":"ListItem","position":2,"name":"La Comisi\u00f3n Europea ampliar\u00e1 hasta el 15 de junio el plazo de presentaci\u00f3n de la PAC"}]},{"@type":"WebSite","@id":"https:\/\/www.uaga.eus\/#website","url":"https:\/\/www.uaga.eus\/","name":"UAGA","description":"Uni\u00f3n Agroganadera de \u00c1lava - Araba Nekazarien Elkartea","potentialAction":[{"@type":"SearchAction","target":{"@type":"EntryPoint","urlTemplate":"https:\/\/www.uaga.eus\/?s={search_term_string}"},"query-input":"required name=search_term_string"}],"inLanguage":"eu"},{"@type":"Person","@id":"https:\/\/www.uaga.eus\/#\/schema\/person\/48c3cbf0f33d1b788226dbb6518689cf","name":"Blanca S\u00e1nchez","image":{"@type":"ImageObject","inLanguage":"eu","@id":"https:\/\/www.uaga.eus\/#\/schema\/person\/image\/","url":"https:\/\/secure.gravatar.com\/avatar\/0dc91c20648254b1ce84877283f6751b?s=96&d=mm&r=g","contentUrl":"https:\/\/secure.gravatar.com\/avatar\/0dc91c20648254b1ce84877283f6751b?s=96&d=mm&r=g","caption":"Blanca S\u00e1nchez"},"url":"https:\/\/www.uaga.eus\/eu\/author\/bsanchez\/"}]}},"_links":{"self":[{"href":"https:\/\/www.uaga.eus\/eu\/wp-json\/wp\/v2\/posts\/7034"}],"collection":[{"href":"https:\/\/www.uaga.eus\/eu\/wp-json\/wp\/v2\/posts"}],"about":[{"href":"https:\/\/www.uaga.eus\/eu\/wp-json\/wp\/v2\/types\/post"}],"author":[{"embeddable":true,"href":"https:\/\/www.uaga.eus\/eu\/wp-json\/wp\/v2\/users\/4"}],"replies":[{"embeddable":true,"href":"https:\/\/www.uaga.eus\/eu\/wp-json\/wp\/v2\/comments?post=7034"}],"version-history":[{"count":2,"href":"https:\/\/www.uaga.eus\/eu\/wp-json\/wp\/v2\/posts\/7034\/revisions"}],"predecessor-version":[{"id":7036,"href":"https:\/\/www.uaga.eus\/eu\/wp-json\/wp\/v2\/posts\/7034\/revisions\/7036"}],"wp:featuredmedia":[{"embeddable":true,"href":"https:\/\/www.uaga.eus\/eu\/wp-json\/wp\/v2\/media\/4566"}],"wp:attachment":[{"href":"https:\/\/www.uaga.eus\/eu\/wp-json\/wp\/v2\/media?parent=7034"}],"wp:term":[{"taxonomy":"category","embeddable":true,"href":"https:\/\/www.uaga.eus\/eu\/wp-json\/wp\/v2\/categories?post=7034"},{"taxonomy":"post_tag","embeddable":true,"href":"https:\/\/www.uaga.eus\/eu\/wp-json\/wp\/v2\/tags?post=7034"}],"curies":[{"name":"wp","href":"https:\/\/api.w.org\/{rel}","templated":true}]}}