{"id":6976,"date":"2020-03-13T12:41:25","date_gmt":"2020-03-13T12:41:25","guid":{"rendered":"https:\/\/www.uaga.eus\/?p=6976"},"modified":"2020-04-03T12:59:36","modified_gmt":"2020-04-03T12:59:36","slug":"ante-la-alerta-sanitaria-y-por-la-seguridad-de-todos-la-atencion-de-uaga-sera-telefonica-en-los-proximos-15-dias","status":"publish","type":"post","link":"https:\/\/www.uaga.eus\/eu\/ante-la-alerta-sanitaria-y-por-la-seguridad-de-todos-la-atencion-de-uaga-sera-telefonica-en-los-proximos-15-dias\/","title":{"rendered":"Ante la alerta sanitaria y por la seguridad de todos, la atenci\u00f3n de UAGA ser\u00e1 telef\u00f3nica en los pr\u00f3ximos 15 d\u00edas"},"content":{"rendered":"<p>Debido a la situaci\u00f3n de grave crisis sanitaria en la que nos encontramos a consecuencia del coronavirus, con especial incidencia en determinadas zonas como \u00c1lava, y de la misma manera que est\u00e1n ya haciendo otras organizaciones, <strong>UAGA<\/strong><strong> ha decidido suspender todas las reuniones que no sean de urgencia o imprescindibles, as\u00ed como la atenci\u00f3n f\u00edsica en las oficinas, durante los pr\u00f3ximos 15 d\u00edas.<\/strong><\/p>\n<p>A nivel laboral, en la oficina de UAGA en Vitoria-Gazteiz y en Laguardia se fomentar\u00e1 el teletrabajo y la flexibilidad horaria, con el objetivo de minimizar el riesgo de contagio tanto de los trabajadores como de los afiliados de UAGA.<\/p>\n<p><strong>UAGA seguir\u00e1 ofreci\u00e9ndote el servicio de atenci\u00f3n, pero <u>de manera telef\u00f3nica<\/u> en el mismo horario de atenci\u00f3n al p\u00fablico que hasta ahora, de 9 a 14 h. y de 16 h. a 18 h. de lunes a jueves y los viernes s\u00f3lo de ma\u00f1ana.<\/strong><\/p>\n<p>Si surgiera alg\u00fan asunto para el que debamos mantener una reuni\u00f3n concertaremos una cita previa a trav\u00e9s tambi\u00e9n del tel\u00e9fono.<\/p>\n<p>Para ello, puedes contactar por tel\u00e9fono con las siguientes personas, T\u00e9cnicos de UAGA, seg\u00fan el \u00e1rea o sector a que se refiera tu consulta:<\/p>\n<p>GANADER\u00cdA:\u00a0 \u00a0 \u00a0 \u00a0 \u00a0 \u00a0 \u00a0 \u00a0 \u00a0 \u00a0 \u00a0 Sugoi \u00a0 \u00a0\u00a0\u00a0\u00a0\u00a0\u00a0\u00a0\u00a0\u00a0\u00a0\u00a0 (675 707 696)<\/p>\n<p>MAIZ:\u00a0 \u00a0 \u00a0 \u00a0 \u00a0 \u00a0 \u00a0 \u00a0 \u00a0 \u00a0 \u00a0 \u00a0 \u00a0 \u00a0 \u00a0 \u00a0 \u00a0 \u00a0 \u00a0Sugoi \u00a0 \u00a0\u00a0\u00a0\u00a0\u00a0\u00a0\u00a0\u00a0\u00a0\u00a0\u00a0 (675 707 696)<\/p>\n<p>SEGUROS:\u00a0 \u00a0 \u00a0 \u00a0 \u00a0 \u00a0 \u00a0 \u00a0 \u00a0 \u00a0 \u00a0 \u00a0 \u00a0 \u00a0 \u00a0Sugoi \u00a0 \u00a0\u00a0\u00a0\u00a0\u00a0\u00a0\u00a0\u00a0\u00a0\u00a0\u00a0 (675 707 696)<\/p>\n<p>REMOLACHA:\u00a0 \u00a0 \u00a0 \u00a0 \u00a0 \u00a0 \u00a0 \u00a0 \u00a0 \u00a0 \u00a0 Yolanda\u00a0\u00a0\u00a0\u00a0\u00a0\u00a0\u00a0\u00a0\u00a0\u00a0 (615 779 584)<\/p>\n<p>AYUDAS:\u00a0 \u00a0 \u00a0 \u00a0 \u00a0 \u00a0 \u00a0 \u00a0 \u00a0 \u00a0 \u00a0 \u00a0 \u00a0 \u00a0 \u00a0 \u00a0 \u00a0Yolanda\u00a0\u00a0\u00a0\u00a0\u00a0\u00a0\u00a0\u00a0\u00a0\u00a0 (615 779 584)<\/p>\n<p>INFRAESTRUCTURAS\u00a0 \u00a0 \u00a0 \u00a0\u00a0\u00a0Yolanda\u00a0\u00a0\u00a0\u00a0\u00a0\u00a0\u00a0\u00a0\u00a0\u00a0 (615 779 584)<\/p>\n<p>TEMPORERISMO:\u00a0 \u00a0 \u00a0 \u00a0 \u00a0 \u00a0 \u00a0 \u00a0 \u00a0 Nuria\u00a0\u00a0\u00a0\u00a0\u00a0\u00a0\u00a0\u00a0\u00a0\u00a0\u00a0\u00a0\u00a0\u00a0\u00a0 (635 704 866)\u00a0 \/\u00a0 Soiartze (635 704 867)<\/p>\n<p>VITIVIN\u00cdCOLA:\u00a0 \u00a0 \u00a0 \u00a0 \u00a0 \u00a0 \u00a0 \u00a0 \u00a0 \u00a0 \u00a0 \u00a0Nuria \u00a0\u00a0\u00a0\u00a0\u00a0\u00a0\u00a0\u00a0\u00a0\u00a0\u00a0\u00a0\u00a0\u00a0 (635 704 866)<\/p>\n<p>OTROS:\u00a0 \u00a0 \u00a0 \u00a0 \u00a0 \u00a0 \u00a0 \u00a0 \u00a0 \u00a0 \u00a0 \u00a0 \u00a0 \u00a0 \u00a0 \u00a0 \u00a0 \u00a0 \u00a0 Blanca \u00a0\u00a0\u00a0\u00a0\u00a0\u00a0\u00a0\u00a0\u00a0\u00a0\u00a0\u00a0 (628 412 202)<\/p>\n<p>Aunque tenemos que conservar la calma, es nuestra responsabilidad actuar para frenar la propagacio\u0301n del virus y, en la medida de nuestras posibilidades, garantizar la seguridad sanitaria de todos, afiliados y trabajadores de UAGA.<\/p>\n<p>Muchas gracias de antemano por ayudarnos a contribuir a incrementar la seguridad y el bienestar de todos.<\/p>\n<p>Te mantendremos informado de cualquier novedad al respecto.<\/p>\n","protected":false},"excerpt":{"rendered":"<p>Debido a la situaci\u00f3n de grave crisis sanitaria en la que nos encontramos a consecuencia del coronavirus, con especial incidencia en determinadas zonas como \u00c1lava, y de la misma manera que est\u00e1n ya haciendo otras organizaciones, UAGA ha decidido suspender todas las reuniones que no sean de urgencia o imprescindibles, as\u00ed como la atenci\u00f3n f\u00edsica [&hellip;]<\/p>\n","protected":false},"author":4,"featured_media":4226,"comment_status":"closed","ping_status":"closed","sticky":false,"template":"","format":"standard","meta":{"footnotes":""},"categories":[111,3],"tags":[],"yoast_head":"<!-- This site is optimized with the Yoast SEO plugin v21.5 - https:\/\/yoast.com\/wordpress\/plugins\/seo\/ -->\n<title>Ante la alerta sanitaria y por la seguridad de todos, la atenci\u00f3n de UAGA ser\u00e1 telef\u00f3nica en los pr\u00f3ximos 15 d\u00edas - UAGA<\/title>\n<meta name=\"robots\" content=\"index, follow, max-snippet:-1, max-image-preview:large, max-video-preview:-1\" \/>\n<link rel=\"canonical\" href=\"https:\/\/www.uaga.eus\/ante-la-alerta-sanitaria-y-por-la-seguridad-de-todos-la-atencion-de-uaga-sera-telefonica-en-los-proximos-15-dias\/\" \/>\n<meta property=\"og:locale\" content=\"en_US\" \/>\n<meta property=\"og:type\" content=\"article\" \/>\n<meta property=\"og:title\" content=\"Ante la alerta sanitaria y por la seguridad de todos, la atenci\u00f3n de UAGA ser\u00e1 telef\u00f3nica en los pr\u00f3ximos 15 d\u00edas - UAGA\" \/>\n<meta property=\"og:description\" content=\"Debido a la situaci\u00f3n de grave crisis sanitaria en la que nos encontramos a consecuencia del coronavirus, con especial incidencia en determinadas zonas como \u00c1lava, y de la misma manera que est\u00e1n ya haciendo otras organizaciones, UAGA ha decidido suspender todas las reuniones que no sean de urgencia o imprescindibles, as\u00ed como la atenci\u00f3n f\u00edsica [&hellip;]\" \/>\n<meta property=\"og:url\" content=\"https:\/\/www.uaga.eus\/ante-la-alerta-sanitaria-y-por-la-seguridad-de-todos-la-atencion-de-uaga-sera-telefonica-en-los-proximos-15-dias\/\" \/>\n<meta property=\"og:site_name\" content=\"UAGA\" \/>\n<meta property=\"article:published_time\" content=\"2020-03-13T12:41:25+00:00\" \/>\n<meta property=\"article:modified_time\" content=\"2020-04-03T12:59:36+00:00\" \/>\n<meta property=\"og:image\" content=\"https:\/\/www.uaga.eus\/wp-content\/uploads\/2018\/09\/etiq-clara-AR-e1536315461651.jpg\" \/>\n\t<meta property=\"og:image:width\" content=\"350\" \/>\n\t<meta property=\"og:image:height\" content=\"258\" \/>\n\t<meta property=\"og:image:type\" content=\"image\/jpeg\" \/>\n<meta name=\"author\" content=\"Blanca S\u00e1nchez\" \/>\n<meta name=\"twitter:card\" content=\"summary_large_image\" \/>\n<meta name=\"twitter:label1\" content=\"Written by\" \/>\n\t<meta name=\"twitter:data1\" content=\"Blanca S\u00e1nchez\" \/>\n\t<meta name=\"twitter:label2\" content=\"Est. reading time\" \/>\n\t<meta name=\"twitter:data2\" content=\"1 minutua\" \/>\n<script type=\"application\/ld+json\" class=\"yoast-schema-graph\">{\"@context\":\"https:\/\/schema.org\",\"@graph\":[{\"@type\":\"WebPage\",\"@id\":\"https:\/\/www.uaga.eus\/ante-la-alerta-sanitaria-y-por-la-seguridad-de-todos-la-atencion-de-uaga-sera-telefonica-en-los-proximos-15-dias\/\",\"url\":\"https:\/\/www.uaga.eus\/ante-la-alerta-sanitaria-y-por-la-seguridad-de-todos-la-atencion-de-uaga-sera-telefonica-en-los-proximos-15-dias\/\",\"name\":\"Ante la alerta sanitaria y por la seguridad de todos, la atenci\u00f3n de UAGA ser\u00e1 telef\u00f3nica en los pr\u00f3ximos 15 d\u00edas - UAGA\",\"isPartOf\":{\"@id\":\"https:\/\/www.uaga.eus\/#website\"},\"datePublished\":\"2020-03-13T12:41:25+00:00\",\"dateModified\":\"2020-04-03T12:59:36+00:00\",\"author\":{\"@id\":\"https:\/\/www.uaga.eus\/#\/schema\/person\/48c3cbf0f33d1b788226dbb6518689cf\"},\"breadcrumb\":{\"@id\":\"https:\/\/www.uaga.eus\/ante-la-alerta-sanitaria-y-por-la-seguridad-de-todos-la-atencion-de-uaga-sera-telefonica-en-los-proximos-15-dias\/#breadcrumb\"},\"inLanguage\":\"eu\",\"potentialAction\":[{\"@type\":\"ReadAction\",\"target\":[\"https:\/\/www.uaga.eus\/ante-la-alerta-sanitaria-y-por-la-seguridad-de-todos-la-atencion-de-uaga-sera-telefonica-en-los-proximos-15-dias\/\"]}]},{\"@type\":\"BreadcrumbList\",\"@id\":\"https:\/\/www.uaga.eus\/ante-la-alerta-sanitaria-y-por-la-seguridad-de-todos-la-atencion-de-uaga-sera-telefonica-en-los-proximos-15-dias\/#breadcrumb\",\"itemListElement\":[{\"@type\":\"ListItem\",\"position\":1,\"name\":\"Inicio\",\"item\":\"https:\/\/www.uaga.eus\/\"},{\"@type\":\"ListItem\",\"position\":2,\"name\":\"Ante la alerta sanitaria y por la seguridad de todos, la atenci\u00f3n de UAGA ser\u00e1 telef\u00f3nica en los pr\u00f3ximos 15 d\u00edas\"}]},{\"@type\":\"WebSite\",\"@id\":\"https:\/\/www.uaga.eus\/#website\",\"url\":\"https:\/\/www.uaga.eus\/\",\"name\":\"UAGA\",\"description\":\"Uni\u00f3n Agroganadera de \u00c1lava - Araba Nekazarien Elkartea\",\"potentialAction\":[{\"@type\":\"SearchAction\",\"target\":{\"@type\":\"EntryPoint\",\"urlTemplate\":\"https:\/\/www.uaga.eus\/?s={search_term_string}\"},\"query-input\":\"required name=search_term_string\"}],\"inLanguage\":\"eu\"},{\"@type\":\"Person\",\"@id\":\"https:\/\/www.uaga.eus\/#\/schema\/person\/48c3cbf0f33d1b788226dbb6518689cf\",\"name\":\"Blanca S\u00e1nchez\",\"image\":{\"@type\":\"ImageObject\",\"inLanguage\":\"eu\",\"@id\":\"https:\/\/www.uaga.eus\/#\/schema\/person\/image\/\",\"url\":\"https:\/\/secure.gravatar.com\/avatar\/0dc91c20648254b1ce84877283f6751b?s=96&d=mm&r=g\",\"contentUrl\":\"https:\/\/secure.gravatar.com\/avatar\/0dc91c20648254b1ce84877283f6751b?s=96&d=mm&r=g\",\"caption\":\"Blanca S\u00e1nchez\"},\"url\":\"https:\/\/www.uaga.eus\/eu\/author\/bsanchez\/\"}]}<\/script>\n<!-- \/ Yoast SEO plugin. -->","yoast_head_json":{"title":"Ante la alerta sanitaria y por la seguridad de todos, la atenci\u00f3n de UAGA ser\u00e1 telef\u00f3nica en los pr\u00f3ximos 15 d\u00edas - UAGA","robots":{"index":"index","follow":"follow","max-snippet":"max-snippet:-1","max-image-preview":"max-image-preview:large","max-video-preview":"max-video-preview:-1"},"canonical":"https:\/\/www.uaga.eus\/ante-la-alerta-sanitaria-y-por-la-seguridad-de-todos-la-atencion-de-uaga-sera-telefonica-en-los-proximos-15-dias\/","og_locale":"en_US","og_type":"article","og_title":"Ante la alerta sanitaria y por la seguridad de todos, la atenci\u00f3n de UAGA ser\u00e1 telef\u00f3nica en los pr\u00f3ximos 15 d\u00edas - UAGA","og_description":"Debido a la situaci\u00f3n de grave crisis sanitaria en la que nos encontramos a consecuencia del coronavirus, con especial incidencia en determinadas zonas como \u00c1lava, y de la misma manera que est\u00e1n ya haciendo otras organizaciones, UAGA ha decidido suspender todas las reuniones que no sean de urgencia o imprescindibles, as\u00ed como la atenci\u00f3n f\u00edsica [&hellip;]","og_url":"https:\/\/www.uaga.eus\/ante-la-alerta-sanitaria-y-por-la-seguridad-de-todos-la-atencion-de-uaga-sera-telefonica-en-los-proximos-15-dias\/","og_site_name":"UAGA","article_published_time":"2020-03-13T12:41:25+00:00","article_modified_time":"2020-04-03T12:59:36+00:00","og_image":[{"width":350,"height":258,"url":"https:\/\/www.uaga.eus\/wp-content\/uploads\/2018\/09\/etiq-clara-AR-e1536315461651.jpg","type":"image\/jpeg"}],"author":"Blanca S\u00e1nchez","twitter_card":"summary_large_image","twitter_misc":{"Written by":"Blanca S\u00e1nchez","Est. reading time":"1 minutua"},"schema":{"@context":"https:\/\/schema.org","@graph":[{"@type":"WebPage","@id":"https:\/\/www.uaga.eus\/ante-la-alerta-sanitaria-y-por-la-seguridad-de-todos-la-atencion-de-uaga-sera-telefonica-en-los-proximos-15-dias\/","url":"https:\/\/www.uaga.eus\/ante-la-alerta-sanitaria-y-por-la-seguridad-de-todos-la-atencion-de-uaga-sera-telefonica-en-los-proximos-15-dias\/","name":"Ante la alerta sanitaria y por la seguridad de todos, la atenci\u00f3n de UAGA ser\u00e1 telef\u00f3nica en los pr\u00f3ximos 15 d\u00edas - UAGA","isPartOf":{"@id":"https:\/\/www.uaga.eus\/#website"},"datePublished":"2020-03-13T12:41:25+00:00","dateModified":"2020-04-03T12:59:36+00:00","author":{"@id":"https:\/\/www.uaga.eus\/#\/schema\/person\/48c3cbf0f33d1b788226dbb6518689cf"},"breadcrumb":{"@id":"https:\/\/www.uaga.eus\/ante-la-alerta-sanitaria-y-por-la-seguridad-de-todos-la-atencion-de-uaga-sera-telefonica-en-los-proximos-15-dias\/#breadcrumb"},"inLanguage":"eu","potentialAction":[{"@type":"ReadAction","target":["https:\/\/www.uaga.eus\/ante-la-alerta-sanitaria-y-por-la-seguridad-de-todos-la-atencion-de-uaga-sera-telefonica-en-los-proximos-15-dias\/"]}]},{"@type":"BreadcrumbList","@id":"https:\/\/www.uaga.eus\/ante-la-alerta-sanitaria-y-por-la-seguridad-de-todos-la-atencion-de-uaga-sera-telefonica-en-los-proximos-15-dias\/#breadcrumb","itemListElement":[{"@type":"ListItem","position":1,"name":"Inicio","item":"https:\/\/www.uaga.eus\/"},{"@type":"ListItem","position":2,"name":"Ante la alerta sanitaria y por la seguridad de todos, la atenci\u00f3n de UAGA ser\u00e1 telef\u00f3nica en los pr\u00f3ximos 15 d\u00edas"}]},{"@type":"WebSite","@id":"https:\/\/www.uaga.eus\/#website","url":"https:\/\/www.uaga.eus\/","name":"UAGA","description":"Uni\u00f3n Agroganadera de \u00c1lava - Araba Nekazarien Elkartea","potentialAction":[{"@type":"SearchAction","target":{"@type":"EntryPoint","urlTemplate":"https:\/\/www.uaga.eus\/?s={search_term_string}"},"query-input":"required name=search_term_string"}],"inLanguage":"eu"},{"@type":"Person","@id":"https:\/\/www.uaga.eus\/#\/schema\/person\/48c3cbf0f33d1b788226dbb6518689cf","name":"Blanca S\u00e1nchez","image":{"@type":"ImageObject","inLanguage":"eu","@id":"https:\/\/www.uaga.eus\/#\/schema\/person\/image\/","url":"https:\/\/secure.gravatar.com\/avatar\/0dc91c20648254b1ce84877283f6751b?s=96&d=mm&r=g","contentUrl":"https:\/\/secure.gravatar.com\/avatar\/0dc91c20648254b1ce84877283f6751b?s=96&d=mm&r=g","caption":"Blanca S\u00e1nchez"},"url":"https:\/\/www.uaga.eus\/eu\/author\/bsanchez\/"}]}},"_links":{"self":[{"href":"https:\/\/www.uaga.eus\/eu\/wp-json\/wp\/v2\/posts\/6976"}],"collection":[{"href":"https:\/\/www.uaga.eus\/eu\/wp-json\/wp\/v2\/posts"}],"about":[{"href":"https:\/\/www.uaga.eus\/eu\/wp-json\/wp\/v2\/types\/post"}],"author":[{"embeddable":true,"href":"https:\/\/www.uaga.eus\/eu\/wp-json\/wp\/v2\/users\/4"}],"replies":[{"embeddable":true,"href":"https:\/\/www.uaga.eus\/eu\/wp-json\/wp\/v2\/comments?post=6976"}],"version-history":[{"count":6,"href":"https:\/\/www.uaga.eus\/eu\/wp-json\/wp\/v2\/posts\/6976\/revisions"}],"predecessor-version":[{"id":7044,"href":"https:\/\/www.uaga.eus\/eu\/wp-json\/wp\/v2\/posts\/6976\/revisions\/7044"}],"wp:featuredmedia":[{"embeddable":true,"href":"https:\/\/www.uaga.eus\/eu\/wp-json\/wp\/v2\/media\/4226"}],"wp:attachment":[{"href":"https:\/\/www.uaga.eus\/eu\/wp-json\/wp\/v2\/media?parent=6976"}],"wp:term":[{"taxonomy":"category","embeddable":true,"href":"https:\/\/www.uaga.eus\/eu\/wp-json\/wp\/v2\/categories?post=6976"},{"taxonomy":"post_tag","embeddable":true,"href":"https:\/\/www.uaga.eus\/eu\/wp-json\/wp\/v2\/tags?post=6976"}],"curies":[{"name":"wp","href":"https:\/\/api.w.org\/{rel}","templated":true}]}}