{"id":6947,"date":"2020-03-06T13:39:48","date_gmt":"2020-03-06T13:39:48","guid":{"rendered":"https:\/\/www.uaga.eus\/?p=6947"},"modified":"2020-03-09T08:52:26","modified_gmt":"2020-03-09T08:52:26","slug":"participa-en-la-manifestacion-que-organiza-uaga-el-12-de-marzo-en-defensa-del-futuro-del-sector-agrario-alaves-y-de-trevino","status":"publish","type":"post","link":"https:\/\/www.uaga.eus\/eu\/participa-en-la-manifestacion-que-organiza-uaga-el-12-de-marzo-en-defensa-del-futuro-del-sector-agrario-alaves-y-de-trevino\/","title":{"rendered":"PARTICIPA en la manifestaci\u00f3n que organiza UAGA el 12 de marzo en defensa del futuro del sector agrario alav\u00e9s y de Trevi\u00f1o"},"content":{"rendered":"<p>UAGA te invita a participar en la manifestaci\u00f3n que organiza el 12 de marzo para denunciar la dif\u00edcil situaci\u00f3n por la que atraviesa actualmente el sector agrario, con una ca\u00edda generalizada de los precios de los productos en origen, con cada vez mayores costes de producci\u00f3n, con una desregulaci\u00f3n en los mercados y con baja rentabilidad de las explotaciones agrarias.<\/p>\n<p>Hemos previsto acudir a la manifestaci\u00f3n con tractores y todoterrenos para conseguir una mayor visibilidad de nuestras demandas ante la sociedad y las instituciones.<\/p>\n<p>Iniciaremos la jornada con la concentraci\u00f3n de los veh\u00edculos a las <u><strong>10 h.<\/strong><\/u> en dos ubicaciones distintas, el parking de la cooperativa <strong><u>COCEFOR<\/u><\/strong> en Jundiz y el parking del <u><strong>BUESA ARENA<\/strong><\/u> en Zurbano.<\/p>\n<p>Llevad chalecos reflectantes para circular por la carretera.<\/p>\n<p>A las <strong><u>11 h.<\/u><\/strong> saldremos de ambas ubicaciones en dos columnas, cortando la N-1 camino a Vitoria-Gasteiz.<\/p>\n<p>Tambi\u00e9n puedes sumarse a la manifestaci\u00f3n en Vitoria-Gasteiz <u><strong>a partir de las 12:15 h<\/strong><\/u>., en Portal de Foronda 45, frente al <strong><u>parking de Arriaga<\/u><\/strong>.<\/p>\n<p>La manifestaci\u00f3n finalizar\u00e1 alrededor de las 13 h. frente al Gobierno Vasco en Lakua, donde leeremos nuestro manifiesto en defensa del futuro del sector.<\/p>\n<p><strong>\u00a1PARTICIPA!<\/strong><\/p>\n<p>\u00a1POR EL FUTURO DE NUESTRO SECTOR!<\/p>\n<div>\n<p>+info YOLANDA: 615 779 584<\/p>\n<hr \/>\n<\/div>\n<p><\/p>","protected":false},"excerpt":{"rendered":"<p>UAGA te invita a participar en la manifestaci\u00f3n que organiza el 12 de marzo para denunciar la dif\u00edcil situaci\u00f3n por la que atraviesa actualmente el sector agrario, con una ca\u00edda generalizada de los precios de los productos en origen, con cada vez mayores costes de producci\u00f3n, con una desregulaci\u00f3n en los mercados y con baja [&hellip;]<\/p>\n","protected":false},"author":4,"featured_media":6950,"comment_status":"closed","ping_status":"closed","sticky":false,"template":"","format":"standard","meta":{"footnotes":""},"categories":[3],"tags":[],"yoast_head":"<!-- This site is optimized with the Yoast SEO plugin v21.5 - https:\/\/yoast.com\/wordpress\/plugins\/seo\/ -->\n<title>PARTICIPA en la manifestaci\u00f3n que organiza UAGA el 12 de marzo en defensa del futuro del sector agrario alav\u00e9s y de Trevi\u00f1o - UAGA<\/title>\n<meta name=\"robots\" content=\"index, follow, max-snippet:-1, max-image-preview:large, max-video-preview:-1\" \/>\n<link rel=\"canonical\" href=\"https:\/\/www.uaga.eus\/participa-en-la-manifestacion-que-organiza-uaga-el-12-de-marzo-en-defensa-del-futuro-del-sector-agrario-alaves-y-de-trevino\/\" \/>\n<meta property=\"og:locale\" content=\"en_US\" \/>\n<meta property=\"og:type\" content=\"article\" \/>\n<meta property=\"og:title\" content=\"PARTICIPA en la manifestaci\u00f3n que organiza UAGA el 12 de marzo en defensa del futuro del sector agrario alav\u00e9s y de Trevi\u00f1o - UAGA\" \/>\n<meta property=\"og:description\" content=\"UAGA te invita a participar en la manifestaci\u00f3n que organiza el 12 de marzo para denunciar la dif\u00edcil situaci\u00f3n por la que atraviesa actualmente el sector agrario, con una ca\u00edda generalizada de los precios de los productos en origen, con cada vez mayores costes de producci\u00f3n, con una desregulaci\u00f3n en los mercados y con baja [&hellip;]\" \/>\n<meta property=\"og:url\" content=\"https:\/\/www.uaga.eus\/participa-en-la-manifestacion-que-organiza-uaga-el-12-de-marzo-en-defensa-del-futuro-del-sector-agrario-alaves-y-de-trevino\/\" \/>\n<meta property=\"og:site_name\" content=\"UAGA\" \/>\n<meta property=\"article:published_time\" content=\"2020-03-06T13:39:48+00:00\" \/>\n<meta property=\"article:modified_time\" content=\"2020-03-09T08:52:26+00:00\" \/>\n<meta property=\"og:image\" content=\"https:\/\/www.uaga.eus\/wp-content\/uploads\/2020\/03\/CONCENTRAC-tractores-FCBK-e1583743716531.jpg\" \/>\n\t<meta property=\"og:image:width\" content=\"700\" \/>\n\t<meta property=\"og:image:height\" content=\"371\" \/>\n\t<meta property=\"og:image:type\" content=\"image\/jpeg\" \/>\n<meta name=\"author\" content=\"Blanca S\u00e1nchez\" \/>\n<meta name=\"twitter:card\" content=\"summary_large_image\" \/>\n<meta name=\"twitter:label1\" content=\"Written by\" \/>\n\t<meta name=\"twitter:data1\" content=\"Blanca S\u00e1nchez\" \/>\n\t<meta name=\"twitter:label2\" content=\"Est. reading time\" \/>\n\t<meta name=\"twitter:data2\" content=\"2 minutua\" \/>\n<script type=\"application\/ld+json\" class=\"yoast-schema-graph\">{\"@context\":\"https:\/\/schema.org\",\"@graph\":[{\"@type\":\"WebPage\",\"@id\":\"https:\/\/www.uaga.eus\/participa-en-la-manifestacion-que-organiza-uaga-el-12-de-marzo-en-defensa-del-futuro-del-sector-agrario-alaves-y-de-trevino\/\",\"url\":\"https:\/\/www.uaga.eus\/participa-en-la-manifestacion-que-organiza-uaga-el-12-de-marzo-en-defensa-del-futuro-del-sector-agrario-alaves-y-de-trevino\/\",\"name\":\"PARTICIPA en la manifestaci\u00f3n que organiza UAGA el 12 de marzo en defensa del futuro del sector agrario alav\u00e9s y de Trevi\u00f1o - UAGA\",\"isPartOf\":{\"@id\":\"https:\/\/www.uaga.eus\/#website\"},\"datePublished\":\"2020-03-06T13:39:48+00:00\",\"dateModified\":\"2020-03-09T08:52:26+00:00\",\"author\":{\"@id\":\"https:\/\/www.uaga.eus\/#\/schema\/person\/48c3cbf0f33d1b788226dbb6518689cf\"},\"breadcrumb\":{\"@id\":\"https:\/\/www.uaga.eus\/participa-en-la-manifestacion-que-organiza-uaga-el-12-de-marzo-en-defensa-del-futuro-del-sector-agrario-alaves-y-de-trevino\/#breadcrumb\"},\"inLanguage\":\"eu\",\"potentialAction\":[{\"@type\":\"ReadAction\",\"target\":[\"https:\/\/www.uaga.eus\/participa-en-la-manifestacion-que-organiza-uaga-el-12-de-marzo-en-defensa-del-futuro-del-sector-agrario-alaves-y-de-trevino\/\"]}]},{\"@type\":\"BreadcrumbList\",\"@id\":\"https:\/\/www.uaga.eus\/participa-en-la-manifestacion-que-organiza-uaga-el-12-de-marzo-en-defensa-del-futuro-del-sector-agrario-alaves-y-de-trevino\/#breadcrumb\",\"itemListElement\":[{\"@type\":\"ListItem\",\"position\":1,\"name\":\"Inicio\",\"item\":\"https:\/\/www.uaga.eus\/\"},{\"@type\":\"ListItem\",\"position\":2,\"name\":\"PARTICIPA en la manifestaci\u00f3n que organiza UAGA el 12 de marzo en defensa del futuro del sector agrario alav\u00e9s y de Trevi\u00f1o\"}]},{\"@type\":\"WebSite\",\"@id\":\"https:\/\/www.uaga.eus\/#website\",\"url\":\"https:\/\/www.uaga.eus\/\",\"name\":\"UAGA\",\"description\":\"Uni\u00f3n Agroganadera de \u00c1lava - Araba Nekazarien Elkartea\",\"potentialAction\":[{\"@type\":\"SearchAction\",\"target\":{\"@type\":\"EntryPoint\",\"urlTemplate\":\"https:\/\/www.uaga.eus\/?s={search_term_string}\"},\"query-input\":\"required name=search_term_string\"}],\"inLanguage\":\"eu\"},{\"@type\":\"Person\",\"@id\":\"https:\/\/www.uaga.eus\/#\/schema\/person\/48c3cbf0f33d1b788226dbb6518689cf\",\"name\":\"Blanca S\u00e1nchez\",\"image\":{\"@type\":\"ImageObject\",\"inLanguage\":\"eu\",\"@id\":\"https:\/\/www.uaga.eus\/#\/schema\/person\/image\/\",\"url\":\"https:\/\/secure.gravatar.com\/avatar\/0dc91c20648254b1ce84877283f6751b?s=96&d=mm&r=g\",\"contentUrl\":\"https:\/\/secure.gravatar.com\/avatar\/0dc91c20648254b1ce84877283f6751b?s=96&d=mm&r=g\",\"caption\":\"Blanca S\u00e1nchez\"},\"url\":\"https:\/\/www.uaga.eus\/eu\/author\/bsanchez\/\"}]}<\/script>\n<!-- \/ Yoast SEO plugin. -->","yoast_head_json":{"title":"PARTICIPA en la manifestaci\u00f3n que organiza UAGA el 12 de marzo en defensa del futuro del sector agrario alav\u00e9s y de Trevi\u00f1o - UAGA","robots":{"index":"index","follow":"follow","max-snippet":"max-snippet:-1","max-image-preview":"max-image-preview:large","max-video-preview":"max-video-preview:-1"},"canonical":"https:\/\/www.uaga.eus\/participa-en-la-manifestacion-que-organiza-uaga-el-12-de-marzo-en-defensa-del-futuro-del-sector-agrario-alaves-y-de-trevino\/","og_locale":"en_US","og_type":"article","og_title":"PARTICIPA en la manifestaci\u00f3n que organiza UAGA el 12 de marzo en defensa del futuro del sector agrario alav\u00e9s y de Trevi\u00f1o - UAGA","og_description":"UAGA te invita a participar en la manifestaci\u00f3n que organiza el 12 de marzo para denunciar la dif\u00edcil situaci\u00f3n por la que atraviesa actualmente el sector agrario, con una ca\u00edda generalizada de los precios de los productos en origen, con cada vez mayores costes de producci\u00f3n, con una desregulaci\u00f3n en los mercados y con baja [&hellip;]","og_url":"https:\/\/www.uaga.eus\/participa-en-la-manifestacion-que-organiza-uaga-el-12-de-marzo-en-defensa-del-futuro-del-sector-agrario-alaves-y-de-trevino\/","og_site_name":"UAGA","article_published_time":"2020-03-06T13:39:48+00:00","article_modified_time":"2020-03-09T08:52:26+00:00","og_image":[{"width":700,"height":371,"url":"https:\/\/www.uaga.eus\/wp-content\/uploads\/2020\/03\/CONCENTRAC-tractores-FCBK-e1583743716531.jpg","type":"image\/jpeg"}],"author":"Blanca S\u00e1nchez","twitter_card":"summary_large_image","twitter_misc":{"Written by":"Blanca S\u00e1nchez","Est. reading time":"2 minutua"},"schema":{"@context":"https:\/\/schema.org","@graph":[{"@type":"WebPage","@id":"https:\/\/www.uaga.eus\/participa-en-la-manifestacion-que-organiza-uaga-el-12-de-marzo-en-defensa-del-futuro-del-sector-agrario-alaves-y-de-trevino\/","url":"https:\/\/www.uaga.eus\/participa-en-la-manifestacion-que-organiza-uaga-el-12-de-marzo-en-defensa-del-futuro-del-sector-agrario-alaves-y-de-trevino\/","name":"PARTICIPA en la manifestaci\u00f3n que organiza UAGA el 12 de marzo en defensa del futuro del sector agrario alav\u00e9s y de Trevi\u00f1o - UAGA","isPartOf":{"@id":"https:\/\/www.uaga.eus\/#website"},"datePublished":"2020-03-06T13:39:48+00:00","dateModified":"2020-03-09T08:52:26+00:00","author":{"@id":"https:\/\/www.uaga.eus\/#\/schema\/person\/48c3cbf0f33d1b788226dbb6518689cf"},"breadcrumb":{"@id":"https:\/\/www.uaga.eus\/participa-en-la-manifestacion-que-organiza-uaga-el-12-de-marzo-en-defensa-del-futuro-del-sector-agrario-alaves-y-de-trevino\/#breadcrumb"},"inLanguage":"eu","potentialAction":[{"@type":"ReadAction","target":["https:\/\/www.uaga.eus\/participa-en-la-manifestacion-que-organiza-uaga-el-12-de-marzo-en-defensa-del-futuro-del-sector-agrario-alaves-y-de-trevino\/"]}]},{"@type":"BreadcrumbList","@id":"https:\/\/www.uaga.eus\/participa-en-la-manifestacion-que-organiza-uaga-el-12-de-marzo-en-defensa-del-futuro-del-sector-agrario-alaves-y-de-trevino\/#breadcrumb","itemListElement":[{"@type":"ListItem","position":1,"name":"Inicio","item":"https:\/\/www.uaga.eus\/"},{"@type":"ListItem","position":2,"name":"PARTICIPA en la manifestaci\u00f3n que organiza UAGA el 12 de marzo en defensa del futuro del sector agrario alav\u00e9s y de Trevi\u00f1o"}]},{"@type":"WebSite","@id":"https:\/\/www.uaga.eus\/#website","url":"https:\/\/www.uaga.eus\/","name":"UAGA","description":"Uni\u00f3n Agroganadera de \u00c1lava - Araba Nekazarien Elkartea","potentialAction":[{"@type":"SearchAction","target":{"@type":"EntryPoint","urlTemplate":"https:\/\/www.uaga.eus\/?s={search_term_string}"},"query-input":"required name=search_term_string"}],"inLanguage":"eu"},{"@type":"Person","@id":"https:\/\/www.uaga.eus\/#\/schema\/person\/48c3cbf0f33d1b788226dbb6518689cf","name":"Blanca S\u00e1nchez","image":{"@type":"ImageObject","inLanguage":"eu","@id":"https:\/\/www.uaga.eus\/#\/schema\/person\/image\/","url":"https:\/\/secure.gravatar.com\/avatar\/0dc91c20648254b1ce84877283f6751b?s=96&d=mm&r=g","contentUrl":"https:\/\/secure.gravatar.com\/avatar\/0dc91c20648254b1ce84877283f6751b?s=96&d=mm&r=g","caption":"Blanca S\u00e1nchez"},"url":"https:\/\/www.uaga.eus\/eu\/author\/bsanchez\/"}]}},"_links":{"self":[{"href":"https:\/\/www.uaga.eus\/eu\/wp-json\/wp\/v2\/posts\/6947"}],"collection":[{"href":"https:\/\/www.uaga.eus\/eu\/wp-json\/wp\/v2\/posts"}],"about":[{"href":"https:\/\/www.uaga.eus\/eu\/wp-json\/wp\/v2\/types\/post"}],"author":[{"embeddable":true,"href":"https:\/\/www.uaga.eus\/eu\/wp-json\/wp\/v2\/users\/4"}],"replies":[{"embeddable":true,"href":"https:\/\/www.uaga.eus\/eu\/wp-json\/wp\/v2\/comments?post=6947"}],"version-history":[{"count":4,"href":"https:\/\/www.uaga.eus\/eu\/wp-json\/wp\/v2\/posts\/6947\/revisions"}],"predecessor-version":[{"id":6955,"href":"https:\/\/www.uaga.eus\/eu\/wp-json\/wp\/v2\/posts\/6947\/revisions\/6955"}],"wp:featuredmedia":[{"embeddable":true,"href":"https:\/\/www.uaga.eus\/eu\/wp-json\/wp\/v2\/media\/6950"}],"wp:attachment":[{"href":"https:\/\/www.uaga.eus\/eu\/wp-json\/wp\/v2\/media?parent=6947"}],"wp:term":[{"taxonomy":"category","embeddable":true,"href":"https:\/\/www.uaga.eus\/eu\/wp-json\/wp\/v2\/categories?post=6947"},{"taxonomy":"post_tag","embeddable":true,"href":"https:\/\/www.uaga.eus\/eu\/wp-json\/wp\/v2\/tags?post=6947"}],"curies":[{"name":"wp","href":"https:\/\/api.w.org\/{rel}","templated":true}]}}