{"id":6945,"date":"2020-03-06T13:33:43","date_gmt":"2020-03-06T13:33:43","guid":{"rendered":"https:\/\/www.uaga.eus\/?p=6945"},"modified":"2020-03-06T13:34:34","modified_gmt":"2020-03-06T13:34:34","slug":"uaga-celebra-la-reunion-mensual-con-el-diputado-y-la-directora-de-agricultura","status":"publish","type":"post","link":"https:\/\/www.uaga.eus\/eu\/uaga-celebra-la-reunion-mensual-con-el-diputado-y-la-directora-de-agricultura\/","title":{"rendered":"UAGA celebra la reuni\u00f3n mensual con el Diputado y la Directora de Agricultura"},"content":{"rendered":"<p>Esta semana UAGA ha mantenido una reuni\u00f3n con el Diputado de Agricultura, Eduardo Aguinaco, y la Directora de Agricultura, Asun Quintana, para tratar los asuntos de mayor inter\u00e9s en la actualidad para el sector agrario alav\u00e9s.<\/p>\n<p>En el \u00e1mbito de ayudas, nos informan que antes de final de marzo se publicar\u00e1 el Decreto del Plan de Ayudas. Adem\u00e1s, est\u00e1 previsto destinar ayudas para promover el cultivo de frutales y frutos de c\u00e1scara. Por \u00faltimo, insistimos en la revisi\u00f3n de los expedientes denegados de ayudas al despoblamiento, cuesti\u00f3n sobre la que tendremos otra reuni\u00f3n pr\u00f3ximamente.<\/p>\n<p>Otros asuntos tratados han sido de nuevo la problem\u00e1tica del sector de remolacha; los da\u00f1os ocasionados \u00faltimamente por lobos al ganado; el aumento del abandono de perros y su falta de identificaci\u00f3n y la situaci\u00f3n del plan de descontaminaci\u00f3n de Lantar\u00f3n.<\/p>\n<p>En cuanto al regad\u00edo de Valles Alaveses, Diputaci\u00f3n junto con la Comunidad de Regantes, en nombre tambi\u00e9n de UAGA, mantendr\u00e1n la pr\u00f3xima semana una reuni\u00f3n con el Ministerio de Agricultura para evitar su paralizaci\u00f3n.<\/p>\n","protected":false},"excerpt":{"rendered":"<p>Esta semana UAGA ha mantenido una reuni\u00f3n con el Diputado de Agricultura, Eduardo Aguinaco, y la Directora de Agricultura, Asun Quintana, para tratar los asuntos de mayor inter\u00e9s en la actualidad para el sector agrario alav\u00e9s. En el \u00e1mbito de ayudas, nos informan que antes de final de marzo se publicar\u00e1 el Decreto del Plan [&hellip;]<\/p>\n","protected":false},"author":4,"featured_media":2144,"comment_status":"closed","ping_status":"closed","sticky":false,"template":"","format":"standard","meta":{"footnotes":""},"categories":[3,4],"tags":[],"yoast_head":"<!-- This site is optimized with the Yoast SEO plugin v21.5 - https:\/\/yoast.com\/wordpress\/plugins\/seo\/ -->\n<title>UAGA celebra la reuni\u00f3n mensual con el Diputado y la Directora de Agricultura - UAGA<\/title>\n<meta name=\"robots\" content=\"index, follow, max-snippet:-1, max-image-preview:large, max-video-preview:-1\" \/>\n<link rel=\"canonical\" href=\"https:\/\/www.uaga.eus\/uaga-celebra-la-reunion-mensual-con-el-diputado-y-la-directora-de-agricultura\/\" \/>\n<meta property=\"og:locale\" content=\"en_US\" \/>\n<meta property=\"og:type\" content=\"article\" \/>\n<meta property=\"og:title\" content=\"UAGA celebra la reuni\u00f3n mensual con el Diputado y la Directora de Agricultura - UAGA\" \/>\n<meta property=\"og:description\" content=\"Esta semana UAGA ha mantenido una reuni\u00f3n con el Diputado de Agricultura, Eduardo Aguinaco, y la Directora de Agricultura, Asun Quintana, para tratar los asuntos de mayor inter\u00e9s en la actualidad para el sector agrario alav\u00e9s. En el \u00e1mbito de ayudas, nos informan que antes de final de marzo se publicar\u00e1 el Decreto del Plan [&hellip;]\" \/>\n<meta property=\"og:url\" content=\"https:\/\/www.uaga.eus\/uaga-celebra-la-reunion-mensual-con-el-diputado-y-la-directora-de-agricultura\/\" \/>\n<meta property=\"og:site_name\" content=\"UAGA\" \/>\n<meta property=\"article:published_time\" content=\"2020-03-06T13:33:43+00:00\" \/>\n<meta property=\"article:modified_time\" content=\"2020-03-06T13:34:34+00:00\" \/>\n<meta property=\"og:image\" content=\"https:\/\/www.uaga.eus\/wp-content\/uploads\/2018\/03\/MARCA-H-COLOR-e1521033120628.jpg\" \/>\n\t<meta property=\"og:image:width\" content=\"700\" \/>\n\t<meta property=\"og:image:height\" content=\"240\" \/>\n\t<meta property=\"og:image:type\" content=\"image\/jpeg\" \/>\n<meta name=\"author\" content=\"Blanca S\u00e1nchez\" \/>\n<meta name=\"twitter:card\" content=\"summary_large_image\" \/>\n<meta name=\"twitter:label1\" content=\"Written by\" \/>\n\t<meta name=\"twitter:data1\" content=\"Blanca S\u00e1nchez\" \/>\n\t<meta name=\"twitter:label2\" content=\"Est. reading time\" \/>\n\t<meta name=\"twitter:data2\" content=\"1 minutua\" \/>\n<script type=\"application\/ld+json\" class=\"yoast-schema-graph\">{\"@context\":\"https:\/\/schema.org\",\"@graph\":[{\"@type\":\"WebPage\",\"@id\":\"https:\/\/www.uaga.eus\/uaga-celebra-la-reunion-mensual-con-el-diputado-y-la-directora-de-agricultura\/\",\"url\":\"https:\/\/www.uaga.eus\/uaga-celebra-la-reunion-mensual-con-el-diputado-y-la-directora-de-agricultura\/\",\"name\":\"UAGA celebra la reuni\u00f3n mensual con el Diputado y la Directora de Agricultura - UAGA\",\"isPartOf\":{\"@id\":\"https:\/\/www.uaga.eus\/#website\"},\"datePublished\":\"2020-03-06T13:33:43+00:00\",\"dateModified\":\"2020-03-06T13:34:34+00:00\",\"author\":{\"@id\":\"https:\/\/www.uaga.eus\/#\/schema\/person\/48c3cbf0f33d1b788226dbb6518689cf\"},\"breadcrumb\":{\"@id\":\"https:\/\/www.uaga.eus\/uaga-celebra-la-reunion-mensual-con-el-diputado-y-la-directora-de-agricultura\/#breadcrumb\"},\"inLanguage\":\"eu\",\"potentialAction\":[{\"@type\":\"ReadAction\",\"target\":[\"https:\/\/www.uaga.eus\/uaga-celebra-la-reunion-mensual-con-el-diputado-y-la-directora-de-agricultura\/\"]}]},{\"@type\":\"BreadcrumbList\",\"@id\":\"https:\/\/www.uaga.eus\/uaga-celebra-la-reunion-mensual-con-el-diputado-y-la-directora-de-agricultura\/#breadcrumb\",\"itemListElement\":[{\"@type\":\"ListItem\",\"position\":1,\"name\":\"Inicio\",\"item\":\"https:\/\/www.uaga.eus\/\"},{\"@type\":\"ListItem\",\"position\":2,\"name\":\"UAGA celebra la reuni\u00f3n mensual con el Diputado y la Directora de Agricultura\"}]},{\"@type\":\"WebSite\",\"@id\":\"https:\/\/www.uaga.eus\/#website\",\"url\":\"https:\/\/www.uaga.eus\/\",\"name\":\"UAGA\",\"description\":\"Uni\u00f3n Agroganadera de \u00c1lava - Araba Nekazarien Elkartea\",\"potentialAction\":[{\"@type\":\"SearchAction\",\"target\":{\"@type\":\"EntryPoint\",\"urlTemplate\":\"https:\/\/www.uaga.eus\/?s={search_term_string}\"},\"query-input\":\"required name=search_term_string\"}],\"inLanguage\":\"eu\"},{\"@type\":\"Person\",\"@id\":\"https:\/\/www.uaga.eus\/#\/schema\/person\/48c3cbf0f33d1b788226dbb6518689cf\",\"name\":\"Blanca S\u00e1nchez\",\"image\":{\"@type\":\"ImageObject\",\"inLanguage\":\"eu\",\"@id\":\"https:\/\/www.uaga.eus\/#\/schema\/person\/image\/\",\"url\":\"https:\/\/secure.gravatar.com\/avatar\/0dc91c20648254b1ce84877283f6751b?s=96&d=mm&r=g\",\"contentUrl\":\"https:\/\/secure.gravatar.com\/avatar\/0dc91c20648254b1ce84877283f6751b?s=96&d=mm&r=g\",\"caption\":\"Blanca S\u00e1nchez\"},\"url\":\"https:\/\/www.uaga.eus\/eu\/author\/bsanchez\/\"}]}<\/script>\n<!-- \/ Yoast SEO plugin. -->","yoast_head_json":{"title":"UAGA celebra la reuni\u00f3n mensual con el Diputado y la Directora de Agricultura - UAGA","robots":{"index":"index","follow":"follow","max-snippet":"max-snippet:-1","max-image-preview":"max-image-preview:large","max-video-preview":"max-video-preview:-1"},"canonical":"https:\/\/www.uaga.eus\/uaga-celebra-la-reunion-mensual-con-el-diputado-y-la-directora-de-agricultura\/","og_locale":"en_US","og_type":"article","og_title":"UAGA celebra la reuni\u00f3n mensual con el Diputado y la Directora de Agricultura - UAGA","og_description":"Esta semana UAGA ha mantenido una reuni\u00f3n con el Diputado de Agricultura, Eduardo Aguinaco, y la Directora de Agricultura, Asun Quintana, para tratar los asuntos de mayor inter\u00e9s en la actualidad para el sector agrario alav\u00e9s. En el \u00e1mbito de ayudas, nos informan que antes de final de marzo se publicar\u00e1 el Decreto del Plan [&hellip;]","og_url":"https:\/\/www.uaga.eus\/uaga-celebra-la-reunion-mensual-con-el-diputado-y-la-directora-de-agricultura\/","og_site_name":"UAGA","article_published_time":"2020-03-06T13:33:43+00:00","article_modified_time":"2020-03-06T13:34:34+00:00","og_image":[{"width":700,"height":240,"url":"https:\/\/www.uaga.eus\/wp-content\/uploads\/2018\/03\/MARCA-H-COLOR-e1521033120628.jpg","type":"image\/jpeg"}],"author":"Blanca S\u00e1nchez","twitter_card":"summary_large_image","twitter_misc":{"Written by":"Blanca S\u00e1nchez","Est. reading time":"1 minutua"},"schema":{"@context":"https:\/\/schema.org","@graph":[{"@type":"WebPage","@id":"https:\/\/www.uaga.eus\/uaga-celebra-la-reunion-mensual-con-el-diputado-y-la-directora-de-agricultura\/","url":"https:\/\/www.uaga.eus\/uaga-celebra-la-reunion-mensual-con-el-diputado-y-la-directora-de-agricultura\/","name":"UAGA celebra la reuni\u00f3n mensual con el Diputado y la Directora de Agricultura - UAGA","isPartOf":{"@id":"https:\/\/www.uaga.eus\/#website"},"datePublished":"2020-03-06T13:33:43+00:00","dateModified":"2020-03-06T13:34:34+00:00","author":{"@id":"https:\/\/www.uaga.eus\/#\/schema\/person\/48c3cbf0f33d1b788226dbb6518689cf"},"breadcrumb":{"@id":"https:\/\/www.uaga.eus\/uaga-celebra-la-reunion-mensual-con-el-diputado-y-la-directora-de-agricultura\/#breadcrumb"},"inLanguage":"eu","potentialAction":[{"@type":"ReadAction","target":["https:\/\/www.uaga.eus\/uaga-celebra-la-reunion-mensual-con-el-diputado-y-la-directora-de-agricultura\/"]}]},{"@type":"BreadcrumbList","@id":"https:\/\/www.uaga.eus\/uaga-celebra-la-reunion-mensual-con-el-diputado-y-la-directora-de-agricultura\/#breadcrumb","itemListElement":[{"@type":"ListItem","position":1,"name":"Inicio","item":"https:\/\/www.uaga.eus\/"},{"@type":"ListItem","position":2,"name":"UAGA celebra la reuni\u00f3n mensual con el Diputado y la Directora de Agricultura"}]},{"@type":"WebSite","@id":"https:\/\/www.uaga.eus\/#website","url":"https:\/\/www.uaga.eus\/","name":"UAGA","description":"Uni\u00f3n Agroganadera de \u00c1lava - Araba Nekazarien Elkartea","potentialAction":[{"@type":"SearchAction","target":{"@type":"EntryPoint","urlTemplate":"https:\/\/www.uaga.eus\/?s={search_term_string}"},"query-input":"required name=search_term_string"}],"inLanguage":"eu"},{"@type":"Person","@id":"https:\/\/www.uaga.eus\/#\/schema\/person\/48c3cbf0f33d1b788226dbb6518689cf","name":"Blanca S\u00e1nchez","image":{"@type":"ImageObject","inLanguage":"eu","@id":"https:\/\/www.uaga.eus\/#\/schema\/person\/image\/","url":"https:\/\/secure.gravatar.com\/avatar\/0dc91c20648254b1ce84877283f6751b?s=96&d=mm&r=g","contentUrl":"https:\/\/secure.gravatar.com\/avatar\/0dc91c20648254b1ce84877283f6751b?s=96&d=mm&r=g","caption":"Blanca S\u00e1nchez"},"url":"https:\/\/www.uaga.eus\/eu\/author\/bsanchez\/"}]}},"_links":{"self":[{"href":"https:\/\/www.uaga.eus\/eu\/wp-json\/wp\/v2\/posts\/6945"}],"collection":[{"href":"https:\/\/www.uaga.eus\/eu\/wp-json\/wp\/v2\/posts"}],"about":[{"href":"https:\/\/www.uaga.eus\/eu\/wp-json\/wp\/v2\/types\/post"}],"author":[{"embeddable":true,"href":"https:\/\/www.uaga.eus\/eu\/wp-json\/wp\/v2\/users\/4"}],"replies":[{"embeddable":true,"href":"https:\/\/www.uaga.eus\/eu\/wp-json\/wp\/v2\/comments?post=6945"}],"version-history":[{"count":1,"href":"https:\/\/www.uaga.eus\/eu\/wp-json\/wp\/v2\/posts\/6945\/revisions"}],"predecessor-version":[{"id":6946,"href":"https:\/\/www.uaga.eus\/eu\/wp-json\/wp\/v2\/posts\/6945\/revisions\/6946"}],"wp:featuredmedia":[{"embeddable":true,"href":"https:\/\/www.uaga.eus\/eu\/wp-json\/wp\/v2\/media\/2144"}],"wp:attachment":[{"href":"https:\/\/www.uaga.eus\/eu\/wp-json\/wp\/v2\/media?parent=6945"}],"wp:term":[{"taxonomy":"category","embeddable":true,"href":"https:\/\/www.uaga.eus\/eu\/wp-json\/wp\/v2\/categories?post=6945"},{"taxonomy":"post_tag","embeddable":true,"href":"https:\/\/www.uaga.eus\/eu\/wp-json\/wp\/v2\/tags?post=6945"}],"curies":[{"name":"wp","href":"https:\/\/api.w.org\/{rel}","templated":true}]}}