{"id":6940,"date":"2020-03-06T13:31:46","date_gmt":"2020-03-06T13:31:46","guid":{"rendered":"https:\/\/www.uaga.eus\/?p=6940"},"modified":"2020-03-09T09:04:11","modified_gmt":"2020-03-09T09:04:11","slug":"uaga-como-miembro-del-foro-rural-mundial-frm-participa-en-la-celebracion-de-la-asamblea-general-y-la-junta-directiva","status":"publish","type":"post","link":"https:\/\/www.uaga.eus\/eu\/uaga-como-miembro-del-foro-rural-mundial-frm-participa-en-la-celebracion-de-la-asamblea-general-y-la-junta-directiva\/","title":{"rendered":"UAGA, como miembro del Foro Rural Mundial (FRM) participa en la celebraci\u00f3n de la Asamblea General y la Junta Directiva"},"content":{"rendered":"<p>UAGA ha participado esta semana en La Asamblea General del Foro Rural Mundial-FRM, habi\u00e9ndose celebrado el d\u00eda anterior la reuni\u00f3n de Junta Directiva, a la que tambi\u00e9n asistimos como miembros de ella.<\/p>\n<p>En ambas reuniones se debatieron aspectos relevantes como la \u00a0aprobaci\u00f3n del Plan Estrat\u00e9gico del FRM 2020-2025 as\u00ed como el Plan de Gesti\u00f3n 2020,\u00a0 que recoge como principales objetivos los siguientes:<\/p>\n<ol>\n<li>Potenciar las labores de incidencia pol\u00edtica en favor de la agricultura familiar<\/li>\n<li>Velar por la correcta implementaci\u00f3n del Decenio de la Agricultura familiar a nivel global<\/li>\n<li>Fomentar el cooperativismo en la Agricultura Familiar, a trav\u00e9s de la campa\u00f1a \u00a0AGRI-COOPDS<\/li>\n<li>Fortalecer\u00a0las capacidades de las entidades socias<\/li>\n<li>Fortalecer la base social del FRM, manteniendo la fortaleza en aquellas regiones en las que se trabaja con solidez<\/li>\n<li>Servir de puente y promover colaboraciones entre organizaciones agrarias, organismos internacionales y gobiernos, ayudando a tejer alianzas entre los diversos agentes relacionados con la agricultura familiar.<\/li>\n<li>Promover la visibilidad de la Agricultura Familiar y el desarrollo rural sostenible<\/li>\n<li>Movilizar recursos para implementar las l\u00edneas estrat\u00e9gicas, diversificando las fuentes de financiaci\u00f3n del FRM<\/li>\n<li>Poner en marcha el Comit\u00e9 regional de agricultura Familiar de Euskadi (CRAF), representativo y funcional, que dise\u00f1ar\u00e1 un Plan Regional \u00a0para la implementaci\u00f3n del decenio en Euskadi<\/li>\n<\/ol>\n<p><\/p>","protected":false},"excerpt":{"rendered":"<p>UAGA ha participado esta semana en La Asamblea General del Foro Rural Mundial-FRM, habi\u00e9ndose celebrado el d\u00eda anterior la reuni\u00f3n de Junta Directiva, a la que tambi\u00e9n asistimos como miembros de ella. En ambas reuniones se debatieron aspectos relevantes como la \u00a0aprobaci\u00f3n del Plan Estrat\u00e9gico del FRM 2020-2025 as\u00ed como el Plan de Gesti\u00f3n 2020,\u00a0 [&hellip;]<\/p>\n","protected":false},"author":4,"featured_media":6941,"comment_status":"closed","ping_status":"closed","sticky":false,"template":"","format":"standard","meta":{"footnotes":""},"categories":[7,37,8],"tags":[],"yoast_head":"<!-- This site is optimized with the Yoast SEO plugin v21.5 - https:\/\/yoast.com\/wordpress\/plugins\/seo\/ -->\n<title>UAGA, como miembro del Foro Rural Mundial (FRM) participa en la celebraci\u00f3n de la Asamblea General y la Junta Directiva - UAGA<\/title>\n<meta name=\"robots\" content=\"index, follow, max-snippet:-1, max-image-preview:large, max-video-preview:-1\" \/>\n<link rel=\"canonical\" href=\"https:\/\/www.uaga.eus\/uaga-como-miembro-del-foro-rural-mundial-frm-participa-en-la-celebracion-de-la-asamblea-general-y-la-junta-directiva\/\" \/>\n<meta property=\"og:locale\" content=\"en_US\" \/>\n<meta property=\"og:type\" content=\"article\" \/>\n<meta property=\"og:title\" content=\"UAGA, como miembro del Foro Rural Mundial (FRM) participa en la celebraci\u00f3n de la Asamblea General y la Junta Directiva - UAGA\" \/>\n<meta property=\"og:description\" content=\"UAGA ha participado esta semana en La Asamblea General del Foro Rural Mundial-FRM, habi\u00e9ndose celebrado el d\u00eda anterior la reuni\u00f3n de Junta Directiva, a la que tambi\u00e9n asistimos como miembros de ella. En ambas reuniones se debatieron aspectos relevantes como la \u00a0aprobaci\u00f3n del Plan Estrat\u00e9gico del FRM 2020-2025 as\u00ed como el Plan de Gesti\u00f3n 2020,\u00a0 [&hellip;]\" \/>\n<meta property=\"og:url\" content=\"https:\/\/www.uaga.eus\/uaga-como-miembro-del-foro-rural-mundial-frm-participa-en-la-celebracion-de-la-asamblea-general-y-la-junta-directiva\/\" \/>\n<meta property=\"og:site_name\" content=\"UAGA\" \/>\n<meta property=\"article:published_time\" content=\"2020-03-06T13:31:46+00:00\" \/>\n<meta property=\"article:modified_time\" content=\"2020-03-09T09:04:11+00:00\" \/>\n<meta property=\"og:image\" content=\"https:\/\/www.uaga.eus\/wp-content\/uploads\/2020\/03\/FRM-e1583501483567.jpeg\" \/>\n\t<meta property=\"og:image:width\" content=\"650\" \/>\n\t<meta property=\"og:image:height\" content=\"397\" \/>\n\t<meta property=\"og:image:type\" content=\"image\/jpeg\" \/>\n<meta name=\"author\" content=\"Blanca S\u00e1nchez\" \/>\n<meta name=\"twitter:card\" content=\"summary_large_image\" \/>\n<meta name=\"twitter:label1\" content=\"Written by\" \/>\n\t<meta name=\"twitter:data1\" content=\"Blanca S\u00e1nchez\" \/>\n\t<meta name=\"twitter:label2\" content=\"Est. reading time\" \/>\n\t<meta name=\"twitter:data2\" content=\"2 minutua\" \/>\n<script type=\"application\/ld+json\" class=\"yoast-schema-graph\">{\"@context\":\"https:\/\/schema.org\",\"@graph\":[{\"@type\":\"WebPage\",\"@id\":\"https:\/\/www.uaga.eus\/uaga-como-miembro-del-foro-rural-mundial-frm-participa-en-la-celebracion-de-la-asamblea-general-y-la-junta-directiva\/\",\"url\":\"https:\/\/www.uaga.eus\/uaga-como-miembro-del-foro-rural-mundial-frm-participa-en-la-celebracion-de-la-asamblea-general-y-la-junta-directiva\/\",\"name\":\"UAGA, como miembro del Foro Rural Mundial (FRM) participa en la celebraci\u00f3n de la Asamblea General y la Junta Directiva - UAGA\",\"isPartOf\":{\"@id\":\"https:\/\/www.uaga.eus\/#website\"},\"datePublished\":\"2020-03-06T13:31:46+00:00\",\"dateModified\":\"2020-03-09T09:04:11+00:00\",\"author\":{\"@id\":\"https:\/\/www.uaga.eus\/#\/schema\/person\/48c3cbf0f33d1b788226dbb6518689cf\"},\"breadcrumb\":{\"@id\":\"https:\/\/www.uaga.eus\/uaga-como-miembro-del-foro-rural-mundial-frm-participa-en-la-celebracion-de-la-asamblea-general-y-la-junta-directiva\/#breadcrumb\"},\"inLanguage\":\"eu\",\"potentialAction\":[{\"@type\":\"ReadAction\",\"target\":[\"https:\/\/www.uaga.eus\/uaga-como-miembro-del-foro-rural-mundial-frm-participa-en-la-celebracion-de-la-asamblea-general-y-la-junta-directiva\/\"]}]},{\"@type\":\"BreadcrumbList\",\"@id\":\"https:\/\/www.uaga.eus\/uaga-como-miembro-del-foro-rural-mundial-frm-participa-en-la-celebracion-de-la-asamblea-general-y-la-junta-directiva\/#breadcrumb\",\"itemListElement\":[{\"@type\":\"ListItem\",\"position\":1,\"name\":\"Inicio\",\"item\":\"https:\/\/www.uaga.eus\/\"},{\"@type\":\"ListItem\",\"position\":2,\"name\":\"UAGA, como miembro del Foro Rural Mundial (FRM) participa en la celebraci\u00f3n de la Asamblea General y la Junta Directiva\"}]},{\"@type\":\"WebSite\",\"@id\":\"https:\/\/www.uaga.eus\/#website\",\"url\":\"https:\/\/www.uaga.eus\/\",\"name\":\"UAGA\",\"description\":\"Uni\u00f3n Agroganadera de \u00c1lava - Araba Nekazarien Elkartea\",\"potentialAction\":[{\"@type\":\"SearchAction\",\"target\":{\"@type\":\"EntryPoint\",\"urlTemplate\":\"https:\/\/www.uaga.eus\/?s={search_term_string}\"},\"query-input\":\"required name=search_term_string\"}],\"inLanguage\":\"eu\"},{\"@type\":\"Person\",\"@id\":\"https:\/\/www.uaga.eus\/#\/schema\/person\/48c3cbf0f33d1b788226dbb6518689cf\",\"name\":\"Blanca S\u00e1nchez\",\"image\":{\"@type\":\"ImageObject\",\"inLanguage\":\"eu\",\"@id\":\"https:\/\/www.uaga.eus\/#\/schema\/person\/image\/\",\"url\":\"https:\/\/secure.gravatar.com\/avatar\/0dc91c20648254b1ce84877283f6751b?s=96&d=mm&r=g\",\"contentUrl\":\"https:\/\/secure.gravatar.com\/avatar\/0dc91c20648254b1ce84877283f6751b?s=96&d=mm&r=g\",\"caption\":\"Blanca S\u00e1nchez\"},\"url\":\"https:\/\/www.uaga.eus\/eu\/author\/bsanchez\/\"}]}<\/script>\n<!-- \/ Yoast SEO plugin. -->","yoast_head_json":{"title":"UAGA, como miembro del Foro Rural Mundial (FRM) participa en la celebraci\u00f3n de la Asamblea General y la Junta Directiva - UAGA","robots":{"index":"index","follow":"follow","max-snippet":"max-snippet:-1","max-image-preview":"max-image-preview:large","max-video-preview":"max-video-preview:-1"},"canonical":"https:\/\/www.uaga.eus\/uaga-como-miembro-del-foro-rural-mundial-frm-participa-en-la-celebracion-de-la-asamblea-general-y-la-junta-directiva\/","og_locale":"en_US","og_type":"article","og_title":"UAGA, como miembro del Foro Rural Mundial (FRM) participa en la celebraci\u00f3n de la Asamblea General y la Junta Directiva - UAGA","og_description":"UAGA ha participado esta semana en La Asamblea General del Foro Rural Mundial-FRM, habi\u00e9ndose celebrado el d\u00eda anterior la reuni\u00f3n de Junta Directiva, a la que tambi\u00e9n asistimos como miembros de ella. En ambas reuniones se debatieron aspectos relevantes como la \u00a0aprobaci\u00f3n del Plan Estrat\u00e9gico del FRM 2020-2025 as\u00ed como el Plan de Gesti\u00f3n 2020,\u00a0 [&hellip;]","og_url":"https:\/\/www.uaga.eus\/uaga-como-miembro-del-foro-rural-mundial-frm-participa-en-la-celebracion-de-la-asamblea-general-y-la-junta-directiva\/","og_site_name":"UAGA","article_published_time":"2020-03-06T13:31:46+00:00","article_modified_time":"2020-03-09T09:04:11+00:00","og_image":[{"width":650,"height":397,"url":"https:\/\/www.uaga.eus\/wp-content\/uploads\/2020\/03\/FRM-e1583501483567.jpeg","type":"image\/jpeg"}],"author":"Blanca S\u00e1nchez","twitter_card":"summary_large_image","twitter_misc":{"Written by":"Blanca S\u00e1nchez","Est. reading time":"2 minutua"},"schema":{"@context":"https:\/\/schema.org","@graph":[{"@type":"WebPage","@id":"https:\/\/www.uaga.eus\/uaga-como-miembro-del-foro-rural-mundial-frm-participa-en-la-celebracion-de-la-asamblea-general-y-la-junta-directiva\/","url":"https:\/\/www.uaga.eus\/uaga-como-miembro-del-foro-rural-mundial-frm-participa-en-la-celebracion-de-la-asamblea-general-y-la-junta-directiva\/","name":"UAGA, como miembro del Foro Rural Mundial (FRM) participa en la celebraci\u00f3n de la Asamblea General y la Junta Directiva - UAGA","isPartOf":{"@id":"https:\/\/www.uaga.eus\/#website"},"datePublished":"2020-03-06T13:31:46+00:00","dateModified":"2020-03-09T09:04:11+00:00","author":{"@id":"https:\/\/www.uaga.eus\/#\/schema\/person\/48c3cbf0f33d1b788226dbb6518689cf"},"breadcrumb":{"@id":"https:\/\/www.uaga.eus\/uaga-como-miembro-del-foro-rural-mundial-frm-participa-en-la-celebracion-de-la-asamblea-general-y-la-junta-directiva\/#breadcrumb"},"inLanguage":"eu","potentialAction":[{"@type":"ReadAction","target":["https:\/\/www.uaga.eus\/uaga-como-miembro-del-foro-rural-mundial-frm-participa-en-la-celebracion-de-la-asamblea-general-y-la-junta-directiva\/"]}]},{"@type":"BreadcrumbList","@id":"https:\/\/www.uaga.eus\/uaga-como-miembro-del-foro-rural-mundial-frm-participa-en-la-celebracion-de-la-asamblea-general-y-la-junta-directiva\/#breadcrumb","itemListElement":[{"@type":"ListItem","position":1,"name":"Inicio","item":"https:\/\/www.uaga.eus\/"},{"@type":"ListItem","position":2,"name":"UAGA, como miembro del Foro Rural Mundial (FRM) participa en la celebraci\u00f3n de la Asamblea General y la Junta Directiva"}]},{"@type":"WebSite","@id":"https:\/\/www.uaga.eus\/#website","url":"https:\/\/www.uaga.eus\/","name":"UAGA","description":"Uni\u00f3n Agroganadera de \u00c1lava - Araba Nekazarien Elkartea","potentialAction":[{"@type":"SearchAction","target":{"@type":"EntryPoint","urlTemplate":"https:\/\/www.uaga.eus\/?s={search_term_string}"},"query-input":"required name=search_term_string"}],"inLanguage":"eu"},{"@type":"Person","@id":"https:\/\/www.uaga.eus\/#\/schema\/person\/48c3cbf0f33d1b788226dbb6518689cf","name":"Blanca S\u00e1nchez","image":{"@type":"ImageObject","inLanguage":"eu","@id":"https:\/\/www.uaga.eus\/#\/schema\/person\/image\/","url":"https:\/\/secure.gravatar.com\/avatar\/0dc91c20648254b1ce84877283f6751b?s=96&d=mm&r=g","contentUrl":"https:\/\/secure.gravatar.com\/avatar\/0dc91c20648254b1ce84877283f6751b?s=96&d=mm&r=g","caption":"Blanca S\u00e1nchez"},"url":"https:\/\/www.uaga.eus\/eu\/author\/bsanchez\/"}]}},"_links":{"self":[{"href":"https:\/\/www.uaga.eus\/eu\/wp-json\/wp\/v2\/posts\/6940"}],"collection":[{"href":"https:\/\/www.uaga.eus\/eu\/wp-json\/wp\/v2\/posts"}],"about":[{"href":"https:\/\/www.uaga.eus\/eu\/wp-json\/wp\/v2\/types\/post"}],"author":[{"embeddable":true,"href":"https:\/\/www.uaga.eus\/eu\/wp-json\/wp\/v2\/users\/4"}],"replies":[{"embeddable":true,"href":"https:\/\/www.uaga.eus\/eu\/wp-json\/wp\/v2\/comments?post=6940"}],"version-history":[{"count":3,"href":"https:\/\/www.uaga.eus\/eu\/wp-json\/wp\/v2\/posts\/6940\/revisions"}],"predecessor-version":[{"id":6965,"href":"https:\/\/www.uaga.eus\/eu\/wp-json\/wp\/v2\/posts\/6940\/revisions\/6965"}],"wp:featuredmedia":[{"embeddable":true,"href":"https:\/\/www.uaga.eus\/eu\/wp-json\/wp\/v2\/media\/6941"}],"wp:attachment":[{"href":"https:\/\/www.uaga.eus\/eu\/wp-json\/wp\/v2\/media?parent=6940"}],"wp:term":[{"taxonomy":"category","embeddable":true,"href":"https:\/\/www.uaga.eus\/eu\/wp-json\/wp\/v2\/categories?post=6940"},{"taxonomy":"post_tag","embeddable":true,"href":"https:\/\/www.uaga.eus\/eu\/wp-json\/wp\/v2\/tags?post=6940"}],"curies":[{"name":"wp","href":"https:\/\/api.w.org\/{rel}","templated":true}]}}