{"id":6909,"date":"2020-02-28T12:35:07","date_gmt":"2020-02-28T12:35:07","guid":{"rendered":"https:\/\/www.uaga.eus\/?p=6909"},"modified":"2020-02-28T12:48:28","modified_gmt":"2020-02-28T12:48:28","slug":"12-de-marzo-manifestacion-de-uaga-en-defensa-del-futuro-de-la-agricultura-y-la-ganaderia","status":"publish","type":"post","link":"https:\/\/www.uaga.eus\/eu\/12-de-marzo-manifestacion-de-uaga-en-defensa-del-futuro-de-la-agricultura-y-la-ganaderia\/","title":{"rendered":"12 de marzo, MANIFESTACI\u00d3N de UAGA en defensa del futuro de la agricultura y la ganader\u00eda"},"content":{"rendered":"<p>En UAGA seguimos denunciando la grave situaci\u00f3n del sector agrario y apoyando las muchas movilizaciones agrarias de las \u00faltimas semanas en todo el estado, por lo que te convocamos a una manifestaci\u00f3n el 12 de marzo.<\/p>\n<p>Denunciamos la grave situaci\u00f3n del sector agrario, problemas como la ca\u00edda generalizada de los precios de los productos agrarios en origen, el incremento de los costes de producci\u00f3n, la desregulaci\u00f3n de los mercados y la falta de rentabilidad de las explotaciones agrarias.<\/p>\n<p>Desde UAGA te animamos a participar, dada la gran importancia de nuestras reivindicaciones para el futuro del sector.<\/p>\n<p>Si quieres traer tu tractor o todoterreno, por favor, ponte en contacto con nosotros.<\/p>\n<p>La semana pr\u00f3xima informaremos del recorrido de la manifestaci\u00f3n.<\/p>\n<div>+info YOLANDA: 615 779 584<\/div>\n","protected":false},"excerpt":{"rendered":"<p>En UAGA seguimos denunciando la grave situaci\u00f3n del sector agrario y apoyando las muchas movilizaciones agrarias de las \u00faltimas semanas en todo el estado, por lo que te convocamos a una manifestaci\u00f3n el 12 de marzo. Denunciamos la grave situaci\u00f3n del sector agrario, problemas como la ca\u00edda generalizada de los precios de los productos agrarios [&hellip;]<\/p>\n","protected":false},"author":4,"featured_media":6895,"comment_status":"closed","ping_status":"closed","sticky":false,"template":"","format":"standard","meta":{"footnotes":""},"categories":[3],"tags":[],"yoast_head":"<!-- This site is optimized with the Yoast SEO plugin v21.5 - https:\/\/yoast.com\/wordpress\/plugins\/seo\/ -->\n<title>12 de marzo, MANIFESTACI\u00d3N de UAGA en defensa del futuro de la agricultura y la ganader\u00eda - UAGA<\/title>\n<meta name=\"robots\" content=\"index, follow, max-snippet:-1, max-image-preview:large, max-video-preview:-1\" \/>\n<link rel=\"canonical\" href=\"https:\/\/www.uaga.eus\/12-de-marzo-manifestacion-de-uaga-en-defensa-del-futuro-de-la-agricultura-y-la-ganaderia\/\" \/>\n<meta property=\"og:locale\" content=\"en_US\" \/>\n<meta property=\"og:type\" content=\"article\" \/>\n<meta property=\"og:title\" content=\"12 de marzo, MANIFESTACI\u00d3N de UAGA en defensa del futuro de la agricultura y la ganader\u00eda - UAGA\" \/>\n<meta property=\"og:description\" content=\"En UAGA seguimos denunciando la grave situaci\u00f3n del sector agrario y apoyando las muchas movilizaciones agrarias de las \u00faltimas semanas en todo el estado, por lo que te convocamos a una manifestaci\u00f3n el 12 de marzo. Denunciamos la grave situaci\u00f3n del sector agrario, problemas como la ca\u00edda generalizada de los precios de los productos agrarios [&hellip;]\" \/>\n<meta property=\"og:url\" content=\"https:\/\/www.uaga.eus\/12-de-marzo-manifestacion-de-uaga-en-defensa-del-futuro-de-la-agricultura-y-la-ganaderia\/\" \/>\n<meta property=\"og:site_name\" content=\"UAGA\" \/>\n<meta property=\"article:published_time\" content=\"2020-02-28T12:35:07+00:00\" \/>\n<meta property=\"article:modified_time\" content=\"2020-02-28T12:48:28+00:00\" \/>\n<meta property=\"og:image\" content=\"https:\/\/www.uaga.eus\/wp-content\/uploads\/2020\/02\/cartel-tractorada.jpeg\" \/>\n\t<meta property=\"og:image:width\" content=\"538\" \/>\n\t<meta property=\"og:image:height\" content=\"538\" \/>\n\t<meta property=\"og:image:type\" content=\"image\/jpeg\" \/>\n<meta name=\"author\" content=\"Blanca S\u00e1nchez\" \/>\n<meta name=\"twitter:card\" content=\"summary_large_image\" \/>\n<meta name=\"twitter:label1\" content=\"Written by\" \/>\n\t<meta name=\"twitter:data1\" content=\"Blanca S\u00e1nchez\" \/>\n\t<meta name=\"twitter:label2\" content=\"Est. reading time\" \/>\n\t<meta name=\"twitter:data2\" content=\"1 minutua\" \/>\n<script type=\"application\/ld+json\" class=\"yoast-schema-graph\">{\"@context\":\"https:\/\/schema.org\",\"@graph\":[{\"@type\":\"WebPage\",\"@id\":\"https:\/\/www.uaga.eus\/12-de-marzo-manifestacion-de-uaga-en-defensa-del-futuro-de-la-agricultura-y-la-ganaderia\/\",\"url\":\"https:\/\/www.uaga.eus\/12-de-marzo-manifestacion-de-uaga-en-defensa-del-futuro-de-la-agricultura-y-la-ganaderia\/\",\"name\":\"12 de marzo, MANIFESTACI\u00d3N de UAGA en defensa del futuro de la agricultura y la ganader\u00eda - UAGA\",\"isPartOf\":{\"@id\":\"https:\/\/www.uaga.eus\/#website\"},\"datePublished\":\"2020-02-28T12:35:07+00:00\",\"dateModified\":\"2020-02-28T12:48:28+00:00\",\"author\":{\"@id\":\"https:\/\/www.uaga.eus\/#\/schema\/person\/48c3cbf0f33d1b788226dbb6518689cf\"},\"breadcrumb\":{\"@id\":\"https:\/\/www.uaga.eus\/12-de-marzo-manifestacion-de-uaga-en-defensa-del-futuro-de-la-agricultura-y-la-ganaderia\/#breadcrumb\"},\"inLanguage\":\"eu\",\"potentialAction\":[{\"@type\":\"ReadAction\",\"target\":[\"https:\/\/www.uaga.eus\/12-de-marzo-manifestacion-de-uaga-en-defensa-del-futuro-de-la-agricultura-y-la-ganaderia\/\"]}]},{\"@type\":\"BreadcrumbList\",\"@id\":\"https:\/\/www.uaga.eus\/12-de-marzo-manifestacion-de-uaga-en-defensa-del-futuro-de-la-agricultura-y-la-ganaderia\/#breadcrumb\",\"itemListElement\":[{\"@type\":\"ListItem\",\"position\":1,\"name\":\"Inicio\",\"item\":\"https:\/\/www.uaga.eus\/\"},{\"@type\":\"ListItem\",\"position\":2,\"name\":\"12 de marzo, MANIFESTACI\u00d3N de UAGA en defensa del futuro de la agricultura y la ganader\u00eda\"}]},{\"@type\":\"WebSite\",\"@id\":\"https:\/\/www.uaga.eus\/#website\",\"url\":\"https:\/\/www.uaga.eus\/\",\"name\":\"UAGA\",\"description\":\"Uni\u00f3n Agroganadera de \u00c1lava - Araba Nekazarien Elkartea\",\"potentialAction\":[{\"@type\":\"SearchAction\",\"target\":{\"@type\":\"EntryPoint\",\"urlTemplate\":\"https:\/\/www.uaga.eus\/?s={search_term_string}\"},\"query-input\":\"required name=search_term_string\"}],\"inLanguage\":\"eu\"},{\"@type\":\"Person\",\"@id\":\"https:\/\/www.uaga.eus\/#\/schema\/person\/48c3cbf0f33d1b788226dbb6518689cf\",\"name\":\"Blanca S\u00e1nchez\",\"image\":{\"@type\":\"ImageObject\",\"inLanguage\":\"eu\",\"@id\":\"https:\/\/www.uaga.eus\/#\/schema\/person\/image\/\",\"url\":\"https:\/\/secure.gravatar.com\/avatar\/0dc91c20648254b1ce84877283f6751b?s=96&d=mm&r=g\",\"contentUrl\":\"https:\/\/secure.gravatar.com\/avatar\/0dc91c20648254b1ce84877283f6751b?s=96&d=mm&r=g\",\"caption\":\"Blanca S\u00e1nchez\"},\"url\":\"https:\/\/www.uaga.eus\/eu\/author\/bsanchez\/\"}]}<\/script>\n<!-- \/ Yoast SEO plugin. -->","yoast_head_json":{"title":"12 de marzo, MANIFESTACI\u00d3N de UAGA en defensa del futuro de la agricultura y la ganader\u00eda - UAGA","robots":{"index":"index","follow":"follow","max-snippet":"max-snippet:-1","max-image-preview":"max-image-preview:large","max-video-preview":"max-video-preview:-1"},"canonical":"https:\/\/www.uaga.eus\/12-de-marzo-manifestacion-de-uaga-en-defensa-del-futuro-de-la-agricultura-y-la-ganaderia\/","og_locale":"en_US","og_type":"article","og_title":"12 de marzo, MANIFESTACI\u00d3N de UAGA en defensa del futuro de la agricultura y la ganader\u00eda - UAGA","og_description":"En UAGA seguimos denunciando la grave situaci\u00f3n del sector agrario y apoyando las muchas movilizaciones agrarias de las \u00faltimas semanas en todo el estado, por lo que te convocamos a una manifestaci\u00f3n el 12 de marzo. Denunciamos la grave situaci\u00f3n del sector agrario, problemas como la ca\u00edda generalizada de los precios de los productos agrarios [&hellip;]","og_url":"https:\/\/www.uaga.eus\/12-de-marzo-manifestacion-de-uaga-en-defensa-del-futuro-de-la-agricultura-y-la-ganaderia\/","og_site_name":"UAGA","article_published_time":"2020-02-28T12:35:07+00:00","article_modified_time":"2020-02-28T12:48:28+00:00","og_image":[{"width":538,"height":538,"url":"https:\/\/www.uaga.eus\/wp-content\/uploads\/2020\/02\/cartel-tractorada.jpeg","type":"image\/jpeg"}],"author":"Blanca S\u00e1nchez","twitter_card":"summary_large_image","twitter_misc":{"Written by":"Blanca S\u00e1nchez","Est. reading time":"1 minutua"},"schema":{"@context":"https:\/\/schema.org","@graph":[{"@type":"WebPage","@id":"https:\/\/www.uaga.eus\/12-de-marzo-manifestacion-de-uaga-en-defensa-del-futuro-de-la-agricultura-y-la-ganaderia\/","url":"https:\/\/www.uaga.eus\/12-de-marzo-manifestacion-de-uaga-en-defensa-del-futuro-de-la-agricultura-y-la-ganaderia\/","name":"12 de marzo, MANIFESTACI\u00d3N de UAGA en defensa del futuro de la agricultura y la ganader\u00eda - UAGA","isPartOf":{"@id":"https:\/\/www.uaga.eus\/#website"},"datePublished":"2020-02-28T12:35:07+00:00","dateModified":"2020-02-28T12:48:28+00:00","author":{"@id":"https:\/\/www.uaga.eus\/#\/schema\/person\/48c3cbf0f33d1b788226dbb6518689cf"},"breadcrumb":{"@id":"https:\/\/www.uaga.eus\/12-de-marzo-manifestacion-de-uaga-en-defensa-del-futuro-de-la-agricultura-y-la-ganaderia\/#breadcrumb"},"inLanguage":"eu","potentialAction":[{"@type":"ReadAction","target":["https:\/\/www.uaga.eus\/12-de-marzo-manifestacion-de-uaga-en-defensa-del-futuro-de-la-agricultura-y-la-ganaderia\/"]}]},{"@type":"BreadcrumbList","@id":"https:\/\/www.uaga.eus\/12-de-marzo-manifestacion-de-uaga-en-defensa-del-futuro-de-la-agricultura-y-la-ganaderia\/#breadcrumb","itemListElement":[{"@type":"ListItem","position":1,"name":"Inicio","item":"https:\/\/www.uaga.eus\/"},{"@type":"ListItem","position":2,"name":"12 de marzo, MANIFESTACI\u00d3N de UAGA en defensa del futuro de la agricultura y la ganader\u00eda"}]},{"@type":"WebSite","@id":"https:\/\/www.uaga.eus\/#website","url":"https:\/\/www.uaga.eus\/","name":"UAGA","description":"Uni\u00f3n Agroganadera de \u00c1lava - Araba Nekazarien Elkartea","potentialAction":[{"@type":"SearchAction","target":{"@type":"EntryPoint","urlTemplate":"https:\/\/www.uaga.eus\/?s={search_term_string}"},"query-input":"required name=search_term_string"}],"inLanguage":"eu"},{"@type":"Person","@id":"https:\/\/www.uaga.eus\/#\/schema\/person\/48c3cbf0f33d1b788226dbb6518689cf","name":"Blanca S\u00e1nchez","image":{"@type":"ImageObject","inLanguage":"eu","@id":"https:\/\/www.uaga.eus\/#\/schema\/person\/image\/","url":"https:\/\/secure.gravatar.com\/avatar\/0dc91c20648254b1ce84877283f6751b?s=96&d=mm&r=g","contentUrl":"https:\/\/secure.gravatar.com\/avatar\/0dc91c20648254b1ce84877283f6751b?s=96&d=mm&r=g","caption":"Blanca S\u00e1nchez"},"url":"https:\/\/www.uaga.eus\/eu\/author\/bsanchez\/"}]}},"_links":{"self":[{"href":"https:\/\/www.uaga.eus\/eu\/wp-json\/wp\/v2\/posts\/6909"}],"collection":[{"href":"https:\/\/www.uaga.eus\/eu\/wp-json\/wp\/v2\/posts"}],"about":[{"href":"https:\/\/www.uaga.eus\/eu\/wp-json\/wp\/v2\/types\/post"}],"author":[{"embeddable":true,"href":"https:\/\/www.uaga.eus\/eu\/wp-json\/wp\/v2\/users\/4"}],"replies":[{"embeddable":true,"href":"https:\/\/www.uaga.eus\/eu\/wp-json\/wp\/v2\/comments?post=6909"}],"version-history":[{"count":1,"href":"https:\/\/www.uaga.eus\/eu\/wp-json\/wp\/v2\/posts\/6909\/revisions"}],"predecessor-version":[{"id":6910,"href":"https:\/\/www.uaga.eus\/eu\/wp-json\/wp\/v2\/posts\/6909\/revisions\/6910"}],"wp:featuredmedia":[{"embeddable":true,"href":"https:\/\/www.uaga.eus\/eu\/wp-json\/wp\/v2\/media\/6895"}],"wp:attachment":[{"href":"https:\/\/www.uaga.eus\/eu\/wp-json\/wp\/v2\/media?parent=6909"}],"wp:term":[{"taxonomy":"category","embeddable":true,"href":"https:\/\/www.uaga.eus\/eu\/wp-json\/wp\/v2\/categories?post=6909"},{"taxonomy":"post_tag","embeddable":true,"href":"https:\/\/www.uaga.eus\/eu\/wp-json\/wp\/v2\/tags?post=6909"}],"curies":[{"name":"wp","href":"https:\/\/api.w.org\/{rel}","templated":true}]}}