{"id":6907,"date":"2020-02-28T12:34:04","date_gmt":"2020-02-28T12:34:04","guid":{"rendered":"https:\/\/www.uaga.eus\/?p=6907"},"modified":"2020-02-28T12:49:15","modified_gmt":"2020-02-28T12:49:15","slug":"el-colectivo-de-remolacha-de-uaga-finaliza-la-campana-2019-2020-al-abrir-la-fabrica-de-la-baneza","status":"publish","type":"post","link":"https:\/\/www.uaga.eus\/eu\/el-colectivo-de-remolacha-de-uaga-finaliza-la-campana-2019-2020-al-abrir-la-fabrica-de-la-baneza\/","title":{"rendered":"El colectivo de remolacha de UAGA finaliza la campa\u00f1a 2019-2020 al abrir la f\u00e1brica de la Ba\u00f1eza\u00a0"},"content":{"rendered":"<p>La Mesa de Seguimiento de la f\u00e1brica de La Ba\u00f1eza acord\u00f3 abrirla el 26 de febrero, pudi\u00e9ndose entregar la remolacha que a\u00fan quedaba por molturar, un total de 23 hect\u00e1reas (16 de \u00c1lava y 7 de Trevi\u00f1o), con lo que quedar\u00eda finalizada la campa\u00f1a 2019-2020.<\/p>\n<div>+info YOLANDA: 615 779 584<\/div>\n","protected":false},"excerpt":{"rendered":"<p>La Mesa de Seguimiento de la f\u00e1brica de La Ba\u00f1eza acord\u00f3 abrirla el 26 de febrero, pudi\u00e9ndose entregar la remolacha que a\u00fan quedaba por molturar, un total de 23 hect\u00e1reas (16 de \u00c1lava y 7 de Trevi\u00f1o), con lo que quedar\u00eda finalizada la campa\u00f1a 2019-2020. +info YOLANDA: 615 779 584<\/p>\n","protected":false},"author":4,"featured_media":6534,"comment_status":"closed","ping_status":"closed","sticky":false,"template":"","format":"standard","meta":{"footnotes":""},"categories":[7],"tags":[],"yoast_head":"<!-- This site is optimized with the Yoast SEO plugin v21.5 - https:\/\/yoast.com\/wordpress\/plugins\/seo\/ -->\n<title>El colectivo de remolacha de UAGA finaliza la campa\u00f1a 2019-2020 al abrir la f\u00e1brica de la Ba\u00f1eza\u00a0 - UAGA<\/title>\n<meta name=\"robots\" content=\"index, follow, max-snippet:-1, max-image-preview:large, max-video-preview:-1\" \/>\n<link rel=\"canonical\" href=\"https:\/\/www.uaga.eus\/el-colectivo-de-remolacha-de-uaga-finaliza-la-campana-2019-2020-al-abrir-la-fabrica-de-la-baneza\/\" \/>\n<meta property=\"og:locale\" content=\"en_US\" \/>\n<meta property=\"og:type\" content=\"article\" \/>\n<meta property=\"og:title\" content=\"El colectivo de remolacha de UAGA finaliza la campa\u00f1a 2019-2020 al abrir la f\u00e1brica de la Ba\u00f1eza\u00a0 - UAGA\" \/>\n<meta property=\"og:description\" content=\"La Mesa de Seguimiento de la f\u00e1brica de La Ba\u00f1eza acord\u00f3 abrirla el 26 de febrero, pudi\u00e9ndose entregar la remolacha que a\u00fan quedaba por molturar, un total de 23 hect\u00e1reas (16 de \u00c1lava y 7 de Trevi\u00f1o), con lo que quedar\u00eda finalizada la campa\u00f1a 2019-2020. +info YOLANDA: 615 779 584\" \/>\n<meta property=\"og:url\" content=\"https:\/\/www.uaga.eus\/el-colectivo-de-remolacha-de-uaga-finaliza-la-campana-2019-2020-al-abrir-la-fabrica-de-la-baneza\/\" \/>\n<meta property=\"og:site_name\" content=\"UAGA\" \/>\n<meta property=\"article:published_time\" content=\"2020-02-28T12:34:04+00:00\" \/>\n<meta property=\"article:modified_time\" content=\"2020-02-28T12:49:15+00:00\" \/>\n<meta property=\"og:image\" content=\"https:\/\/www.uaga.eus\/wp-content\/uploads\/2019\/10\/arranque-remolacha.jpg\" \/>\n\t<meta property=\"og:image:width\" content=\"649\" \/>\n\t<meta property=\"og:image:height\" content=\"354\" \/>\n\t<meta property=\"og:image:type\" content=\"image\/jpeg\" \/>\n<meta name=\"author\" content=\"Blanca S\u00e1nchez\" \/>\n<meta name=\"twitter:card\" content=\"summary_large_image\" \/>\n<meta name=\"twitter:label1\" content=\"Written by\" \/>\n\t<meta name=\"twitter:data1\" content=\"Blanca S\u00e1nchez\" \/>\n<script type=\"application\/ld+json\" class=\"yoast-schema-graph\">{\"@context\":\"https:\/\/schema.org\",\"@graph\":[{\"@type\":\"WebPage\",\"@id\":\"https:\/\/www.uaga.eus\/el-colectivo-de-remolacha-de-uaga-finaliza-la-campana-2019-2020-al-abrir-la-fabrica-de-la-baneza\/\",\"url\":\"https:\/\/www.uaga.eus\/el-colectivo-de-remolacha-de-uaga-finaliza-la-campana-2019-2020-al-abrir-la-fabrica-de-la-baneza\/\",\"name\":\"El colectivo de remolacha de UAGA finaliza la campa\u00f1a 2019-2020 al abrir la f\u00e1brica de la Ba\u00f1eza\u00a0 - UAGA\",\"isPartOf\":{\"@id\":\"https:\/\/www.uaga.eus\/#website\"},\"datePublished\":\"2020-02-28T12:34:04+00:00\",\"dateModified\":\"2020-02-28T12:49:15+00:00\",\"author\":{\"@id\":\"https:\/\/www.uaga.eus\/#\/schema\/person\/48c3cbf0f33d1b788226dbb6518689cf\"},\"breadcrumb\":{\"@id\":\"https:\/\/www.uaga.eus\/el-colectivo-de-remolacha-de-uaga-finaliza-la-campana-2019-2020-al-abrir-la-fabrica-de-la-baneza\/#breadcrumb\"},\"inLanguage\":\"eu\",\"potentialAction\":[{\"@type\":\"ReadAction\",\"target\":[\"https:\/\/www.uaga.eus\/el-colectivo-de-remolacha-de-uaga-finaliza-la-campana-2019-2020-al-abrir-la-fabrica-de-la-baneza\/\"]}]},{\"@type\":\"BreadcrumbList\",\"@id\":\"https:\/\/www.uaga.eus\/el-colectivo-de-remolacha-de-uaga-finaliza-la-campana-2019-2020-al-abrir-la-fabrica-de-la-baneza\/#breadcrumb\",\"itemListElement\":[{\"@type\":\"ListItem\",\"position\":1,\"name\":\"Inicio\",\"item\":\"https:\/\/www.uaga.eus\/\"},{\"@type\":\"ListItem\",\"position\":2,\"name\":\"El colectivo de remolacha de UAGA finaliza la campa\u00f1a 2019-2020 al abrir la f\u00e1brica de la Ba\u00f1eza\u00a0\"}]},{\"@type\":\"WebSite\",\"@id\":\"https:\/\/www.uaga.eus\/#website\",\"url\":\"https:\/\/www.uaga.eus\/\",\"name\":\"UAGA\",\"description\":\"Uni\u00f3n Agroganadera de \u00c1lava - Araba Nekazarien Elkartea\",\"potentialAction\":[{\"@type\":\"SearchAction\",\"target\":{\"@type\":\"EntryPoint\",\"urlTemplate\":\"https:\/\/www.uaga.eus\/?s={search_term_string}\"},\"query-input\":\"required name=search_term_string\"}],\"inLanguage\":\"eu\"},{\"@type\":\"Person\",\"@id\":\"https:\/\/www.uaga.eus\/#\/schema\/person\/48c3cbf0f33d1b788226dbb6518689cf\",\"name\":\"Blanca S\u00e1nchez\",\"image\":{\"@type\":\"ImageObject\",\"inLanguage\":\"eu\",\"@id\":\"https:\/\/www.uaga.eus\/#\/schema\/person\/image\/\",\"url\":\"https:\/\/secure.gravatar.com\/avatar\/0dc91c20648254b1ce84877283f6751b?s=96&d=mm&r=g\",\"contentUrl\":\"https:\/\/secure.gravatar.com\/avatar\/0dc91c20648254b1ce84877283f6751b?s=96&d=mm&r=g\",\"caption\":\"Blanca S\u00e1nchez\"},\"url\":\"https:\/\/www.uaga.eus\/eu\/author\/bsanchez\/\"}]}<\/script>\n<!-- \/ Yoast SEO plugin. -->","yoast_head_json":{"title":"El colectivo de remolacha de UAGA finaliza la campa\u00f1a 2019-2020 al abrir la f\u00e1brica de la Ba\u00f1eza\u00a0 - UAGA","robots":{"index":"index","follow":"follow","max-snippet":"max-snippet:-1","max-image-preview":"max-image-preview:large","max-video-preview":"max-video-preview:-1"},"canonical":"https:\/\/www.uaga.eus\/el-colectivo-de-remolacha-de-uaga-finaliza-la-campana-2019-2020-al-abrir-la-fabrica-de-la-baneza\/","og_locale":"en_US","og_type":"article","og_title":"El colectivo de remolacha de UAGA finaliza la campa\u00f1a 2019-2020 al abrir la f\u00e1brica de la Ba\u00f1eza\u00a0 - UAGA","og_description":"La Mesa de Seguimiento de la f\u00e1brica de La Ba\u00f1eza acord\u00f3 abrirla el 26 de febrero, pudi\u00e9ndose entregar la remolacha que a\u00fan quedaba por molturar, un total de 23 hect\u00e1reas (16 de \u00c1lava y 7 de Trevi\u00f1o), con lo que quedar\u00eda finalizada la campa\u00f1a 2019-2020. +info YOLANDA: 615 779 584","og_url":"https:\/\/www.uaga.eus\/el-colectivo-de-remolacha-de-uaga-finaliza-la-campana-2019-2020-al-abrir-la-fabrica-de-la-baneza\/","og_site_name":"UAGA","article_published_time":"2020-02-28T12:34:04+00:00","article_modified_time":"2020-02-28T12:49:15+00:00","og_image":[{"width":649,"height":354,"url":"https:\/\/www.uaga.eus\/wp-content\/uploads\/2019\/10\/arranque-remolacha.jpg","type":"image\/jpeg"}],"author":"Blanca S\u00e1nchez","twitter_card":"summary_large_image","twitter_misc":{"Written by":"Blanca S\u00e1nchez"},"schema":{"@context":"https:\/\/schema.org","@graph":[{"@type":"WebPage","@id":"https:\/\/www.uaga.eus\/el-colectivo-de-remolacha-de-uaga-finaliza-la-campana-2019-2020-al-abrir-la-fabrica-de-la-baneza\/","url":"https:\/\/www.uaga.eus\/el-colectivo-de-remolacha-de-uaga-finaliza-la-campana-2019-2020-al-abrir-la-fabrica-de-la-baneza\/","name":"El colectivo de remolacha de UAGA finaliza la campa\u00f1a 2019-2020 al abrir la f\u00e1brica de la Ba\u00f1eza\u00a0 - UAGA","isPartOf":{"@id":"https:\/\/www.uaga.eus\/#website"},"datePublished":"2020-02-28T12:34:04+00:00","dateModified":"2020-02-28T12:49:15+00:00","author":{"@id":"https:\/\/www.uaga.eus\/#\/schema\/person\/48c3cbf0f33d1b788226dbb6518689cf"},"breadcrumb":{"@id":"https:\/\/www.uaga.eus\/el-colectivo-de-remolacha-de-uaga-finaliza-la-campana-2019-2020-al-abrir-la-fabrica-de-la-baneza\/#breadcrumb"},"inLanguage":"eu","potentialAction":[{"@type":"ReadAction","target":["https:\/\/www.uaga.eus\/el-colectivo-de-remolacha-de-uaga-finaliza-la-campana-2019-2020-al-abrir-la-fabrica-de-la-baneza\/"]}]},{"@type":"BreadcrumbList","@id":"https:\/\/www.uaga.eus\/el-colectivo-de-remolacha-de-uaga-finaliza-la-campana-2019-2020-al-abrir-la-fabrica-de-la-baneza\/#breadcrumb","itemListElement":[{"@type":"ListItem","position":1,"name":"Inicio","item":"https:\/\/www.uaga.eus\/"},{"@type":"ListItem","position":2,"name":"El colectivo de remolacha de UAGA finaliza la campa\u00f1a 2019-2020 al abrir la f\u00e1brica de la Ba\u00f1eza\u00a0"}]},{"@type":"WebSite","@id":"https:\/\/www.uaga.eus\/#website","url":"https:\/\/www.uaga.eus\/","name":"UAGA","description":"Uni\u00f3n Agroganadera de \u00c1lava - Araba Nekazarien Elkartea","potentialAction":[{"@type":"SearchAction","target":{"@type":"EntryPoint","urlTemplate":"https:\/\/www.uaga.eus\/?s={search_term_string}"},"query-input":"required name=search_term_string"}],"inLanguage":"eu"},{"@type":"Person","@id":"https:\/\/www.uaga.eus\/#\/schema\/person\/48c3cbf0f33d1b788226dbb6518689cf","name":"Blanca S\u00e1nchez","image":{"@type":"ImageObject","inLanguage":"eu","@id":"https:\/\/www.uaga.eus\/#\/schema\/person\/image\/","url":"https:\/\/secure.gravatar.com\/avatar\/0dc91c20648254b1ce84877283f6751b?s=96&d=mm&r=g","contentUrl":"https:\/\/secure.gravatar.com\/avatar\/0dc91c20648254b1ce84877283f6751b?s=96&d=mm&r=g","caption":"Blanca S\u00e1nchez"},"url":"https:\/\/www.uaga.eus\/eu\/author\/bsanchez\/"}]}},"_links":{"self":[{"href":"https:\/\/www.uaga.eus\/eu\/wp-json\/wp\/v2\/posts\/6907"}],"collection":[{"href":"https:\/\/www.uaga.eus\/eu\/wp-json\/wp\/v2\/posts"}],"about":[{"href":"https:\/\/www.uaga.eus\/eu\/wp-json\/wp\/v2\/types\/post"}],"author":[{"embeddable":true,"href":"https:\/\/www.uaga.eus\/eu\/wp-json\/wp\/v2\/users\/4"}],"replies":[{"embeddable":true,"href":"https:\/\/www.uaga.eus\/eu\/wp-json\/wp\/v2\/comments?post=6907"}],"version-history":[{"count":2,"href":"https:\/\/www.uaga.eus\/eu\/wp-json\/wp\/v2\/posts\/6907\/revisions"}],"predecessor-version":[{"id":6912,"href":"https:\/\/www.uaga.eus\/eu\/wp-json\/wp\/v2\/posts\/6907\/revisions\/6912"}],"wp:featuredmedia":[{"embeddable":true,"href":"https:\/\/www.uaga.eus\/eu\/wp-json\/wp\/v2\/media\/6534"}],"wp:attachment":[{"href":"https:\/\/www.uaga.eus\/eu\/wp-json\/wp\/v2\/media?parent=6907"}],"wp:term":[{"taxonomy":"category","embeddable":true,"href":"https:\/\/www.uaga.eus\/eu\/wp-json\/wp\/v2\/categories?post=6907"},{"taxonomy":"post_tag","embeddable":true,"href":"https:\/\/www.uaga.eus\/eu\/wp-json\/wp\/v2\/tags?post=6907"}],"curies":[{"name":"wp","href":"https:\/\/api.w.org\/{rel}","templated":true}]}}