{"id":6903,"date":"2020-02-28T12:31:42","date_gmt":"2020-02-28T12:31:42","guid":{"rendered":"https:\/\/www.uaga.eus\/?p=6903"},"modified":"2020-02-28T12:50:01","modified_gmt":"2020-02-28T12:50:01","slug":"el-gobierno-reforma-la-ley-de-la-cadena-alimentaria","status":"publish","type":"post","link":"https:\/\/www.uaga.eus\/eu\/el-gobierno-reforma-la-ley-de-la-cadena-alimentaria\/","title":{"rendered":"El Gobierno reforma la Ley de la Cadena Alimentaria"},"content":{"rendered":"<p>El Ministro Luis Planas ha anunciado esta semana la reforma de la Ley de la Cadena Alimentaria, como herramienta para paliar la crisis del sector agrario y hacer frente a las movilizaciones del sector.<\/p>\n<p>COAG, la coordinadora estatal a la que pertenece UAGA, ha realizado una valoraci\u00f3n de esta reforma. Como aspectos positivos destaca que, pese a que est\u00e1 prohibido fijar precios m\u00ednimos, establece unas condiciones te\u00f3ricas para que los pagos cubran costes de producci\u00f3n.\u00a0 Se act\u00faa tambi\u00e9n sobre la destrucci\u00f3n de valor en la cadena y se agravan las sanciones considerablemente.<\/p>\n<p>Sin embargo, existen dudas de que se cumplan todos los objetivos porque quedan v\u00edas de escape para industria y distribuci\u00f3n. Por ejemplo, se establece una cla\u00fasula que obliga a una menci\u00f3n expresa de que el precio pactado en el contrato entre comprador y productor cubre los costes de producci\u00f3n. \u00c9sta puede no tener efecto si el comprador ejerce abuso de posici\u00f3n de dominio y obliga al vendedor a firmar el contrato con un precio bajo; adem\u00e1s habremos legitimado que el agricultor est\u00e1 vendiendo por encima de costes.<\/p>\n<p>Adem\u00e1s, quedan fuera de la reforma cuestiones como el registro estatal de los contratos, la figura de mediador, el canal Horeca o la regulaci\u00f3n de la venta directa. Tambi\u00e9n hace falta reforzar, tanto en presupuestos como en personal la Agencia de Informaci\u00f3n y Control Alimentarios (AICA).<\/p>\n<p>Puedes consultar <a href=\"https:\/\/mcusercontent.com\/498b950ccfc4b8d0e600d7e48\/files\/ef20475a-7d2f-4b3e-b5fc-67704a359baa\/RD_LEY_5_2020_Medidas_Urgentes_Agricultura_y_Alimentacion.pdf\" target=\"_blank\" rel=\"noopener\" data-cke-saved-href=\"https:\/\/mcusercontent.com\/498b950ccfc4b8d0e600d7e48\/files\/ef20475a-7d2f-4b3e-b5fc-67704a359baa\/RD_LEY_5_2020_Medidas_Urgentes_Agricultura_y_Alimentacion.pdf\">aqu\u00ed<\/a> el Real Decreto<\/p>\n<div>+info SUGOI: 675 707 696<\/div>\n","protected":false},"excerpt":{"rendered":"<p>El Ministro Luis Planas ha anunciado esta semana la reforma de la Ley de la Cadena Alimentaria, como herramienta para paliar la crisis del sector agrario y hacer frente a las movilizaciones del sector. COAG, la coordinadora estatal a la que pertenece UAGA, ha realizado una valoraci\u00f3n de esta reforma. Como aspectos positivos destaca que, [&hellip;]<\/p>\n","protected":false},"author":4,"featured_media":6900,"comment_status":"closed","ping_status":"closed","sticky":false,"template":"","format":"standard","meta":{"footnotes":""},"categories":[12,4],"tags":[],"yoast_head":"<!-- This site is optimized with the Yoast SEO plugin v21.5 - https:\/\/yoast.com\/wordpress\/plugins\/seo\/ -->\n<title>El Gobierno reforma la Ley de la Cadena Alimentaria - UAGA<\/title>\n<meta name=\"robots\" content=\"index, follow, max-snippet:-1, max-image-preview:large, max-video-preview:-1\" \/>\n<link rel=\"canonical\" href=\"https:\/\/www.uaga.eus\/el-gobierno-reforma-la-ley-de-la-cadena-alimentaria\/\" \/>\n<meta property=\"og:locale\" content=\"en_US\" \/>\n<meta property=\"og:type\" content=\"article\" \/>\n<meta property=\"og:title\" content=\"El Gobierno reforma la Ley de la Cadena Alimentaria - UAGA\" \/>\n<meta property=\"og:description\" content=\"El Ministro Luis Planas ha anunciado esta semana la reforma de la Ley de la Cadena Alimentaria, como herramienta para paliar la crisis del sector agrario y hacer frente a las movilizaciones del sector. COAG, la coordinadora estatal a la que pertenece UAGA, ha realizado una valoraci\u00f3n de esta reforma. Como aspectos positivos destaca que, [&hellip;]\" \/>\n<meta property=\"og:url\" content=\"https:\/\/www.uaga.eus\/el-gobierno-reforma-la-ley-de-la-cadena-alimentaria\/\" \/>\n<meta property=\"og:site_name\" content=\"UAGA\" \/>\n<meta property=\"article:published_time\" content=\"2020-02-28T12:31:42+00:00\" \/>\n<meta property=\"article:modified_time\" content=\"2020-02-28T12:50:01+00:00\" \/>\n<meta property=\"og:image\" content=\"https:\/\/www.uaga.eus\/wp-content\/uploads\/2020\/02\/supermercado-e1582893090142.jpg\" \/>\n\t<meta property=\"og:image:width\" content=\"700\" \/>\n\t<meta property=\"og:image:height\" content=\"397\" \/>\n\t<meta property=\"og:image:type\" content=\"image\/jpeg\" \/>\n<meta name=\"author\" content=\"Blanca S\u00e1nchez\" \/>\n<meta name=\"twitter:card\" content=\"summary_large_image\" \/>\n<meta name=\"twitter:label1\" content=\"Written by\" \/>\n\t<meta name=\"twitter:data1\" content=\"Blanca S\u00e1nchez\" \/>\n\t<meta name=\"twitter:label2\" content=\"Est. reading time\" \/>\n\t<meta name=\"twitter:data2\" content=\"1 minutua\" \/>\n<script type=\"application\/ld+json\" class=\"yoast-schema-graph\">{\"@context\":\"https:\/\/schema.org\",\"@graph\":[{\"@type\":\"WebPage\",\"@id\":\"https:\/\/www.uaga.eus\/el-gobierno-reforma-la-ley-de-la-cadena-alimentaria\/\",\"url\":\"https:\/\/www.uaga.eus\/el-gobierno-reforma-la-ley-de-la-cadena-alimentaria\/\",\"name\":\"El Gobierno reforma la Ley de la Cadena Alimentaria - UAGA\",\"isPartOf\":{\"@id\":\"https:\/\/www.uaga.eus\/#website\"},\"datePublished\":\"2020-02-28T12:31:42+00:00\",\"dateModified\":\"2020-02-28T12:50:01+00:00\",\"author\":{\"@id\":\"https:\/\/www.uaga.eus\/#\/schema\/person\/48c3cbf0f33d1b788226dbb6518689cf\"},\"breadcrumb\":{\"@id\":\"https:\/\/www.uaga.eus\/el-gobierno-reforma-la-ley-de-la-cadena-alimentaria\/#breadcrumb\"},\"inLanguage\":\"eu\",\"potentialAction\":[{\"@type\":\"ReadAction\",\"target\":[\"https:\/\/www.uaga.eus\/el-gobierno-reforma-la-ley-de-la-cadena-alimentaria\/\"]}]},{\"@type\":\"BreadcrumbList\",\"@id\":\"https:\/\/www.uaga.eus\/el-gobierno-reforma-la-ley-de-la-cadena-alimentaria\/#breadcrumb\",\"itemListElement\":[{\"@type\":\"ListItem\",\"position\":1,\"name\":\"Inicio\",\"item\":\"https:\/\/www.uaga.eus\/\"},{\"@type\":\"ListItem\",\"position\":2,\"name\":\"El Gobierno reforma la Ley de la Cadena Alimentaria\"}]},{\"@type\":\"WebSite\",\"@id\":\"https:\/\/www.uaga.eus\/#website\",\"url\":\"https:\/\/www.uaga.eus\/\",\"name\":\"UAGA\",\"description\":\"Uni\u00f3n Agroganadera de \u00c1lava - Araba Nekazarien Elkartea\",\"potentialAction\":[{\"@type\":\"SearchAction\",\"target\":{\"@type\":\"EntryPoint\",\"urlTemplate\":\"https:\/\/www.uaga.eus\/?s={search_term_string}\"},\"query-input\":\"required name=search_term_string\"}],\"inLanguage\":\"eu\"},{\"@type\":\"Person\",\"@id\":\"https:\/\/www.uaga.eus\/#\/schema\/person\/48c3cbf0f33d1b788226dbb6518689cf\",\"name\":\"Blanca S\u00e1nchez\",\"image\":{\"@type\":\"ImageObject\",\"inLanguage\":\"eu\",\"@id\":\"https:\/\/www.uaga.eus\/#\/schema\/person\/image\/\",\"url\":\"https:\/\/secure.gravatar.com\/avatar\/0dc91c20648254b1ce84877283f6751b?s=96&d=mm&r=g\",\"contentUrl\":\"https:\/\/secure.gravatar.com\/avatar\/0dc91c20648254b1ce84877283f6751b?s=96&d=mm&r=g\",\"caption\":\"Blanca S\u00e1nchez\"},\"url\":\"https:\/\/www.uaga.eus\/eu\/author\/bsanchez\/\"}]}<\/script>\n<!-- \/ Yoast SEO plugin. -->","yoast_head_json":{"title":"El Gobierno reforma la Ley de la Cadena Alimentaria - UAGA","robots":{"index":"index","follow":"follow","max-snippet":"max-snippet:-1","max-image-preview":"max-image-preview:large","max-video-preview":"max-video-preview:-1"},"canonical":"https:\/\/www.uaga.eus\/el-gobierno-reforma-la-ley-de-la-cadena-alimentaria\/","og_locale":"en_US","og_type":"article","og_title":"El Gobierno reforma la Ley de la Cadena Alimentaria - UAGA","og_description":"El Ministro Luis Planas ha anunciado esta semana la reforma de la Ley de la Cadena Alimentaria, como herramienta para paliar la crisis del sector agrario y hacer frente a las movilizaciones del sector. COAG, la coordinadora estatal a la que pertenece UAGA, ha realizado una valoraci\u00f3n de esta reforma. Como aspectos positivos destaca que, [&hellip;]","og_url":"https:\/\/www.uaga.eus\/el-gobierno-reforma-la-ley-de-la-cadena-alimentaria\/","og_site_name":"UAGA","article_published_time":"2020-02-28T12:31:42+00:00","article_modified_time":"2020-02-28T12:50:01+00:00","og_image":[{"width":700,"height":397,"url":"https:\/\/www.uaga.eus\/wp-content\/uploads\/2020\/02\/supermercado-e1582893090142.jpg","type":"image\/jpeg"}],"author":"Blanca S\u00e1nchez","twitter_card":"summary_large_image","twitter_misc":{"Written by":"Blanca S\u00e1nchez","Est. reading time":"1 minutua"},"schema":{"@context":"https:\/\/schema.org","@graph":[{"@type":"WebPage","@id":"https:\/\/www.uaga.eus\/el-gobierno-reforma-la-ley-de-la-cadena-alimentaria\/","url":"https:\/\/www.uaga.eus\/el-gobierno-reforma-la-ley-de-la-cadena-alimentaria\/","name":"El Gobierno reforma la Ley de la Cadena Alimentaria - UAGA","isPartOf":{"@id":"https:\/\/www.uaga.eus\/#website"},"datePublished":"2020-02-28T12:31:42+00:00","dateModified":"2020-02-28T12:50:01+00:00","author":{"@id":"https:\/\/www.uaga.eus\/#\/schema\/person\/48c3cbf0f33d1b788226dbb6518689cf"},"breadcrumb":{"@id":"https:\/\/www.uaga.eus\/el-gobierno-reforma-la-ley-de-la-cadena-alimentaria\/#breadcrumb"},"inLanguage":"eu","potentialAction":[{"@type":"ReadAction","target":["https:\/\/www.uaga.eus\/el-gobierno-reforma-la-ley-de-la-cadena-alimentaria\/"]}]},{"@type":"BreadcrumbList","@id":"https:\/\/www.uaga.eus\/el-gobierno-reforma-la-ley-de-la-cadena-alimentaria\/#breadcrumb","itemListElement":[{"@type":"ListItem","position":1,"name":"Inicio","item":"https:\/\/www.uaga.eus\/"},{"@type":"ListItem","position":2,"name":"El Gobierno reforma la Ley de la Cadena Alimentaria"}]},{"@type":"WebSite","@id":"https:\/\/www.uaga.eus\/#website","url":"https:\/\/www.uaga.eus\/","name":"UAGA","description":"Uni\u00f3n Agroganadera de \u00c1lava - Araba Nekazarien Elkartea","potentialAction":[{"@type":"SearchAction","target":{"@type":"EntryPoint","urlTemplate":"https:\/\/www.uaga.eus\/?s={search_term_string}"},"query-input":"required name=search_term_string"}],"inLanguage":"eu"},{"@type":"Person","@id":"https:\/\/www.uaga.eus\/#\/schema\/person\/48c3cbf0f33d1b788226dbb6518689cf","name":"Blanca S\u00e1nchez","image":{"@type":"ImageObject","inLanguage":"eu","@id":"https:\/\/www.uaga.eus\/#\/schema\/person\/image\/","url":"https:\/\/secure.gravatar.com\/avatar\/0dc91c20648254b1ce84877283f6751b?s=96&d=mm&r=g","contentUrl":"https:\/\/secure.gravatar.com\/avatar\/0dc91c20648254b1ce84877283f6751b?s=96&d=mm&r=g","caption":"Blanca S\u00e1nchez"},"url":"https:\/\/www.uaga.eus\/eu\/author\/bsanchez\/"}]}},"_links":{"self":[{"href":"https:\/\/www.uaga.eus\/eu\/wp-json\/wp\/v2\/posts\/6903"}],"collection":[{"href":"https:\/\/www.uaga.eus\/eu\/wp-json\/wp\/v2\/posts"}],"about":[{"href":"https:\/\/www.uaga.eus\/eu\/wp-json\/wp\/v2\/types\/post"}],"author":[{"embeddable":true,"href":"https:\/\/www.uaga.eus\/eu\/wp-json\/wp\/v2\/users\/4"}],"replies":[{"embeddable":true,"href":"https:\/\/www.uaga.eus\/eu\/wp-json\/wp\/v2\/comments?post=6903"}],"version-history":[{"count":1,"href":"https:\/\/www.uaga.eus\/eu\/wp-json\/wp\/v2\/posts\/6903\/revisions"}],"predecessor-version":[{"id":6904,"href":"https:\/\/www.uaga.eus\/eu\/wp-json\/wp\/v2\/posts\/6903\/revisions\/6904"}],"wp:featuredmedia":[{"embeddable":true,"href":"https:\/\/www.uaga.eus\/eu\/wp-json\/wp\/v2\/media\/6900"}],"wp:attachment":[{"href":"https:\/\/www.uaga.eus\/eu\/wp-json\/wp\/v2\/media?parent=6903"}],"wp:term":[{"taxonomy":"category","embeddable":true,"href":"https:\/\/www.uaga.eus\/eu\/wp-json\/wp\/v2\/categories?post=6903"},{"taxonomy":"post_tag","embeddable":true,"href":"https:\/\/www.uaga.eus\/eu\/wp-json\/wp\/v2\/tags?post=6903"}],"curies":[{"name":"wp","href":"https:\/\/api.w.org\/{rel}","templated":true}]}}