{"id":6894,"date":"2020-02-28T12:27:59","date_gmt":"2020-02-28T12:27:59","guid":{"rendered":"https:\/\/www.uaga.eus\/?p=6894"},"modified":"2020-02-28T12:56:41","modified_gmt":"2020-02-28T12:56:41","slug":"uaga-te-invita-a-participar-como-productor-en-el-mercado-agrario-transparente-del-28-de-marzo","status":"publish","type":"post","link":"https:\/\/www.uaga.eus\/eu\/uaga-te-invita-a-participar-como-productor-en-el-mercado-agrario-transparente-del-28-de-marzo\/","title":{"rendered":"UAGA te invita a participar como productor en el Mercado Agrario Transparente el s\u00e1bado 28 de marzo"},"content":{"rendered":"<p>UAGA, junto con AGA, organiza un nuevo Mercado Agrario Transparente el s\u00e1bado 28 de marzo en Vitoria-Gasteiz, en la plaza de los Celedones de Oro, frente a Correos, en horario de ma\u00f1ana.<\/p>\n<p>Este mercado fomenta la venta directa de productos agrarios y el consumo de alimentos de temporada, de cercan\u00eda y de calidad.<\/p>\n<p>Desde UAGA te animamos a participar en esta jornada en la que puedes vender tus productos y dar a conocer a la sociedad los alimentos que producen las personas del sector agr\u00edcola y ganadero en \u00c1lava y Trevi\u00f1o.<\/p>\n<div>+info BEATRIZ\u00a0: 688 816 181<\/div>\n<div><\/div>\n","protected":false},"excerpt":{"rendered":"<p>UAGA, junto con AGA, organiza un nuevo Mercado Agrario Transparente el s\u00e1bado 28 de marzo en Vitoria-Gasteiz, en la plaza de los Celedones de Oro, frente a Correos, en horario de ma\u00f1ana. Este mercado fomenta la venta directa de productos agrarios y el consumo de alimentos de temporada, de cercan\u00eda y de calidad. Desde UAGA [&hellip;]<\/p>\n","protected":false},"author":4,"featured_media":6896,"comment_status":"closed","ping_status":"closed","sticky":false,"template":"","format":"standard","meta":{"footnotes":""},"categories":[12],"tags":[],"yoast_head":"<!-- This site is optimized with the Yoast SEO plugin v21.5 - https:\/\/yoast.com\/wordpress\/plugins\/seo\/ -->\n<title>UAGA te invita a participar como productor en el Mercado Agrario Transparente el s\u00e1bado 28 de marzo - UAGA<\/title>\n<meta name=\"robots\" content=\"index, follow, max-snippet:-1, max-image-preview:large, max-video-preview:-1\" \/>\n<link rel=\"canonical\" href=\"https:\/\/www.uaga.eus\/eu\/uaga-te-invita-a-participar-como-productor-en-el-mercado-agrario-transparente-del-28-de-marzo\/\" \/>\n<meta property=\"og:locale\" content=\"en_US\" \/>\n<meta property=\"og:type\" content=\"article\" \/>\n<meta property=\"og:title\" content=\"UAGA te invita a participar como productor en el Mercado Agrario Transparente el s\u00e1bado 28 de marzo - UAGA\" \/>\n<meta property=\"og:description\" content=\"UAGA, junto con AGA, organiza un nuevo Mercado Agrario Transparente el s\u00e1bado 28 de marzo en Vitoria-Gasteiz, en la plaza de los Celedones de Oro, frente a Correos, en horario de ma\u00f1ana. Este mercado fomenta la venta directa de productos agrarios y el consumo de alimentos de temporada, de cercan\u00eda y de calidad. Desde UAGA [&hellip;]\" \/>\n<meta property=\"og:url\" content=\"https:\/\/www.uaga.eus\/eu\/uaga-te-invita-a-participar-como-productor-en-el-mercado-agrario-transparente-del-28-de-marzo\/\" \/>\n<meta property=\"og:site_name\" content=\"UAGA\" \/>\n<meta property=\"article:published_time\" content=\"2020-02-28T12:27:59+00:00\" \/>\n<meta property=\"article:modified_time\" content=\"2020-02-28T12:56:41+00:00\" \/>\n<meta property=\"og:image\" content=\"https:\/\/www.uaga.eus\/wp-content\/uploads\/2020\/02\/Mercado-transparente-e1582892866124.jpg\" \/>\n\t<meta property=\"og:image:width\" content=\"700\" \/>\n\t<meta property=\"og:image:height\" content=\"465\" \/>\n\t<meta property=\"og:image:type\" content=\"image\/jpeg\" \/>\n<meta name=\"author\" content=\"Blanca S\u00e1nchez\" \/>\n<meta name=\"twitter:card\" content=\"summary_large_image\" \/>\n<meta name=\"twitter:label1\" content=\"Written by\" \/>\n\t<meta name=\"twitter:data1\" content=\"Blanca S\u00e1nchez\" \/>\n<script type=\"application\/ld+json\" class=\"yoast-schema-graph\">{\"@context\":\"https:\/\/schema.org\",\"@graph\":[{\"@type\":\"WebPage\",\"@id\":\"https:\/\/www.uaga.eus\/eu\/uaga-te-invita-a-participar-como-productor-en-el-mercado-agrario-transparente-del-28-de-marzo\/\",\"url\":\"https:\/\/www.uaga.eus\/eu\/uaga-te-invita-a-participar-como-productor-en-el-mercado-agrario-transparente-del-28-de-marzo\/\",\"name\":\"UAGA te invita a participar como productor en el Mercado Agrario Transparente el s\u00e1bado 28 de marzo - UAGA\",\"isPartOf\":{\"@id\":\"https:\/\/www.uaga.eus\/#website\"},\"datePublished\":\"2020-02-28T12:27:59+00:00\",\"dateModified\":\"2020-02-28T12:56:41+00:00\",\"author\":{\"@id\":\"https:\/\/www.uaga.eus\/#\/schema\/person\/48c3cbf0f33d1b788226dbb6518689cf\"},\"breadcrumb\":{\"@id\":\"https:\/\/www.uaga.eus\/eu\/uaga-te-invita-a-participar-como-productor-en-el-mercado-agrario-transparente-del-28-de-marzo\/#breadcrumb\"},\"inLanguage\":\"eu\",\"potentialAction\":[{\"@type\":\"ReadAction\",\"target\":[\"https:\/\/www.uaga.eus\/eu\/uaga-te-invita-a-participar-como-productor-en-el-mercado-agrario-transparente-del-28-de-marzo\/\"]}]},{\"@type\":\"BreadcrumbList\",\"@id\":\"https:\/\/www.uaga.eus\/eu\/uaga-te-invita-a-participar-como-productor-en-el-mercado-agrario-transparente-del-28-de-marzo\/#breadcrumb\",\"itemListElement\":[{\"@type\":\"ListItem\",\"position\":1,\"name\":\"Inicio\",\"item\":\"https:\/\/www.uaga.eus\/\"},{\"@type\":\"ListItem\",\"position\":2,\"name\":\"UAGA te invita a participar como productor en el Mercado Agrario Transparente el s\u00e1bado 28 de marzo\"}]},{\"@type\":\"WebSite\",\"@id\":\"https:\/\/www.uaga.eus\/#website\",\"url\":\"https:\/\/www.uaga.eus\/\",\"name\":\"UAGA\",\"description\":\"Uni\u00f3n Agroganadera de \u00c1lava - Araba Nekazarien Elkartea\",\"potentialAction\":[{\"@type\":\"SearchAction\",\"target\":{\"@type\":\"EntryPoint\",\"urlTemplate\":\"https:\/\/www.uaga.eus\/?s={search_term_string}\"},\"query-input\":\"required name=search_term_string\"}],\"inLanguage\":\"eu\"},{\"@type\":\"Person\",\"@id\":\"https:\/\/www.uaga.eus\/#\/schema\/person\/48c3cbf0f33d1b788226dbb6518689cf\",\"name\":\"Blanca S\u00e1nchez\",\"image\":{\"@type\":\"ImageObject\",\"inLanguage\":\"eu\",\"@id\":\"https:\/\/www.uaga.eus\/#\/schema\/person\/image\/\",\"url\":\"https:\/\/secure.gravatar.com\/avatar\/0dc91c20648254b1ce84877283f6751b?s=96&d=mm&r=g\",\"contentUrl\":\"https:\/\/secure.gravatar.com\/avatar\/0dc91c20648254b1ce84877283f6751b?s=96&d=mm&r=g\",\"caption\":\"Blanca S\u00e1nchez\"},\"url\":\"https:\/\/www.uaga.eus\/eu\/author\/bsanchez\/\"}]}<\/script>\n<!-- \/ Yoast SEO plugin. -->","yoast_head_json":{"title":"UAGA te invita a participar como productor en el Mercado Agrario Transparente el s\u00e1bado 28 de marzo - UAGA","robots":{"index":"index","follow":"follow","max-snippet":"max-snippet:-1","max-image-preview":"max-image-preview:large","max-video-preview":"max-video-preview:-1"},"canonical":"https:\/\/www.uaga.eus\/eu\/uaga-te-invita-a-participar-como-productor-en-el-mercado-agrario-transparente-del-28-de-marzo\/","og_locale":"en_US","og_type":"article","og_title":"UAGA te invita a participar como productor en el Mercado Agrario Transparente el s\u00e1bado 28 de marzo - UAGA","og_description":"UAGA, junto con AGA, organiza un nuevo Mercado Agrario Transparente el s\u00e1bado 28 de marzo en Vitoria-Gasteiz, en la plaza de los Celedones de Oro, frente a Correos, en horario de ma\u00f1ana. Este mercado fomenta la venta directa de productos agrarios y el consumo de alimentos de temporada, de cercan\u00eda y de calidad. Desde UAGA [&hellip;]","og_url":"https:\/\/www.uaga.eus\/eu\/uaga-te-invita-a-participar-como-productor-en-el-mercado-agrario-transparente-del-28-de-marzo\/","og_site_name":"UAGA","article_published_time":"2020-02-28T12:27:59+00:00","article_modified_time":"2020-02-28T12:56:41+00:00","og_image":[{"width":700,"height":465,"url":"https:\/\/www.uaga.eus\/wp-content\/uploads\/2020\/02\/Mercado-transparente-e1582892866124.jpg","type":"image\/jpeg"}],"author":"Blanca S\u00e1nchez","twitter_card":"summary_large_image","twitter_misc":{"Written by":"Blanca S\u00e1nchez"},"schema":{"@context":"https:\/\/schema.org","@graph":[{"@type":"WebPage","@id":"https:\/\/www.uaga.eus\/eu\/uaga-te-invita-a-participar-como-productor-en-el-mercado-agrario-transparente-del-28-de-marzo\/","url":"https:\/\/www.uaga.eus\/eu\/uaga-te-invita-a-participar-como-productor-en-el-mercado-agrario-transparente-del-28-de-marzo\/","name":"UAGA te invita a participar como productor en el Mercado Agrario Transparente el s\u00e1bado 28 de marzo - UAGA","isPartOf":{"@id":"https:\/\/www.uaga.eus\/#website"},"datePublished":"2020-02-28T12:27:59+00:00","dateModified":"2020-02-28T12:56:41+00:00","author":{"@id":"https:\/\/www.uaga.eus\/#\/schema\/person\/48c3cbf0f33d1b788226dbb6518689cf"},"breadcrumb":{"@id":"https:\/\/www.uaga.eus\/eu\/uaga-te-invita-a-participar-como-productor-en-el-mercado-agrario-transparente-del-28-de-marzo\/#breadcrumb"},"inLanguage":"eu","potentialAction":[{"@type":"ReadAction","target":["https:\/\/www.uaga.eus\/eu\/uaga-te-invita-a-participar-como-productor-en-el-mercado-agrario-transparente-del-28-de-marzo\/"]}]},{"@type":"BreadcrumbList","@id":"https:\/\/www.uaga.eus\/eu\/uaga-te-invita-a-participar-como-productor-en-el-mercado-agrario-transparente-del-28-de-marzo\/#breadcrumb","itemListElement":[{"@type":"ListItem","position":1,"name":"Inicio","item":"https:\/\/www.uaga.eus\/"},{"@type":"ListItem","position":2,"name":"UAGA te invita a participar como productor en el Mercado Agrario Transparente el s\u00e1bado 28 de marzo"}]},{"@type":"WebSite","@id":"https:\/\/www.uaga.eus\/#website","url":"https:\/\/www.uaga.eus\/","name":"UAGA","description":"Uni\u00f3n Agroganadera de \u00c1lava - Araba Nekazarien Elkartea","potentialAction":[{"@type":"SearchAction","target":{"@type":"EntryPoint","urlTemplate":"https:\/\/www.uaga.eus\/?s={search_term_string}"},"query-input":"required name=search_term_string"}],"inLanguage":"eu"},{"@type":"Person","@id":"https:\/\/www.uaga.eus\/#\/schema\/person\/48c3cbf0f33d1b788226dbb6518689cf","name":"Blanca S\u00e1nchez","image":{"@type":"ImageObject","inLanguage":"eu","@id":"https:\/\/www.uaga.eus\/#\/schema\/person\/image\/","url":"https:\/\/secure.gravatar.com\/avatar\/0dc91c20648254b1ce84877283f6751b?s=96&d=mm&r=g","contentUrl":"https:\/\/secure.gravatar.com\/avatar\/0dc91c20648254b1ce84877283f6751b?s=96&d=mm&r=g","caption":"Blanca S\u00e1nchez"},"url":"https:\/\/www.uaga.eus\/eu\/author\/bsanchez\/"}]}},"_links":{"self":[{"href":"https:\/\/www.uaga.eus\/eu\/wp-json\/wp\/v2\/posts\/6894"}],"collection":[{"href":"https:\/\/www.uaga.eus\/eu\/wp-json\/wp\/v2\/posts"}],"about":[{"href":"https:\/\/www.uaga.eus\/eu\/wp-json\/wp\/v2\/types\/post"}],"author":[{"embeddable":true,"href":"https:\/\/www.uaga.eus\/eu\/wp-json\/wp\/v2\/users\/4"}],"replies":[{"embeddable":true,"href":"https:\/\/www.uaga.eus\/eu\/wp-json\/wp\/v2\/comments?post=6894"}],"version-history":[{"count":3,"href":"https:\/\/www.uaga.eus\/eu\/wp-json\/wp\/v2\/posts\/6894\/revisions"}],"predecessor-version":[{"id":6914,"href":"https:\/\/www.uaga.eus\/eu\/wp-json\/wp\/v2\/posts\/6894\/revisions\/6914"}],"wp:featuredmedia":[{"embeddable":true,"href":"https:\/\/www.uaga.eus\/eu\/wp-json\/wp\/v2\/media\/6896"}],"wp:attachment":[{"href":"https:\/\/www.uaga.eus\/eu\/wp-json\/wp\/v2\/media?parent=6894"}],"wp:term":[{"taxonomy":"category","embeddable":true,"href":"https:\/\/www.uaga.eus\/eu\/wp-json\/wp\/v2\/categories?post=6894"},{"taxonomy":"post_tag","embeddable":true,"href":"https:\/\/www.uaga.eus\/eu\/wp-json\/wp\/v2\/tags?post=6894"}],"curies":[{"name":"wp","href":"https:\/\/api.w.org\/{rel}","templated":true}]}}