{"id":6884,"date":"2020-02-21T11:57:11","date_gmt":"2020-02-21T11:57:11","guid":{"rendered":"https:\/\/www.uaga.eus\/?p=6884"},"modified":"2020-02-26T07:47:24","modified_gmt":"2020-02-26T07:47:24","slug":"la-sala-artgia-de-vitoria-gasteiz-acoge-la-exposicion-gu-latxa-de-la-fotografa-yone-estibariz-dedicada-al-pastoreo","status":"publish","type":"post","link":"https:\/\/www.uaga.eus\/eu\/la-sala-artgia-de-vitoria-gasteiz-acoge-la-exposicion-gu-latxa-de-la-fotografa-yone-estibariz-dedicada-al-pastoreo\/","title":{"rendered":"La sala Artgia de Vitoria-Gasteiz acoge\u00a0 la exposici\u00f3n &#8220;Gu, Latxa&#8221;, de la fot\u00f3grafa Yone Est\u00edbariz, dedicada al pastoreo"},"content":{"rendered":"<p><span style=\"font-family: arial, helvetica neue, helvetica, sans-serif;\">Hoy por la tarde se inaugura en la sala Artgia de Vitoria-Gasteiz la exposici\u00f3n &#8220;Latxa&#8221;. Una propuesta fotogr\u00e1fica de Yone Est\u00edbariz que recoge la vida en torno a este animal. La muestra, a trav\u00e9s de fotograf\u00eda documental, pretende visibilizar al sector y a quienes viven de \u00e9l.<\/p>\n<p>La exposici\u00f3n estar\u00e1 abierta al p\u00fablico hasta el 14 de febrero. La sala Artgia est\u00e1 en la calle Jos\u00e9 Lejarreta, 41 de Vitoria-Gasteiz.<\/span><\/p>\n<div><\/div>\n<div><\/div>\n<p><\/p>","protected":false},"excerpt":{"rendered":"<p>Hoy por la tarde se inaugura en la sala Artgia de Vitoria-Gasteiz la exposici\u00f3n &#8220;Latxa&#8221;. Una propuesta fotogr\u00e1fica de Yone Est\u00edbariz que recoge la vida en torno a este animal. La muestra, a trav\u00e9s de fotograf\u00eda documental, pretende visibilizar al sector y a quienes viven de \u00e9l. La exposici\u00f3n estar\u00e1 abierta al p\u00fablico hasta el [&hellip;]<\/p>\n","protected":false},"author":4,"featured_media":6885,"comment_status":"closed","ping_status":"closed","sticky":false,"template":"","format":"standard","meta":{"footnotes":""},"categories":[37,8],"tags":[],"yoast_head":"<!-- This site is optimized with the Yoast SEO plugin v21.5 - https:\/\/yoast.com\/wordpress\/plugins\/seo\/ -->\n<title>La sala Artgia de Vitoria-Gasteiz acoge\u00a0 la exposici\u00f3n &quot;Gu, Latxa&quot;, de la fot\u00f3grafa Yone Est\u00edbariz, dedicada al pastoreo - UAGA<\/title>\n<meta name=\"robots\" content=\"index, follow, max-snippet:-1, max-image-preview:large, max-video-preview:-1\" \/>\n<link rel=\"canonical\" href=\"https:\/\/www.uaga.eus\/la-sala-artgia-de-vitoria-gasteiz-acoge-la-exposicion-gu-latxa-de-la-fotografa-yone-estibariz-dedicada-al-pastoreo\/\" \/>\n<meta property=\"og:locale\" content=\"en_US\" \/>\n<meta property=\"og:type\" content=\"article\" \/>\n<meta property=\"og:title\" content=\"La sala Artgia de Vitoria-Gasteiz acoge\u00a0 la exposici\u00f3n &quot;Gu, Latxa&quot;, de la fot\u00f3grafa Yone Est\u00edbariz, dedicada al pastoreo - UAGA\" \/>\n<meta property=\"og:description\" content=\"Hoy por la tarde se inaugura en la sala Artgia de Vitoria-Gasteiz la exposici\u00f3n &#8220;Latxa&#8221;. Una propuesta fotogr\u00e1fica de Yone Est\u00edbariz que recoge la vida en torno a este animal. La muestra, a trav\u00e9s de fotograf\u00eda documental, pretende visibilizar al sector y a quienes viven de \u00e9l. La exposici\u00f3n estar\u00e1 abierta al p\u00fablico hasta el [&hellip;]\" \/>\n<meta property=\"og:url\" content=\"https:\/\/www.uaga.eus\/la-sala-artgia-de-vitoria-gasteiz-acoge-la-exposicion-gu-latxa-de-la-fotografa-yone-estibariz-dedicada-al-pastoreo\/\" \/>\n<meta property=\"og:site_name\" content=\"UAGA\" \/>\n<meta property=\"article:published_time\" content=\"2020-02-21T11:57:11+00:00\" \/>\n<meta property=\"article:modified_time\" content=\"2020-02-26T07:47:24+00:00\" \/>\n<meta property=\"og:image\" content=\"https:\/\/www.uaga.eus\/wp-content\/uploads\/2020\/02\/gu-latxa-e1582286205935.jpg\" \/>\n\t<meta property=\"og:image:width\" content=\"405\" \/>\n\t<meta property=\"og:image:height\" content=\"381\" \/>\n\t<meta property=\"og:image:type\" content=\"image\/jpeg\" \/>\n<meta name=\"author\" content=\"Blanca S\u00e1nchez\" \/>\n<meta name=\"twitter:card\" content=\"summary_large_image\" \/>\n<meta name=\"twitter:label1\" content=\"Written by\" \/>\n\t<meta name=\"twitter:data1\" content=\"Blanca S\u00e1nchez\" \/>\n\t<meta name=\"twitter:label2\" content=\"Est. reading time\" \/>\n\t<meta name=\"twitter:data2\" content=\"1 minutua\" \/>\n<script type=\"application\/ld+json\" class=\"yoast-schema-graph\">{\"@context\":\"https:\/\/schema.org\",\"@graph\":[{\"@type\":\"WebPage\",\"@id\":\"https:\/\/www.uaga.eus\/la-sala-artgia-de-vitoria-gasteiz-acoge-la-exposicion-gu-latxa-de-la-fotografa-yone-estibariz-dedicada-al-pastoreo\/\",\"url\":\"https:\/\/www.uaga.eus\/la-sala-artgia-de-vitoria-gasteiz-acoge-la-exposicion-gu-latxa-de-la-fotografa-yone-estibariz-dedicada-al-pastoreo\/\",\"name\":\"La sala Artgia de Vitoria-Gasteiz acoge\u00a0 la exposici\u00f3n \\\"Gu, Latxa\\\", de la fot\u00f3grafa Yone Est\u00edbariz, dedicada al pastoreo - UAGA\",\"isPartOf\":{\"@id\":\"https:\/\/www.uaga.eus\/#website\"},\"datePublished\":\"2020-02-21T11:57:11+00:00\",\"dateModified\":\"2020-02-26T07:47:24+00:00\",\"author\":{\"@id\":\"https:\/\/www.uaga.eus\/#\/schema\/person\/48c3cbf0f33d1b788226dbb6518689cf\"},\"breadcrumb\":{\"@id\":\"https:\/\/www.uaga.eus\/la-sala-artgia-de-vitoria-gasteiz-acoge-la-exposicion-gu-latxa-de-la-fotografa-yone-estibariz-dedicada-al-pastoreo\/#breadcrumb\"},\"inLanguage\":\"eu\",\"potentialAction\":[{\"@type\":\"ReadAction\",\"target\":[\"https:\/\/www.uaga.eus\/la-sala-artgia-de-vitoria-gasteiz-acoge-la-exposicion-gu-latxa-de-la-fotografa-yone-estibariz-dedicada-al-pastoreo\/\"]}]},{\"@type\":\"BreadcrumbList\",\"@id\":\"https:\/\/www.uaga.eus\/la-sala-artgia-de-vitoria-gasteiz-acoge-la-exposicion-gu-latxa-de-la-fotografa-yone-estibariz-dedicada-al-pastoreo\/#breadcrumb\",\"itemListElement\":[{\"@type\":\"ListItem\",\"position\":1,\"name\":\"Inicio\",\"item\":\"https:\/\/www.uaga.eus\/\"},{\"@type\":\"ListItem\",\"position\":2,\"name\":\"La sala Artgia de Vitoria-Gasteiz acoge\u00a0 la exposici\u00f3n \u00abGu, Latxa\u00bb, de la fot\u00f3grafa Yone Est\u00edbariz, dedicada al pastoreo\"}]},{\"@type\":\"WebSite\",\"@id\":\"https:\/\/www.uaga.eus\/#website\",\"url\":\"https:\/\/www.uaga.eus\/\",\"name\":\"UAGA\",\"description\":\"Uni\u00f3n Agroganadera de \u00c1lava - Araba Nekazarien Elkartea\",\"potentialAction\":[{\"@type\":\"SearchAction\",\"target\":{\"@type\":\"EntryPoint\",\"urlTemplate\":\"https:\/\/www.uaga.eus\/?s={search_term_string}\"},\"query-input\":\"required name=search_term_string\"}],\"inLanguage\":\"eu\"},{\"@type\":\"Person\",\"@id\":\"https:\/\/www.uaga.eus\/#\/schema\/person\/48c3cbf0f33d1b788226dbb6518689cf\",\"name\":\"Blanca S\u00e1nchez\",\"image\":{\"@type\":\"ImageObject\",\"inLanguage\":\"eu\",\"@id\":\"https:\/\/www.uaga.eus\/#\/schema\/person\/image\/\",\"url\":\"https:\/\/secure.gravatar.com\/avatar\/0dc91c20648254b1ce84877283f6751b?s=96&d=mm&r=g\",\"contentUrl\":\"https:\/\/secure.gravatar.com\/avatar\/0dc91c20648254b1ce84877283f6751b?s=96&d=mm&r=g\",\"caption\":\"Blanca S\u00e1nchez\"},\"url\":\"https:\/\/www.uaga.eus\/eu\/author\/bsanchez\/\"}]}<\/script>\n<!-- \/ Yoast SEO plugin. -->","yoast_head_json":{"title":"La sala Artgia de Vitoria-Gasteiz acoge\u00a0 la exposici\u00f3n \"Gu, Latxa\", de la fot\u00f3grafa Yone Est\u00edbariz, dedicada al pastoreo - UAGA","robots":{"index":"index","follow":"follow","max-snippet":"max-snippet:-1","max-image-preview":"max-image-preview:large","max-video-preview":"max-video-preview:-1"},"canonical":"https:\/\/www.uaga.eus\/la-sala-artgia-de-vitoria-gasteiz-acoge-la-exposicion-gu-latxa-de-la-fotografa-yone-estibariz-dedicada-al-pastoreo\/","og_locale":"en_US","og_type":"article","og_title":"La sala Artgia de Vitoria-Gasteiz acoge\u00a0 la exposici\u00f3n \"Gu, Latxa\", de la fot\u00f3grafa Yone Est\u00edbariz, dedicada al pastoreo - UAGA","og_description":"Hoy por la tarde se inaugura en la sala Artgia de Vitoria-Gasteiz la exposici\u00f3n &#8220;Latxa&#8221;. Una propuesta fotogr\u00e1fica de Yone Est\u00edbariz que recoge la vida en torno a este animal. La muestra, a trav\u00e9s de fotograf\u00eda documental, pretende visibilizar al sector y a quienes viven de \u00e9l. La exposici\u00f3n estar\u00e1 abierta al p\u00fablico hasta el [&hellip;]","og_url":"https:\/\/www.uaga.eus\/la-sala-artgia-de-vitoria-gasteiz-acoge-la-exposicion-gu-latxa-de-la-fotografa-yone-estibariz-dedicada-al-pastoreo\/","og_site_name":"UAGA","article_published_time":"2020-02-21T11:57:11+00:00","article_modified_time":"2020-02-26T07:47:24+00:00","og_image":[{"width":405,"height":381,"url":"https:\/\/www.uaga.eus\/wp-content\/uploads\/2020\/02\/gu-latxa-e1582286205935.jpg","type":"image\/jpeg"}],"author":"Blanca S\u00e1nchez","twitter_card":"summary_large_image","twitter_misc":{"Written by":"Blanca S\u00e1nchez","Est. reading time":"1 minutua"},"schema":{"@context":"https:\/\/schema.org","@graph":[{"@type":"WebPage","@id":"https:\/\/www.uaga.eus\/la-sala-artgia-de-vitoria-gasteiz-acoge-la-exposicion-gu-latxa-de-la-fotografa-yone-estibariz-dedicada-al-pastoreo\/","url":"https:\/\/www.uaga.eus\/la-sala-artgia-de-vitoria-gasteiz-acoge-la-exposicion-gu-latxa-de-la-fotografa-yone-estibariz-dedicada-al-pastoreo\/","name":"La sala Artgia de Vitoria-Gasteiz acoge\u00a0 la exposici\u00f3n \"Gu, Latxa\", de la fot\u00f3grafa Yone Est\u00edbariz, dedicada al pastoreo - UAGA","isPartOf":{"@id":"https:\/\/www.uaga.eus\/#website"},"datePublished":"2020-02-21T11:57:11+00:00","dateModified":"2020-02-26T07:47:24+00:00","author":{"@id":"https:\/\/www.uaga.eus\/#\/schema\/person\/48c3cbf0f33d1b788226dbb6518689cf"},"breadcrumb":{"@id":"https:\/\/www.uaga.eus\/la-sala-artgia-de-vitoria-gasteiz-acoge-la-exposicion-gu-latxa-de-la-fotografa-yone-estibariz-dedicada-al-pastoreo\/#breadcrumb"},"inLanguage":"eu","potentialAction":[{"@type":"ReadAction","target":["https:\/\/www.uaga.eus\/la-sala-artgia-de-vitoria-gasteiz-acoge-la-exposicion-gu-latxa-de-la-fotografa-yone-estibariz-dedicada-al-pastoreo\/"]}]},{"@type":"BreadcrumbList","@id":"https:\/\/www.uaga.eus\/la-sala-artgia-de-vitoria-gasteiz-acoge-la-exposicion-gu-latxa-de-la-fotografa-yone-estibariz-dedicada-al-pastoreo\/#breadcrumb","itemListElement":[{"@type":"ListItem","position":1,"name":"Inicio","item":"https:\/\/www.uaga.eus\/"},{"@type":"ListItem","position":2,"name":"La sala Artgia de Vitoria-Gasteiz acoge\u00a0 la exposici\u00f3n \u00abGu, Latxa\u00bb, de la fot\u00f3grafa Yone Est\u00edbariz, dedicada al pastoreo"}]},{"@type":"WebSite","@id":"https:\/\/www.uaga.eus\/#website","url":"https:\/\/www.uaga.eus\/","name":"UAGA","description":"Uni\u00f3n Agroganadera de \u00c1lava - Araba Nekazarien Elkartea","potentialAction":[{"@type":"SearchAction","target":{"@type":"EntryPoint","urlTemplate":"https:\/\/www.uaga.eus\/?s={search_term_string}"},"query-input":"required name=search_term_string"}],"inLanguage":"eu"},{"@type":"Person","@id":"https:\/\/www.uaga.eus\/#\/schema\/person\/48c3cbf0f33d1b788226dbb6518689cf","name":"Blanca S\u00e1nchez","image":{"@type":"ImageObject","inLanguage":"eu","@id":"https:\/\/www.uaga.eus\/#\/schema\/person\/image\/","url":"https:\/\/secure.gravatar.com\/avatar\/0dc91c20648254b1ce84877283f6751b?s=96&d=mm&r=g","contentUrl":"https:\/\/secure.gravatar.com\/avatar\/0dc91c20648254b1ce84877283f6751b?s=96&d=mm&r=g","caption":"Blanca S\u00e1nchez"},"url":"https:\/\/www.uaga.eus\/eu\/author\/bsanchez\/"}]}},"_links":{"self":[{"href":"https:\/\/www.uaga.eus\/eu\/wp-json\/wp\/v2\/posts\/6884"}],"collection":[{"href":"https:\/\/www.uaga.eus\/eu\/wp-json\/wp\/v2\/posts"}],"about":[{"href":"https:\/\/www.uaga.eus\/eu\/wp-json\/wp\/v2\/types\/post"}],"author":[{"embeddable":true,"href":"https:\/\/www.uaga.eus\/eu\/wp-json\/wp\/v2\/users\/4"}],"replies":[{"embeddable":true,"href":"https:\/\/www.uaga.eus\/eu\/wp-json\/wp\/v2\/comments?post=6884"}],"version-history":[{"count":2,"href":"https:\/\/www.uaga.eus\/eu\/wp-json\/wp\/v2\/posts\/6884\/revisions"}],"predecessor-version":[{"id":6893,"href":"https:\/\/www.uaga.eus\/eu\/wp-json\/wp\/v2\/posts\/6884\/revisions\/6893"}],"wp:featuredmedia":[{"embeddable":true,"href":"https:\/\/www.uaga.eus\/eu\/wp-json\/wp\/v2\/media\/6885"}],"wp:attachment":[{"href":"https:\/\/www.uaga.eus\/eu\/wp-json\/wp\/v2\/media?parent=6884"}],"wp:term":[{"taxonomy":"category","embeddable":true,"href":"https:\/\/www.uaga.eus\/eu\/wp-json\/wp\/v2\/categories?post=6884"},{"taxonomy":"post_tag","embeddable":true,"href":"https:\/\/www.uaga.eus\/eu\/wp-json\/wp\/v2\/tags?post=6884"}],"curies":[{"name":"wp","href":"https:\/\/api.w.org\/{rel}","templated":true}]}}