{"id":6878,"date":"2020-02-14T12:33:33","date_gmt":"2020-02-14T12:33:33","guid":{"rendered":"https:\/\/www.uaga.eus\/?p=6878"},"modified":"2020-12-17T17:57:41","modified_gmt":"2020-12-17T17:57:41","slug":"uaga-y-la-comunidad-de-regantes-tumecillo-reiteran-la-necesidad-del-regadio-de-valles-alaveses-para-garantizar-el-futuro-del-sector-agrario-y-de-los-pueblos-de-la-zona","status":"publish","type":"post","link":"https:\/\/www.uaga.eus\/eu\/uaga-y-la-comunidad-de-regantes-tumecillo-reiteran-la-necesidad-del-regadio-de-valles-alaveses-para-garantizar-el-futuro-del-sector-agrario-y-de-los-pueblos-de-la-zona\/","title":{"rendered":"UAGA y la Comunidad de Regantes Tumecillo reiteran la necesidad del Regad\u00edo de Valles Alaveses para garantizar el futuro del sector agrario y de los pueblos de la zona"},"content":{"rendered":"<p><span style=\"font-family: arial, helvetica neue, helvetica, sans-serif;\">Hace dos semanas se dio a conocer que ACUAES (Sociedad Estatal Aguas de las Cuencas de Espa\u00f1a, S.A) renuncia a la realizaci\u00f3n de las obras del regad\u00edo de Valles Alaveses. A\u00fan no ha habido una notificaci\u00f3n oficial pero, de llevarse a cabo, conllevar\u00e1 un serio peligro para el desarrollo rural de la zona.<\/p>\n<p>Tanto UAGA como la Comunidad de Regantes de Tumecillo rechazamos esta decisi\u00f3n, que supone la paralizaci\u00f3n total del regad\u00edo de Valles Alaveses, un proyecto que afecta a un total de 6.000 hect\u00e1reas de superficie de cultivo que se quedar\u00edan sin posibilidad de mejora. Hay que tener en cuenta, adem\u00e1s, que ya existe una fase ejecutada y en funcionamiento, que cuenta con unas 2.000 hect\u00e1reas de superficie en regad\u00edo.<\/p>\n<p>Queremos dejar claro que el Proyecto de regad\u00edo de Valles Alaveses est\u00e1 aprobado, que cuenta con una Declaraci\u00f3n de Impacto Ambiental (DIA) favorable y que fue declarada de Inter\u00e9s General por la Ley 14\/2000, de 29 de diciembre, de Medidas Fiscales, Administrativas y de orden social.<\/p>\n<p>Tanto UAGA como la Comunidad de Regantes quieren advertir de que el regad\u00edo es necesario para el desarrollo de la comarca de Valles Alaveses, tanto para el sector agrario como para el medio rural en su conjunto.<\/p>\n<p>UAGA y la Comunidad de Regantes exigen una comunicaci\u00f3n oficial que confirme o desmienta de esta paralizaci\u00f3n, ya que es in\u00e9dito el modo de actuaci\u00f3n ante este proyecto. Al mismo tiempo est\u00e1n manteniendo contactos con Diputaci\u00f3n para conocer el estado del proyecto y han solicitado adem\u00e1s una comparecencia en Juntas Generales para explicar la situaci\u00f3n del regad\u00edo de Valles Alaveses.<\/span><\/p>\n<div>+info SUGOI: 675 707 696<\/div>\n<div><\/div>\n<p><\/p>","protected":false},"excerpt":{"rendered":"<p>Hace dos semanas se dio a conocer que ACUAES (Sociedad Estatal Aguas de las Cuencas de Espa\u00f1a, S.A) renuncia a la realizaci\u00f3n de las obras del regad\u00edo de Valles Alaveses. A\u00fan no ha habido una notificaci\u00f3n oficial pero, de llevarse a cabo, conllevar\u00e1 un serio peligro para el desarrollo rural de la zona. Tanto UAGA [&hellip;]<\/p>\n","protected":false},"author":4,"featured_media":4873,"comment_status":"closed","ping_status":"closed","sticky":false,"template":"","format":"standard","meta":{"footnotes":""},"categories":[7,11,3],"tags":[],"yoast_head":"<!-- This site is optimized with the Yoast SEO plugin v21.5 - https:\/\/yoast.com\/wordpress\/plugins\/seo\/ -->\n<title>UAGA y la Comunidad de Regantes Tumecillo reiteran la necesidad del Regad\u00edo de Valles Alaveses para garantizar el futuro del sector agrario y de los pueblos de la zona - UAGA<\/title>\n<meta name=\"robots\" content=\"index, follow, max-snippet:-1, max-image-preview:large, max-video-preview:-1\" \/>\n<link rel=\"canonical\" href=\"https:\/\/www.uaga.eus\/uaga-y-la-comunidad-de-regantes-tumecillo-reiteran-la-necesidad-del-regadio-de-valles-alaveses-para-garantizar-el-futuro-del-sector-agrario-y-de-los-pueblos-de-la-zona\/\" \/>\n<meta property=\"og:locale\" content=\"en_US\" \/>\n<meta property=\"og:type\" content=\"article\" \/>\n<meta property=\"og:title\" content=\"UAGA y la Comunidad de Regantes Tumecillo reiteran la necesidad del Regad\u00edo de Valles Alaveses para garantizar el futuro del sector agrario y de los pueblos de la zona - UAGA\" \/>\n<meta property=\"og:description\" content=\"Hace dos semanas se dio a conocer que ACUAES (Sociedad Estatal Aguas de las Cuencas de Espa\u00f1a, S.A) renuncia a la realizaci\u00f3n de las obras del regad\u00edo de Valles Alaveses. A\u00fan no ha habido una notificaci\u00f3n oficial pero, de llevarse a cabo, conllevar\u00e1 un serio peligro para el desarrollo rural de la zona. Tanto UAGA [&hellip;]\" \/>\n<meta property=\"og:url\" content=\"https:\/\/www.uaga.eus\/uaga-y-la-comunidad-de-regantes-tumecillo-reiteran-la-necesidad-del-regadio-de-valles-alaveses-para-garantizar-el-futuro-del-sector-agrario-y-de-los-pueblos-de-la-zona\/\" \/>\n<meta property=\"og:site_name\" content=\"UAGA\" \/>\n<meta property=\"article:published_time\" content=\"2020-02-14T12:33:33+00:00\" \/>\n<meta property=\"article:modified_time\" content=\"2020-12-17T17:57:41+00:00\" \/>\n<meta property=\"og:image\" content=\"https:\/\/www.uaga.eus\/wp-content\/uploads\/2018\/11\/riego-aspersi\u00f3n-e1542371406268.jpg\" \/>\n\t<meta property=\"og:image:width\" content=\"699\" \/>\n\t<meta property=\"og:image:height\" content=\"280\" \/>\n\t<meta property=\"og:image:type\" content=\"image\/jpeg\" \/>\n<meta name=\"author\" content=\"Blanca S\u00e1nchez\" \/>\n<meta name=\"twitter:card\" content=\"summary_large_image\" \/>\n<meta name=\"twitter:label1\" content=\"Written by\" \/>\n\t<meta name=\"twitter:data1\" content=\"Blanca S\u00e1nchez\" \/>\n\t<meta name=\"twitter:label2\" content=\"Est. reading time\" \/>\n\t<meta name=\"twitter:data2\" content=\"3 minutua\" \/>\n<script type=\"application\/ld+json\" class=\"yoast-schema-graph\">{\"@context\":\"https:\/\/schema.org\",\"@graph\":[{\"@type\":\"WebPage\",\"@id\":\"https:\/\/www.uaga.eus\/uaga-y-la-comunidad-de-regantes-tumecillo-reiteran-la-necesidad-del-regadio-de-valles-alaveses-para-garantizar-el-futuro-del-sector-agrario-y-de-los-pueblos-de-la-zona\/\",\"url\":\"https:\/\/www.uaga.eus\/uaga-y-la-comunidad-de-regantes-tumecillo-reiteran-la-necesidad-del-regadio-de-valles-alaveses-para-garantizar-el-futuro-del-sector-agrario-y-de-los-pueblos-de-la-zona\/\",\"name\":\"UAGA y la Comunidad de Regantes Tumecillo reiteran la necesidad del Regad\u00edo de Valles Alaveses para garantizar el futuro del sector agrario y de los pueblos de la zona - UAGA\",\"isPartOf\":{\"@id\":\"https:\/\/www.uaga.eus\/#website\"},\"datePublished\":\"2020-02-14T12:33:33+00:00\",\"dateModified\":\"2020-12-17T17:57:41+00:00\",\"author\":{\"@id\":\"https:\/\/www.uaga.eus\/#\/schema\/person\/48c3cbf0f33d1b788226dbb6518689cf\"},\"breadcrumb\":{\"@id\":\"https:\/\/www.uaga.eus\/uaga-y-la-comunidad-de-regantes-tumecillo-reiteran-la-necesidad-del-regadio-de-valles-alaveses-para-garantizar-el-futuro-del-sector-agrario-y-de-los-pueblos-de-la-zona\/#breadcrumb\"},\"inLanguage\":\"eu\",\"potentialAction\":[{\"@type\":\"ReadAction\",\"target\":[\"https:\/\/www.uaga.eus\/uaga-y-la-comunidad-de-regantes-tumecillo-reiteran-la-necesidad-del-regadio-de-valles-alaveses-para-garantizar-el-futuro-del-sector-agrario-y-de-los-pueblos-de-la-zona\/\"]}]},{\"@type\":\"BreadcrumbList\",\"@id\":\"https:\/\/www.uaga.eus\/uaga-y-la-comunidad-de-regantes-tumecillo-reiteran-la-necesidad-del-regadio-de-valles-alaveses-para-garantizar-el-futuro-del-sector-agrario-y-de-los-pueblos-de-la-zona\/#breadcrumb\",\"itemListElement\":[{\"@type\":\"ListItem\",\"position\":1,\"name\":\"Inicio\",\"item\":\"https:\/\/www.uaga.eus\/\"},{\"@type\":\"ListItem\",\"position\":2,\"name\":\"UAGA y la Comunidad de Regantes Tumecillo reiteran la necesidad del Regad\u00edo de Valles Alaveses para garantizar el futuro del sector agrario y de los pueblos de la zona\"}]},{\"@type\":\"WebSite\",\"@id\":\"https:\/\/www.uaga.eus\/#website\",\"url\":\"https:\/\/www.uaga.eus\/\",\"name\":\"UAGA\",\"description\":\"Uni\u00f3n Agroganadera de \u00c1lava - Araba Nekazarien Elkartea\",\"potentialAction\":[{\"@type\":\"SearchAction\",\"target\":{\"@type\":\"EntryPoint\",\"urlTemplate\":\"https:\/\/www.uaga.eus\/?s={search_term_string}\"},\"query-input\":\"required name=search_term_string\"}],\"inLanguage\":\"eu\"},{\"@type\":\"Person\",\"@id\":\"https:\/\/www.uaga.eus\/#\/schema\/person\/48c3cbf0f33d1b788226dbb6518689cf\",\"name\":\"Blanca S\u00e1nchez\",\"image\":{\"@type\":\"ImageObject\",\"inLanguage\":\"eu\",\"@id\":\"https:\/\/www.uaga.eus\/#\/schema\/person\/image\/\",\"url\":\"https:\/\/secure.gravatar.com\/avatar\/0dc91c20648254b1ce84877283f6751b?s=96&d=mm&r=g\",\"contentUrl\":\"https:\/\/secure.gravatar.com\/avatar\/0dc91c20648254b1ce84877283f6751b?s=96&d=mm&r=g\",\"caption\":\"Blanca S\u00e1nchez\"},\"url\":\"https:\/\/www.uaga.eus\/eu\/author\/bsanchez\/\"}]}<\/script>\n<!-- \/ Yoast SEO plugin. -->","yoast_head_json":{"title":"UAGA y la Comunidad de Regantes Tumecillo reiteran la necesidad del Regad\u00edo de Valles Alaveses para garantizar el futuro del sector agrario y de los pueblos de la zona - UAGA","robots":{"index":"index","follow":"follow","max-snippet":"max-snippet:-1","max-image-preview":"max-image-preview:large","max-video-preview":"max-video-preview:-1"},"canonical":"https:\/\/www.uaga.eus\/uaga-y-la-comunidad-de-regantes-tumecillo-reiteran-la-necesidad-del-regadio-de-valles-alaveses-para-garantizar-el-futuro-del-sector-agrario-y-de-los-pueblos-de-la-zona\/","og_locale":"en_US","og_type":"article","og_title":"UAGA y la Comunidad de Regantes Tumecillo reiteran la necesidad del Regad\u00edo de Valles Alaveses para garantizar el futuro del sector agrario y de los pueblos de la zona - UAGA","og_description":"Hace dos semanas se dio a conocer que ACUAES (Sociedad Estatal Aguas de las Cuencas de Espa\u00f1a, S.A) renuncia a la realizaci\u00f3n de las obras del regad\u00edo de Valles Alaveses. A\u00fan no ha habido una notificaci\u00f3n oficial pero, de llevarse a cabo, conllevar\u00e1 un serio peligro para el desarrollo rural de la zona. Tanto UAGA [&hellip;]","og_url":"https:\/\/www.uaga.eus\/uaga-y-la-comunidad-de-regantes-tumecillo-reiteran-la-necesidad-del-regadio-de-valles-alaveses-para-garantizar-el-futuro-del-sector-agrario-y-de-los-pueblos-de-la-zona\/","og_site_name":"UAGA","article_published_time":"2020-02-14T12:33:33+00:00","article_modified_time":"2020-12-17T17:57:41+00:00","og_image":[{"width":699,"height":280,"url":"https:\/\/www.uaga.eus\/wp-content\/uploads\/2018\/11\/riego-aspersi\u00f3n-e1542371406268.jpg","type":"image\/jpeg"}],"author":"Blanca S\u00e1nchez","twitter_card":"summary_large_image","twitter_misc":{"Written by":"Blanca S\u00e1nchez","Est. reading time":"3 minutua"},"schema":{"@context":"https:\/\/schema.org","@graph":[{"@type":"WebPage","@id":"https:\/\/www.uaga.eus\/uaga-y-la-comunidad-de-regantes-tumecillo-reiteran-la-necesidad-del-regadio-de-valles-alaveses-para-garantizar-el-futuro-del-sector-agrario-y-de-los-pueblos-de-la-zona\/","url":"https:\/\/www.uaga.eus\/uaga-y-la-comunidad-de-regantes-tumecillo-reiteran-la-necesidad-del-regadio-de-valles-alaveses-para-garantizar-el-futuro-del-sector-agrario-y-de-los-pueblos-de-la-zona\/","name":"UAGA y la Comunidad de Regantes Tumecillo reiteran la necesidad del Regad\u00edo de Valles Alaveses para garantizar el futuro del sector agrario y de los pueblos de la zona - UAGA","isPartOf":{"@id":"https:\/\/www.uaga.eus\/#website"},"datePublished":"2020-02-14T12:33:33+00:00","dateModified":"2020-12-17T17:57:41+00:00","author":{"@id":"https:\/\/www.uaga.eus\/#\/schema\/person\/48c3cbf0f33d1b788226dbb6518689cf"},"breadcrumb":{"@id":"https:\/\/www.uaga.eus\/uaga-y-la-comunidad-de-regantes-tumecillo-reiteran-la-necesidad-del-regadio-de-valles-alaveses-para-garantizar-el-futuro-del-sector-agrario-y-de-los-pueblos-de-la-zona\/#breadcrumb"},"inLanguage":"eu","potentialAction":[{"@type":"ReadAction","target":["https:\/\/www.uaga.eus\/uaga-y-la-comunidad-de-regantes-tumecillo-reiteran-la-necesidad-del-regadio-de-valles-alaveses-para-garantizar-el-futuro-del-sector-agrario-y-de-los-pueblos-de-la-zona\/"]}]},{"@type":"BreadcrumbList","@id":"https:\/\/www.uaga.eus\/uaga-y-la-comunidad-de-regantes-tumecillo-reiteran-la-necesidad-del-regadio-de-valles-alaveses-para-garantizar-el-futuro-del-sector-agrario-y-de-los-pueblos-de-la-zona\/#breadcrumb","itemListElement":[{"@type":"ListItem","position":1,"name":"Inicio","item":"https:\/\/www.uaga.eus\/"},{"@type":"ListItem","position":2,"name":"UAGA y la Comunidad de Regantes Tumecillo reiteran la necesidad del Regad\u00edo de Valles Alaveses para garantizar el futuro del sector agrario y de los pueblos de la zona"}]},{"@type":"WebSite","@id":"https:\/\/www.uaga.eus\/#website","url":"https:\/\/www.uaga.eus\/","name":"UAGA","description":"Uni\u00f3n Agroganadera de \u00c1lava - Araba Nekazarien Elkartea","potentialAction":[{"@type":"SearchAction","target":{"@type":"EntryPoint","urlTemplate":"https:\/\/www.uaga.eus\/?s={search_term_string}"},"query-input":"required name=search_term_string"}],"inLanguage":"eu"},{"@type":"Person","@id":"https:\/\/www.uaga.eus\/#\/schema\/person\/48c3cbf0f33d1b788226dbb6518689cf","name":"Blanca S\u00e1nchez","image":{"@type":"ImageObject","inLanguage":"eu","@id":"https:\/\/www.uaga.eus\/#\/schema\/person\/image\/","url":"https:\/\/secure.gravatar.com\/avatar\/0dc91c20648254b1ce84877283f6751b?s=96&d=mm&r=g","contentUrl":"https:\/\/secure.gravatar.com\/avatar\/0dc91c20648254b1ce84877283f6751b?s=96&d=mm&r=g","caption":"Blanca S\u00e1nchez"},"url":"https:\/\/www.uaga.eus\/eu\/author\/bsanchez\/"}]}},"_links":{"self":[{"href":"https:\/\/www.uaga.eus\/eu\/wp-json\/wp\/v2\/posts\/6878"}],"collection":[{"href":"https:\/\/www.uaga.eus\/eu\/wp-json\/wp\/v2\/posts"}],"about":[{"href":"https:\/\/www.uaga.eus\/eu\/wp-json\/wp\/v2\/types\/post"}],"author":[{"embeddable":true,"href":"https:\/\/www.uaga.eus\/eu\/wp-json\/wp\/v2\/users\/4"}],"replies":[{"embeddable":true,"href":"https:\/\/www.uaga.eus\/eu\/wp-json\/wp\/v2\/comments?post=6878"}],"version-history":[{"count":2,"href":"https:\/\/www.uaga.eus\/eu\/wp-json\/wp\/v2\/posts\/6878\/revisions"}],"predecessor-version":[{"id":8401,"href":"https:\/\/www.uaga.eus\/eu\/wp-json\/wp\/v2\/posts\/6878\/revisions\/8401"}],"wp:featuredmedia":[{"embeddable":true,"href":"https:\/\/www.uaga.eus\/eu\/wp-json\/wp\/v2\/media\/4873"}],"wp:attachment":[{"href":"https:\/\/www.uaga.eus\/eu\/wp-json\/wp\/v2\/media?parent=6878"}],"wp:term":[{"taxonomy":"category","embeddable":true,"href":"https:\/\/www.uaga.eus\/eu\/wp-json\/wp\/v2\/categories?post=6878"},{"taxonomy":"post_tag","embeddable":true,"href":"https:\/\/www.uaga.eus\/eu\/wp-json\/wp\/v2\/tags?post=6878"}],"curies":[{"name":"wp","href":"https:\/\/api.w.org\/{rel}","templated":true}]}}