{"id":6868,"date":"2020-02-14T12:27:59","date_gmt":"2020-02-14T12:27:59","guid":{"rendered":"https:\/\/www.uaga.eus\/?p=6868"},"modified":"2020-02-14T12:27:59","modified_gmt":"2020-02-14T12:27:59","slug":"zaragoza-acoge-del-25-al-29-de-febrero-la-feria-internacional-de-maquinaria-agricola-fima","status":"publish","type":"post","link":"https:\/\/www.uaga.eus\/eu\/zaragoza-acoge-del-25-al-29-de-febrero-la-feria-internacional-de-maquinaria-agricola-fima\/","title":{"rendered":"Zaragoza acoge, del 25 al 29 de febrero, la Feria Internacional de Maquinaria Agr\u00edcola (FIMA)"},"content":{"rendered":"<p>Del 25 al 29 de febrero se celebrar\u00e1 en Zaragoza la 41 Edici\u00f3n de la Feria Internacional de Maquinaria Agr\u00edcola,\u00a0una cita que supone una gran plataforma sectorial para afrontar el futuro agr\u00edcola desde un punto de vista tecnol\u00f3gico y profesional.<\/p>\n<p>FIMA va a contar con m\u00e1s de 1.650 firmas expositoras que ocupar\u00e1n once pabellones feriales y completar\u00e1n una superficie superior a los 160.000 metros cuadrados.<\/p>\n<p>Puedes consultar <a href=\"https:\/\/www.feriazaragoza.es\/fima-agricola-2020\" target=\"_blank\" rel=\"noopener\" data-cke-saved-href=\"https:\/\/www.feriazaragoza.es\/fima-agricola-2020\">aqu\u00ed<\/a>\u00a0la informaci\u00f3n de la Feria y en este <a href=\"https:\/\/extranet.feriazaragoza.es\/Login.aspx?codigoPromocional=GA5StJQcCYaaELN6bIfkunRh1FCFaY2v\" target=\"_blank\" rel=\"noopener\" data-cke-saved-href=\"https:\/\/extranet.feriazaragoza.es\/Login.aspx?codigoPromocional=GA5StJQcCYaaELN6bIfkunRh1FCFaY2v\">enlace<\/a> acceder a las inscripciones on line.<\/p>\n","protected":false},"excerpt":{"rendered":"<p>Del 25 al 29 de febrero se celebrar\u00e1 en Zaragoza la 41 Edici\u00f3n de la Feria Internacional de Maquinaria Agr\u00edcola,\u00a0una cita que supone una gran plataforma sectorial para afrontar el futuro agr\u00edcola desde un punto de vista tecnol\u00f3gico y profesional. FIMA va a contar con m\u00e1s de 1.650 firmas expositoras que ocupar\u00e1n once pabellones feriales [&hellip;]<\/p>\n","protected":false},"author":4,"featured_media":6869,"comment_status":"closed","ping_status":"closed","sticky":false,"template":"","format":"standard","meta":{"footnotes":""},"categories":[7,8,31],"tags":[],"yoast_head":"<!-- This site is optimized with the Yoast SEO plugin v21.5 - https:\/\/yoast.com\/wordpress\/plugins\/seo\/ -->\n<title>Zaragoza acoge, del 25 al 29 de febrero, la Feria Internacional de Maquinaria Agr\u00edcola (FIMA) - UAGA<\/title>\n<meta name=\"robots\" content=\"index, follow, max-snippet:-1, max-image-preview:large, max-video-preview:-1\" \/>\n<link rel=\"canonical\" href=\"https:\/\/www.uaga.eus\/zaragoza-acoge-del-25-al-29-de-febrero-la-feria-internacional-de-maquinaria-agricola-fima\/\" \/>\n<meta property=\"og:locale\" content=\"en_US\" \/>\n<meta property=\"og:type\" content=\"article\" \/>\n<meta property=\"og:title\" content=\"Zaragoza acoge, del 25 al 29 de febrero, la Feria Internacional de Maquinaria Agr\u00edcola (FIMA) - UAGA\" \/>\n<meta property=\"og:description\" content=\"Del 25 al 29 de febrero se celebrar\u00e1 en Zaragoza la 41 Edici\u00f3n de la Feria Internacional de Maquinaria Agr\u00edcola,\u00a0una cita que supone una gran plataforma sectorial para afrontar el futuro agr\u00edcola desde un punto de vista tecnol\u00f3gico y profesional. FIMA va a contar con m\u00e1s de 1.650 firmas expositoras que ocupar\u00e1n once pabellones feriales [&hellip;]\" \/>\n<meta property=\"og:url\" content=\"https:\/\/www.uaga.eus\/zaragoza-acoge-del-25-al-29-de-febrero-la-feria-internacional-de-maquinaria-agricola-fima\/\" \/>\n<meta property=\"og:site_name\" content=\"UAGA\" \/>\n<meta property=\"article:published_time\" content=\"2020-02-14T12:27:59+00:00\" \/>\n<meta property=\"og:image\" content=\"https:\/\/www.uaga.eus\/wp-content\/uploads\/2020\/02\/fima.jpg\" \/>\n\t<meta property=\"og:image:width\" content=\"650\" \/>\n\t<meta property=\"og:image:height\" content=\"217\" \/>\n\t<meta property=\"og:image:type\" content=\"image\/jpeg\" \/>\n<meta name=\"author\" content=\"Blanca S\u00e1nchez\" \/>\n<meta name=\"twitter:card\" content=\"summary_large_image\" \/>\n<meta name=\"twitter:label1\" content=\"Written by\" \/>\n\t<meta name=\"twitter:data1\" content=\"Blanca S\u00e1nchez\" \/>\n<script type=\"application\/ld+json\" class=\"yoast-schema-graph\">{\"@context\":\"https:\/\/schema.org\",\"@graph\":[{\"@type\":\"WebPage\",\"@id\":\"https:\/\/www.uaga.eus\/zaragoza-acoge-del-25-al-29-de-febrero-la-feria-internacional-de-maquinaria-agricola-fima\/\",\"url\":\"https:\/\/www.uaga.eus\/zaragoza-acoge-del-25-al-29-de-febrero-la-feria-internacional-de-maquinaria-agricola-fima\/\",\"name\":\"Zaragoza acoge, del 25 al 29 de febrero, la Feria Internacional de Maquinaria Agr\u00edcola (FIMA) - UAGA\",\"isPartOf\":{\"@id\":\"https:\/\/www.uaga.eus\/#website\"},\"datePublished\":\"2020-02-14T12:27:59+00:00\",\"dateModified\":\"2020-02-14T12:27:59+00:00\",\"author\":{\"@id\":\"https:\/\/www.uaga.eus\/#\/schema\/person\/48c3cbf0f33d1b788226dbb6518689cf\"},\"breadcrumb\":{\"@id\":\"https:\/\/www.uaga.eus\/zaragoza-acoge-del-25-al-29-de-febrero-la-feria-internacional-de-maquinaria-agricola-fima\/#breadcrumb\"},\"inLanguage\":\"eu\",\"potentialAction\":[{\"@type\":\"ReadAction\",\"target\":[\"https:\/\/www.uaga.eus\/zaragoza-acoge-del-25-al-29-de-febrero-la-feria-internacional-de-maquinaria-agricola-fima\/\"]}]},{\"@type\":\"BreadcrumbList\",\"@id\":\"https:\/\/www.uaga.eus\/zaragoza-acoge-del-25-al-29-de-febrero-la-feria-internacional-de-maquinaria-agricola-fima\/#breadcrumb\",\"itemListElement\":[{\"@type\":\"ListItem\",\"position\":1,\"name\":\"Inicio\",\"item\":\"https:\/\/www.uaga.eus\/\"},{\"@type\":\"ListItem\",\"position\":2,\"name\":\"Zaragoza acoge, del 25 al 29 de febrero, la Feria Internacional de Maquinaria Agr\u00edcola (FIMA)\"}]},{\"@type\":\"WebSite\",\"@id\":\"https:\/\/www.uaga.eus\/#website\",\"url\":\"https:\/\/www.uaga.eus\/\",\"name\":\"UAGA\",\"description\":\"Uni\u00f3n Agroganadera de \u00c1lava - Araba Nekazarien Elkartea\",\"potentialAction\":[{\"@type\":\"SearchAction\",\"target\":{\"@type\":\"EntryPoint\",\"urlTemplate\":\"https:\/\/www.uaga.eus\/?s={search_term_string}\"},\"query-input\":\"required name=search_term_string\"}],\"inLanguage\":\"eu\"},{\"@type\":\"Person\",\"@id\":\"https:\/\/www.uaga.eus\/#\/schema\/person\/48c3cbf0f33d1b788226dbb6518689cf\",\"name\":\"Blanca S\u00e1nchez\",\"image\":{\"@type\":\"ImageObject\",\"inLanguage\":\"eu\",\"@id\":\"https:\/\/www.uaga.eus\/#\/schema\/person\/image\/\",\"url\":\"https:\/\/secure.gravatar.com\/avatar\/0dc91c20648254b1ce84877283f6751b?s=96&d=mm&r=g\",\"contentUrl\":\"https:\/\/secure.gravatar.com\/avatar\/0dc91c20648254b1ce84877283f6751b?s=96&d=mm&r=g\",\"caption\":\"Blanca S\u00e1nchez\"},\"url\":\"https:\/\/www.uaga.eus\/eu\/author\/bsanchez\/\"}]}<\/script>\n<!-- \/ Yoast SEO plugin. -->","yoast_head_json":{"title":"Zaragoza acoge, del 25 al 29 de febrero, la Feria Internacional de Maquinaria Agr\u00edcola (FIMA) - UAGA","robots":{"index":"index","follow":"follow","max-snippet":"max-snippet:-1","max-image-preview":"max-image-preview:large","max-video-preview":"max-video-preview:-1"},"canonical":"https:\/\/www.uaga.eus\/zaragoza-acoge-del-25-al-29-de-febrero-la-feria-internacional-de-maquinaria-agricola-fima\/","og_locale":"en_US","og_type":"article","og_title":"Zaragoza acoge, del 25 al 29 de febrero, la Feria Internacional de Maquinaria Agr\u00edcola (FIMA) - UAGA","og_description":"Del 25 al 29 de febrero se celebrar\u00e1 en Zaragoza la 41 Edici\u00f3n de la Feria Internacional de Maquinaria Agr\u00edcola,\u00a0una cita que supone una gran plataforma sectorial para afrontar el futuro agr\u00edcola desde un punto de vista tecnol\u00f3gico y profesional. FIMA va a contar con m\u00e1s de 1.650 firmas expositoras que ocupar\u00e1n once pabellones feriales [&hellip;]","og_url":"https:\/\/www.uaga.eus\/zaragoza-acoge-del-25-al-29-de-febrero-la-feria-internacional-de-maquinaria-agricola-fima\/","og_site_name":"UAGA","article_published_time":"2020-02-14T12:27:59+00:00","og_image":[{"width":650,"height":217,"url":"https:\/\/www.uaga.eus\/wp-content\/uploads\/2020\/02\/fima.jpg","type":"image\/jpeg"}],"author":"Blanca S\u00e1nchez","twitter_card":"summary_large_image","twitter_misc":{"Written by":"Blanca S\u00e1nchez"},"schema":{"@context":"https:\/\/schema.org","@graph":[{"@type":"WebPage","@id":"https:\/\/www.uaga.eus\/zaragoza-acoge-del-25-al-29-de-febrero-la-feria-internacional-de-maquinaria-agricola-fima\/","url":"https:\/\/www.uaga.eus\/zaragoza-acoge-del-25-al-29-de-febrero-la-feria-internacional-de-maquinaria-agricola-fima\/","name":"Zaragoza acoge, del 25 al 29 de febrero, la Feria Internacional de Maquinaria Agr\u00edcola (FIMA) - UAGA","isPartOf":{"@id":"https:\/\/www.uaga.eus\/#website"},"datePublished":"2020-02-14T12:27:59+00:00","dateModified":"2020-02-14T12:27:59+00:00","author":{"@id":"https:\/\/www.uaga.eus\/#\/schema\/person\/48c3cbf0f33d1b788226dbb6518689cf"},"breadcrumb":{"@id":"https:\/\/www.uaga.eus\/zaragoza-acoge-del-25-al-29-de-febrero-la-feria-internacional-de-maquinaria-agricola-fima\/#breadcrumb"},"inLanguage":"eu","potentialAction":[{"@type":"ReadAction","target":["https:\/\/www.uaga.eus\/zaragoza-acoge-del-25-al-29-de-febrero-la-feria-internacional-de-maquinaria-agricola-fima\/"]}]},{"@type":"BreadcrumbList","@id":"https:\/\/www.uaga.eus\/zaragoza-acoge-del-25-al-29-de-febrero-la-feria-internacional-de-maquinaria-agricola-fima\/#breadcrumb","itemListElement":[{"@type":"ListItem","position":1,"name":"Inicio","item":"https:\/\/www.uaga.eus\/"},{"@type":"ListItem","position":2,"name":"Zaragoza acoge, del 25 al 29 de febrero, la Feria Internacional de Maquinaria Agr\u00edcola (FIMA)"}]},{"@type":"WebSite","@id":"https:\/\/www.uaga.eus\/#website","url":"https:\/\/www.uaga.eus\/","name":"UAGA","description":"Uni\u00f3n Agroganadera de \u00c1lava - Araba Nekazarien Elkartea","potentialAction":[{"@type":"SearchAction","target":{"@type":"EntryPoint","urlTemplate":"https:\/\/www.uaga.eus\/?s={search_term_string}"},"query-input":"required name=search_term_string"}],"inLanguage":"eu"},{"@type":"Person","@id":"https:\/\/www.uaga.eus\/#\/schema\/person\/48c3cbf0f33d1b788226dbb6518689cf","name":"Blanca S\u00e1nchez","image":{"@type":"ImageObject","inLanguage":"eu","@id":"https:\/\/www.uaga.eus\/#\/schema\/person\/image\/","url":"https:\/\/secure.gravatar.com\/avatar\/0dc91c20648254b1ce84877283f6751b?s=96&d=mm&r=g","contentUrl":"https:\/\/secure.gravatar.com\/avatar\/0dc91c20648254b1ce84877283f6751b?s=96&d=mm&r=g","caption":"Blanca S\u00e1nchez"},"url":"https:\/\/www.uaga.eus\/eu\/author\/bsanchez\/"}]}},"_links":{"self":[{"href":"https:\/\/www.uaga.eus\/eu\/wp-json\/wp\/v2\/posts\/6868"}],"collection":[{"href":"https:\/\/www.uaga.eus\/eu\/wp-json\/wp\/v2\/posts"}],"about":[{"href":"https:\/\/www.uaga.eus\/eu\/wp-json\/wp\/v2\/types\/post"}],"author":[{"embeddable":true,"href":"https:\/\/www.uaga.eus\/eu\/wp-json\/wp\/v2\/users\/4"}],"replies":[{"embeddable":true,"href":"https:\/\/www.uaga.eus\/eu\/wp-json\/wp\/v2\/comments?post=6868"}],"version-history":[{"count":1,"href":"https:\/\/www.uaga.eus\/eu\/wp-json\/wp\/v2\/posts\/6868\/revisions"}],"predecessor-version":[{"id":6870,"href":"https:\/\/www.uaga.eus\/eu\/wp-json\/wp\/v2\/posts\/6868\/revisions\/6870"}],"wp:featuredmedia":[{"embeddable":true,"href":"https:\/\/www.uaga.eus\/eu\/wp-json\/wp\/v2\/media\/6869"}],"wp:attachment":[{"href":"https:\/\/www.uaga.eus\/eu\/wp-json\/wp\/v2\/media?parent=6868"}],"wp:term":[{"taxonomy":"category","embeddable":true,"href":"https:\/\/www.uaga.eus\/eu\/wp-json\/wp\/v2\/categories?post=6868"},{"taxonomy":"post_tag","embeddable":true,"href":"https:\/\/www.uaga.eus\/eu\/wp-json\/wp\/v2\/tags?post=6868"}],"curies":[{"name":"wp","href":"https:\/\/api.w.org\/{rel}","templated":true}]}}