{"id":6861,"date":"2020-02-07T12:47:56","date_gmt":"2020-02-07T12:47:56","guid":{"rendered":"https:\/\/www.uaga.eus\/?p=6861"},"modified":"2020-02-07T12:47:56","modified_gmt":"2020-02-07T12:47:56","slug":"el-consejo-asesor-de-conservacion-de-la-naturaleza-del-gobierno-vasco-en-el-que-participa-uaga-ha-votado-no-a-la-inclusion-del-lobo-en-el-catalogo-vasco-de-especies-amenazadas","status":"publish","type":"post","link":"https:\/\/www.uaga.eus\/eu\/el-consejo-asesor-de-conservacion-de-la-naturaleza-del-gobierno-vasco-en-el-que-participa-uaga-ha-votado-no-a-la-inclusion-del-lobo-en-el-catalogo-vasco-de-especies-amenazadas\/","title":{"rendered":"El Consejo Asesor de Conservaci\u00f3n de la Naturaleza del Gobierno Vasco, en el que participa UAGA, ha votado NO a la inclusi\u00f3n del lobo en el Cat\u00e1logo Vasco de Especies Amenazadas"},"content":{"rendered":"<p>UAGA ha participado esta semana en la reuni\u00f3n convocada por el Consejo Asesor del Departamento de Medio Ambiente del Gobierno Vasco para la Conservaci\u00f3n de la Naturaleza del Pa\u00eds Vasco, Naturzaintza, que tuvo como principal punto del orden del d\u00eda informar y votar sobre la inclusi\u00f3n del lobo en el Cat\u00e1logo Vasco de Especies Amenazadas (CVEA).<\/p>\n<p>Participaron en la votaci\u00f3n las tres Diputaciones, EUDEL en representaci\u00f3n de los ayuntamientos, el Gobierno Vasco (Departamento de Agricultura y Departamento de Medio Ambiente), sindicatos agrarios y otros agentes, acord\u00e1ndose, por 9 votos frente a 6, no incluir el lobo en el CVEA.<\/p>\n<p>Pese a esta situaci\u00f3n, el Departamento de Medio Ambiente de Gobierno Vasco ha decido seguir delante de manera unilateral con la inclusi\u00f3n del lobo en el CVEA, anunci\u00e1ndolo a los medios s\u00f3lo minutos despu\u00e9s de la reuni\u00f3n y sin informar a los miembros del Consejo Asesor sobre su decisi\u00f3n.<\/p>\n<p>Desde UAGA hemos mostrado nuestra indignaci\u00f3n y sorpresa por lo sucedido, y ya hemos pedido explicaciones al respecto. Consideramos que esta forma de actuar supone una falta de respeto a los miembros del Consejo Asesor y al sector agrario en su conjunto.<\/p>\n<p>UAGA va a seguir defendiendo la ganader\u00eda extensiva como modo y medio de vida. Es un modelo de producci\u00f3n sostenible, que preserva la biodiversidad y los ecosistemas montanos que han pervivido durante siglos gracias a la labor del sector ganadero. La ganader\u00eda extensiva previene la matorralizaci\u00f3n de los bosques y permite generar actividad econ\u00f3mica en el medio rural, contribuyendo a evitar el despoblamiento de nuestros pueblos.<\/p>\n<div>+info SUGOI: 675 707 696<\/div>\n<div><\/div>\n","protected":false},"excerpt":{"rendered":"<p>UAGA ha participado esta semana en la reuni\u00f3n convocada por el Consejo Asesor del Departamento de Medio Ambiente del Gobierno Vasco para la Conservaci\u00f3n de la Naturaleza del Pa\u00eds Vasco, Naturzaintza, que tuvo como principal punto del orden del d\u00eda informar y votar sobre la inclusi\u00f3n del lobo en el Cat\u00e1logo Vasco de Especies Amenazadas [&hellip;]<\/p>\n","protected":false},"author":4,"featured_media":5666,"comment_status":"closed","ping_status":"closed","sticky":false,"template":"","format":"standard","meta":{"footnotes":""},"categories":[8,11],"tags":[],"yoast_head":"<!-- This site is optimized with the Yoast SEO plugin v21.5 - https:\/\/yoast.com\/wordpress\/plugins\/seo\/ -->\n<title>El Consejo Asesor de Conservaci\u00f3n de la Naturaleza del Gobierno Vasco, en el que participa UAGA, ha votado NO a la inclusi\u00f3n del lobo en el Cat\u00e1logo Vasco de Especies Amenazadas - UAGA<\/title>\n<meta name=\"robots\" content=\"index, follow, max-snippet:-1, max-image-preview:large, max-video-preview:-1\" \/>\n<link rel=\"canonical\" href=\"https:\/\/www.uaga.eus\/el-consejo-asesor-de-conservacion-de-la-naturaleza-del-gobierno-vasco-en-el-que-participa-uaga-ha-votado-no-a-la-inclusion-del-lobo-en-el-catalogo-vasco-de-especies-amenazadas\/\" \/>\n<meta property=\"og:locale\" content=\"en_US\" \/>\n<meta property=\"og:type\" content=\"article\" \/>\n<meta property=\"og:title\" content=\"El Consejo Asesor de Conservaci\u00f3n de la Naturaleza del Gobierno Vasco, en el que participa UAGA, ha votado NO a la inclusi\u00f3n del lobo en el Cat\u00e1logo Vasco de Especies Amenazadas - UAGA\" \/>\n<meta property=\"og:description\" content=\"UAGA ha participado esta semana en la reuni\u00f3n convocada por el Consejo Asesor del Departamento de Medio Ambiente del Gobierno Vasco para la Conservaci\u00f3n de la Naturaleza del Pa\u00eds Vasco, Naturzaintza, que tuvo como principal punto del orden del d\u00eda informar y votar sobre la inclusi\u00f3n del lobo en el Cat\u00e1logo Vasco de Especies Amenazadas [&hellip;]\" \/>\n<meta property=\"og:url\" content=\"https:\/\/www.uaga.eus\/el-consejo-asesor-de-conservacion-de-la-naturaleza-del-gobierno-vasco-en-el-que-participa-uaga-ha-votado-no-a-la-inclusion-del-lobo-en-el-catalogo-vasco-de-especies-amenazadas\/\" \/>\n<meta property=\"og:site_name\" content=\"UAGA\" \/>\n<meta property=\"article:published_time\" content=\"2020-02-07T12:47:56+00:00\" \/>\n<meta property=\"og:image\" content=\"https:\/\/www.uaga.eus\/wp-content\/uploads\/2019\/02\/lobo-iberico.jpg\" \/>\n\t<meta property=\"og:image:width\" content=\"700\" \/>\n\t<meta property=\"og:image:height\" content=\"465\" \/>\n\t<meta property=\"og:image:type\" content=\"image\/jpeg\" \/>\n<meta name=\"author\" content=\"Blanca S\u00e1nchez\" \/>\n<meta name=\"twitter:card\" content=\"summary_large_image\" \/>\n<meta name=\"twitter:label1\" content=\"Written by\" \/>\n\t<meta name=\"twitter:data1\" content=\"Blanca S\u00e1nchez\" \/>\n\t<meta name=\"twitter:label2\" content=\"Est. reading time\" \/>\n\t<meta name=\"twitter:data2\" content=\"1 minutua\" \/>\n<script type=\"application\/ld+json\" class=\"yoast-schema-graph\">{\"@context\":\"https:\/\/schema.org\",\"@graph\":[{\"@type\":\"WebPage\",\"@id\":\"https:\/\/www.uaga.eus\/el-consejo-asesor-de-conservacion-de-la-naturaleza-del-gobierno-vasco-en-el-que-participa-uaga-ha-votado-no-a-la-inclusion-del-lobo-en-el-catalogo-vasco-de-especies-amenazadas\/\",\"url\":\"https:\/\/www.uaga.eus\/el-consejo-asesor-de-conservacion-de-la-naturaleza-del-gobierno-vasco-en-el-que-participa-uaga-ha-votado-no-a-la-inclusion-del-lobo-en-el-catalogo-vasco-de-especies-amenazadas\/\",\"name\":\"El Consejo Asesor de Conservaci\u00f3n de la Naturaleza del Gobierno Vasco, en el que participa UAGA, ha votado NO a la inclusi\u00f3n del lobo en el Cat\u00e1logo Vasco de Especies Amenazadas - UAGA\",\"isPartOf\":{\"@id\":\"https:\/\/www.uaga.eus\/#website\"},\"datePublished\":\"2020-02-07T12:47:56+00:00\",\"dateModified\":\"2020-02-07T12:47:56+00:00\",\"author\":{\"@id\":\"https:\/\/www.uaga.eus\/#\/schema\/person\/48c3cbf0f33d1b788226dbb6518689cf\"},\"breadcrumb\":{\"@id\":\"https:\/\/www.uaga.eus\/el-consejo-asesor-de-conservacion-de-la-naturaleza-del-gobierno-vasco-en-el-que-participa-uaga-ha-votado-no-a-la-inclusion-del-lobo-en-el-catalogo-vasco-de-especies-amenazadas\/#breadcrumb\"},\"inLanguage\":\"eu\",\"potentialAction\":[{\"@type\":\"ReadAction\",\"target\":[\"https:\/\/www.uaga.eus\/el-consejo-asesor-de-conservacion-de-la-naturaleza-del-gobierno-vasco-en-el-que-participa-uaga-ha-votado-no-a-la-inclusion-del-lobo-en-el-catalogo-vasco-de-especies-amenazadas\/\"]}]},{\"@type\":\"BreadcrumbList\",\"@id\":\"https:\/\/www.uaga.eus\/el-consejo-asesor-de-conservacion-de-la-naturaleza-del-gobierno-vasco-en-el-que-participa-uaga-ha-votado-no-a-la-inclusion-del-lobo-en-el-catalogo-vasco-de-especies-amenazadas\/#breadcrumb\",\"itemListElement\":[{\"@type\":\"ListItem\",\"position\":1,\"name\":\"Inicio\",\"item\":\"https:\/\/www.uaga.eus\/\"},{\"@type\":\"ListItem\",\"position\":2,\"name\":\"El Consejo Asesor de Conservaci\u00f3n de la Naturaleza del Gobierno Vasco, en el que participa UAGA, ha votado NO a la inclusi\u00f3n del lobo en el Cat\u00e1logo Vasco de Especies Amenazadas\"}]},{\"@type\":\"WebSite\",\"@id\":\"https:\/\/www.uaga.eus\/#website\",\"url\":\"https:\/\/www.uaga.eus\/\",\"name\":\"UAGA\",\"description\":\"Uni\u00f3n Agroganadera de \u00c1lava - Araba Nekazarien Elkartea\",\"potentialAction\":[{\"@type\":\"SearchAction\",\"target\":{\"@type\":\"EntryPoint\",\"urlTemplate\":\"https:\/\/www.uaga.eus\/?s={search_term_string}\"},\"query-input\":\"required name=search_term_string\"}],\"inLanguage\":\"eu\"},{\"@type\":\"Person\",\"@id\":\"https:\/\/www.uaga.eus\/#\/schema\/person\/48c3cbf0f33d1b788226dbb6518689cf\",\"name\":\"Blanca S\u00e1nchez\",\"image\":{\"@type\":\"ImageObject\",\"inLanguage\":\"eu\",\"@id\":\"https:\/\/www.uaga.eus\/#\/schema\/person\/image\/\",\"url\":\"https:\/\/secure.gravatar.com\/avatar\/0dc91c20648254b1ce84877283f6751b?s=96&d=mm&r=g\",\"contentUrl\":\"https:\/\/secure.gravatar.com\/avatar\/0dc91c20648254b1ce84877283f6751b?s=96&d=mm&r=g\",\"caption\":\"Blanca S\u00e1nchez\"},\"url\":\"https:\/\/www.uaga.eus\/eu\/author\/bsanchez\/\"}]}<\/script>\n<!-- \/ Yoast SEO plugin. -->","yoast_head_json":{"title":"El Consejo Asesor de Conservaci\u00f3n de la Naturaleza del Gobierno Vasco, en el que participa UAGA, ha votado NO a la inclusi\u00f3n del lobo en el Cat\u00e1logo Vasco de Especies Amenazadas - UAGA","robots":{"index":"index","follow":"follow","max-snippet":"max-snippet:-1","max-image-preview":"max-image-preview:large","max-video-preview":"max-video-preview:-1"},"canonical":"https:\/\/www.uaga.eus\/el-consejo-asesor-de-conservacion-de-la-naturaleza-del-gobierno-vasco-en-el-que-participa-uaga-ha-votado-no-a-la-inclusion-del-lobo-en-el-catalogo-vasco-de-especies-amenazadas\/","og_locale":"en_US","og_type":"article","og_title":"El Consejo Asesor de Conservaci\u00f3n de la Naturaleza del Gobierno Vasco, en el que participa UAGA, ha votado NO a la inclusi\u00f3n del lobo en el Cat\u00e1logo Vasco de Especies Amenazadas - UAGA","og_description":"UAGA ha participado esta semana en la reuni\u00f3n convocada por el Consejo Asesor del Departamento de Medio Ambiente del Gobierno Vasco para la Conservaci\u00f3n de la Naturaleza del Pa\u00eds Vasco, Naturzaintza, que tuvo como principal punto del orden del d\u00eda informar y votar sobre la inclusi\u00f3n del lobo en el Cat\u00e1logo Vasco de Especies Amenazadas [&hellip;]","og_url":"https:\/\/www.uaga.eus\/el-consejo-asesor-de-conservacion-de-la-naturaleza-del-gobierno-vasco-en-el-que-participa-uaga-ha-votado-no-a-la-inclusion-del-lobo-en-el-catalogo-vasco-de-especies-amenazadas\/","og_site_name":"UAGA","article_published_time":"2020-02-07T12:47:56+00:00","og_image":[{"width":700,"height":465,"url":"https:\/\/www.uaga.eus\/wp-content\/uploads\/2019\/02\/lobo-iberico.jpg","type":"image\/jpeg"}],"author":"Blanca S\u00e1nchez","twitter_card":"summary_large_image","twitter_misc":{"Written by":"Blanca S\u00e1nchez","Est. reading time":"1 minutua"},"schema":{"@context":"https:\/\/schema.org","@graph":[{"@type":"WebPage","@id":"https:\/\/www.uaga.eus\/el-consejo-asesor-de-conservacion-de-la-naturaleza-del-gobierno-vasco-en-el-que-participa-uaga-ha-votado-no-a-la-inclusion-del-lobo-en-el-catalogo-vasco-de-especies-amenazadas\/","url":"https:\/\/www.uaga.eus\/el-consejo-asesor-de-conservacion-de-la-naturaleza-del-gobierno-vasco-en-el-que-participa-uaga-ha-votado-no-a-la-inclusion-del-lobo-en-el-catalogo-vasco-de-especies-amenazadas\/","name":"El Consejo Asesor de Conservaci\u00f3n de la Naturaleza del Gobierno Vasco, en el que participa UAGA, ha votado NO a la inclusi\u00f3n del lobo en el Cat\u00e1logo Vasco de Especies Amenazadas - UAGA","isPartOf":{"@id":"https:\/\/www.uaga.eus\/#website"},"datePublished":"2020-02-07T12:47:56+00:00","dateModified":"2020-02-07T12:47:56+00:00","author":{"@id":"https:\/\/www.uaga.eus\/#\/schema\/person\/48c3cbf0f33d1b788226dbb6518689cf"},"breadcrumb":{"@id":"https:\/\/www.uaga.eus\/el-consejo-asesor-de-conservacion-de-la-naturaleza-del-gobierno-vasco-en-el-que-participa-uaga-ha-votado-no-a-la-inclusion-del-lobo-en-el-catalogo-vasco-de-especies-amenazadas\/#breadcrumb"},"inLanguage":"eu","potentialAction":[{"@type":"ReadAction","target":["https:\/\/www.uaga.eus\/el-consejo-asesor-de-conservacion-de-la-naturaleza-del-gobierno-vasco-en-el-que-participa-uaga-ha-votado-no-a-la-inclusion-del-lobo-en-el-catalogo-vasco-de-especies-amenazadas\/"]}]},{"@type":"BreadcrumbList","@id":"https:\/\/www.uaga.eus\/el-consejo-asesor-de-conservacion-de-la-naturaleza-del-gobierno-vasco-en-el-que-participa-uaga-ha-votado-no-a-la-inclusion-del-lobo-en-el-catalogo-vasco-de-especies-amenazadas\/#breadcrumb","itemListElement":[{"@type":"ListItem","position":1,"name":"Inicio","item":"https:\/\/www.uaga.eus\/"},{"@type":"ListItem","position":2,"name":"El Consejo Asesor de Conservaci\u00f3n de la Naturaleza del Gobierno Vasco, en el que participa UAGA, ha votado NO a la inclusi\u00f3n del lobo en el Cat\u00e1logo Vasco de Especies Amenazadas"}]},{"@type":"WebSite","@id":"https:\/\/www.uaga.eus\/#website","url":"https:\/\/www.uaga.eus\/","name":"UAGA","description":"Uni\u00f3n Agroganadera de \u00c1lava - Araba Nekazarien Elkartea","potentialAction":[{"@type":"SearchAction","target":{"@type":"EntryPoint","urlTemplate":"https:\/\/www.uaga.eus\/?s={search_term_string}"},"query-input":"required name=search_term_string"}],"inLanguage":"eu"},{"@type":"Person","@id":"https:\/\/www.uaga.eus\/#\/schema\/person\/48c3cbf0f33d1b788226dbb6518689cf","name":"Blanca S\u00e1nchez","image":{"@type":"ImageObject","inLanguage":"eu","@id":"https:\/\/www.uaga.eus\/#\/schema\/person\/image\/","url":"https:\/\/secure.gravatar.com\/avatar\/0dc91c20648254b1ce84877283f6751b?s=96&d=mm&r=g","contentUrl":"https:\/\/secure.gravatar.com\/avatar\/0dc91c20648254b1ce84877283f6751b?s=96&d=mm&r=g","caption":"Blanca S\u00e1nchez"},"url":"https:\/\/www.uaga.eus\/eu\/author\/bsanchez\/"}]}},"_links":{"self":[{"href":"https:\/\/www.uaga.eus\/eu\/wp-json\/wp\/v2\/posts\/6861"}],"collection":[{"href":"https:\/\/www.uaga.eus\/eu\/wp-json\/wp\/v2\/posts"}],"about":[{"href":"https:\/\/www.uaga.eus\/eu\/wp-json\/wp\/v2\/types\/post"}],"author":[{"embeddable":true,"href":"https:\/\/www.uaga.eus\/eu\/wp-json\/wp\/v2\/users\/4"}],"replies":[{"embeddable":true,"href":"https:\/\/www.uaga.eus\/eu\/wp-json\/wp\/v2\/comments?post=6861"}],"version-history":[{"count":2,"href":"https:\/\/www.uaga.eus\/eu\/wp-json\/wp\/v2\/posts\/6861\/revisions"}],"predecessor-version":[{"id":6863,"href":"https:\/\/www.uaga.eus\/eu\/wp-json\/wp\/v2\/posts\/6861\/revisions\/6863"}],"wp:featuredmedia":[{"embeddable":true,"href":"https:\/\/www.uaga.eus\/eu\/wp-json\/wp\/v2\/media\/5666"}],"wp:attachment":[{"href":"https:\/\/www.uaga.eus\/eu\/wp-json\/wp\/v2\/media?parent=6861"}],"wp:term":[{"taxonomy":"category","embeddable":true,"href":"https:\/\/www.uaga.eus\/eu\/wp-json\/wp\/v2\/categories?post=6861"},{"taxonomy":"post_tag","embeddable":true,"href":"https:\/\/www.uaga.eus\/eu\/wp-json\/wp\/v2\/tags?post=6861"}],"curies":[{"name":"wp","href":"https:\/\/api.w.org\/{rel}","templated":true}]}}