{"id":6859,"date":"2020-02-07T12:46:54","date_gmt":"2020-02-07T12:46:54","guid":{"rendered":"https:\/\/www.uaga.eus\/?p=6859"},"modified":"2020-02-07T12:46:54","modified_gmt":"2020-02-07T12:46:54","slug":"uaga-se-reune-con-el-delegado-del-gobierno-en-la-capv-jesus-loza","status":"publish","type":"post","link":"https:\/\/www.uaga.eus\/eu\/uaga-se-reune-con-el-delegado-del-gobierno-en-la-capv-jesus-loza\/","title":{"rendered":"UAGA se re\u00fane con el delegado del Gobierno en la CAPV, Jes\u00fas Loza"},"content":{"rendered":"<p><span style=\"font-family: arial, helvetica neue, helvetica, sans-serif;\">Esta ma\u00f1ana el presidente de UAGA, Javier Torre, se ha reunido con del Delegado del Gobierno en el Pa\u00eds Vasco, Jes\u00fas Loza. La reuni\u00f3n se concert\u00f3 tras la concentraci\u00f3n que realizamos la semana pasada frente a la Delegaci\u00f3n del Gobierno en el Pa\u00eds Vasco, en el marco de las movilizaciones que se est\u00e1n llevando a cabo en el conjunto del Estado.<\/span><\/p>\n<p>En la reuni\u00f3n se han tratado diferentes asuntos de vital importancia para el sector en estos momentos. Entre ellos, los aranceles impuestos al vino, la importancia de que Desarrollo Rural contin\u00fae ligado al sector agr\u00edcola y ganadero en el organigrama del Gobierno; lograr la menor afecci\u00f3n posible al suelo agr\u00edcola y a los pueblos en el trazado del TAV; y la importancia de los regad\u00edos para el sector agrario, reclamando la continuidad del regad\u00edo de Valles Alaveses.<\/p>\n<div>+info SUGOI: 675 707 696<\/div>\n","protected":false},"excerpt":{"rendered":"<p>Esta ma\u00f1ana el presidente de UAGA, Javier Torre, se ha reunido con del Delegado del Gobierno en el Pa\u00eds Vasco, Jes\u00fas Loza. La reuni\u00f3n se concert\u00f3 tras la concentraci\u00f3n que realizamos la semana pasada frente a la Delegaci\u00f3n del Gobierno en el Pa\u00eds Vasco, en el marco de las movilizaciones que se est\u00e1n llevando a [&hellip;]<\/p>\n","protected":false},"author":4,"featured_media":6839,"comment_status":"closed","ping_status":"closed","sticky":false,"template":"","format":"standard","meta":{"footnotes":""},"categories":[3],"tags":[],"yoast_head":"<!-- This site is optimized with the Yoast SEO plugin v21.5 - https:\/\/yoast.com\/wordpress\/plugins\/seo\/ -->\n<title>UAGA se re\u00fane con el delegado del Gobierno en la CAPV, Jes\u00fas Loza - UAGA<\/title>\n<meta name=\"robots\" content=\"index, follow, max-snippet:-1, max-image-preview:large, max-video-preview:-1\" \/>\n<link rel=\"canonical\" href=\"https:\/\/www.uaga.eus\/uaga-se-reune-con-el-delegado-del-gobierno-en-la-capv-jesus-loza\/\" \/>\n<meta property=\"og:locale\" content=\"en_US\" \/>\n<meta property=\"og:type\" content=\"article\" \/>\n<meta property=\"og:title\" content=\"UAGA se re\u00fane con el delegado del Gobierno en la CAPV, Jes\u00fas Loza - UAGA\" \/>\n<meta property=\"og:description\" content=\"Esta ma\u00f1ana el presidente de UAGA, Javier Torre, se ha reunido con del Delegado del Gobierno en el Pa\u00eds Vasco, Jes\u00fas Loza. La reuni\u00f3n se concert\u00f3 tras la concentraci\u00f3n que realizamos la semana pasada frente a la Delegaci\u00f3n del Gobierno en el Pa\u00eds Vasco, en el marco de las movilizaciones que se est\u00e1n llevando a [&hellip;]\" \/>\n<meta property=\"og:url\" content=\"https:\/\/www.uaga.eus\/uaga-se-reune-con-el-delegado-del-gobierno-en-la-capv-jesus-loza\/\" \/>\n<meta property=\"og:site_name\" content=\"UAGA\" \/>\n<meta property=\"article:published_time\" content=\"2020-02-07T12:46:54+00:00\" \/>\n<meta property=\"og:image\" content=\"https:\/\/www.uaga.eus\/wp-content\/uploads\/2020\/02\/Jesus-Loza-y-Javier-Torre-y-mas.jpg\" \/>\n\t<meta property=\"og:image:width\" content=\"650\" \/>\n\t<meta property=\"og:image:height\" content=\"487\" \/>\n\t<meta property=\"og:image:type\" content=\"image\/jpeg\" \/>\n<meta name=\"author\" content=\"Blanca S\u00e1nchez\" \/>\n<meta name=\"twitter:card\" content=\"summary_large_image\" \/>\n<meta name=\"twitter:label1\" content=\"Written by\" \/>\n\t<meta name=\"twitter:data1\" content=\"Blanca S\u00e1nchez\" \/>\n\t<meta name=\"twitter:label2\" content=\"Est. reading time\" \/>\n\t<meta name=\"twitter:data2\" content=\"1 minutua\" \/>\n<script type=\"application\/ld+json\" class=\"yoast-schema-graph\">{\"@context\":\"https:\/\/schema.org\",\"@graph\":[{\"@type\":\"WebPage\",\"@id\":\"https:\/\/www.uaga.eus\/uaga-se-reune-con-el-delegado-del-gobierno-en-la-capv-jesus-loza\/\",\"url\":\"https:\/\/www.uaga.eus\/uaga-se-reune-con-el-delegado-del-gobierno-en-la-capv-jesus-loza\/\",\"name\":\"UAGA se re\u00fane con el delegado del Gobierno en la CAPV, Jes\u00fas Loza - UAGA\",\"isPartOf\":{\"@id\":\"https:\/\/www.uaga.eus\/#website\"},\"datePublished\":\"2020-02-07T12:46:54+00:00\",\"dateModified\":\"2020-02-07T12:46:54+00:00\",\"author\":{\"@id\":\"https:\/\/www.uaga.eus\/#\/schema\/person\/48c3cbf0f33d1b788226dbb6518689cf\"},\"breadcrumb\":{\"@id\":\"https:\/\/www.uaga.eus\/uaga-se-reune-con-el-delegado-del-gobierno-en-la-capv-jesus-loza\/#breadcrumb\"},\"inLanguage\":\"eu\",\"potentialAction\":[{\"@type\":\"ReadAction\",\"target\":[\"https:\/\/www.uaga.eus\/uaga-se-reune-con-el-delegado-del-gobierno-en-la-capv-jesus-loza\/\"]}]},{\"@type\":\"BreadcrumbList\",\"@id\":\"https:\/\/www.uaga.eus\/uaga-se-reune-con-el-delegado-del-gobierno-en-la-capv-jesus-loza\/#breadcrumb\",\"itemListElement\":[{\"@type\":\"ListItem\",\"position\":1,\"name\":\"Inicio\",\"item\":\"https:\/\/www.uaga.eus\/\"},{\"@type\":\"ListItem\",\"position\":2,\"name\":\"UAGA se re\u00fane con el delegado del Gobierno en la CAPV, Jes\u00fas Loza\"}]},{\"@type\":\"WebSite\",\"@id\":\"https:\/\/www.uaga.eus\/#website\",\"url\":\"https:\/\/www.uaga.eus\/\",\"name\":\"UAGA\",\"description\":\"Uni\u00f3n Agroganadera de \u00c1lava - Araba Nekazarien Elkartea\",\"potentialAction\":[{\"@type\":\"SearchAction\",\"target\":{\"@type\":\"EntryPoint\",\"urlTemplate\":\"https:\/\/www.uaga.eus\/?s={search_term_string}\"},\"query-input\":\"required name=search_term_string\"}],\"inLanguage\":\"eu\"},{\"@type\":\"Person\",\"@id\":\"https:\/\/www.uaga.eus\/#\/schema\/person\/48c3cbf0f33d1b788226dbb6518689cf\",\"name\":\"Blanca S\u00e1nchez\",\"image\":{\"@type\":\"ImageObject\",\"inLanguage\":\"eu\",\"@id\":\"https:\/\/www.uaga.eus\/#\/schema\/person\/image\/\",\"url\":\"https:\/\/secure.gravatar.com\/avatar\/0dc91c20648254b1ce84877283f6751b?s=96&d=mm&r=g\",\"contentUrl\":\"https:\/\/secure.gravatar.com\/avatar\/0dc91c20648254b1ce84877283f6751b?s=96&d=mm&r=g\",\"caption\":\"Blanca S\u00e1nchez\"},\"url\":\"https:\/\/www.uaga.eus\/eu\/author\/bsanchez\/\"}]}<\/script>\n<!-- \/ Yoast SEO plugin. -->","yoast_head_json":{"title":"UAGA se re\u00fane con el delegado del Gobierno en la CAPV, Jes\u00fas Loza - UAGA","robots":{"index":"index","follow":"follow","max-snippet":"max-snippet:-1","max-image-preview":"max-image-preview:large","max-video-preview":"max-video-preview:-1"},"canonical":"https:\/\/www.uaga.eus\/uaga-se-reune-con-el-delegado-del-gobierno-en-la-capv-jesus-loza\/","og_locale":"en_US","og_type":"article","og_title":"UAGA se re\u00fane con el delegado del Gobierno en la CAPV, Jes\u00fas Loza - UAGA","og_description":"Esta ma\u00f1ana el presidente de UAGA, Javier Torre, se ha reunido con del Delegado del Gobierno en el Pa\u00eds Vasco, Jes\u00fas Loza. La reuni\u00f3n se concert\u00f3 tras la concentraci\u00f3n que realizamos la semana pasada frente a la Delegaci\u00f3n del Gobierno en el Pa\u00eds Vasco, en el marco de las movilizaciones que se est\u00e1n llevando a [&hellip;]","og_url":"https:\/\/www.uaga.eus\/uaga-se-reune-con-el-delegado-del-gobierno-en-la-capv-jesus-loza\/","og_site_name":"UAGA","article_published_time":"2020-02-07T12:46:54+00:00","og_image":[{"width":650,"height":487,"url":"https:\/\/www.uaga.eus\/wp-content\/uploads\/2020\/02\/Jesus-Loza-y-Javier-Torre-y-mas.jpg","type":"image\/jpeg"}],"author":"Blanca S\u00e1nchez","twitter_card":"summary_large_image","twitter_misc":{"Written by":"Blanca S\u00e1nchez","Est. reading time":"1 minutua"},"schema":{"@context":"https:\/\/schema.org","@graph":[{"@type":"WebPage","@id":"https:\/\/www.uaga.eus\/uaga-se-reune-con-el-delegado-del-gobierno-en-la-capv-jesus-loza\/","url":"https:\/\/www.uaga.eus\/uaga-se-reune-con-el-delegado-del-gobierno-en-la-capv-jesus-loza\/","name":"UAGA se re\u00fane con el delegado del Gobierno en la CAPV, Jes\u00fas Loza - UAGA","isPartOf":{"@id":"https:\/\/www.uaga.eus\/#website"},"datePublished":"2020-02-07T12:46:54+00:00","dateModified":"2020-02-07T12:46:54+00:00","author":{"@id":"https:\/\/www.uaga.eus\/#\/schema\/person\/48c3cbf0f33d1b788226dbb6518689cf"},"breadcrumb":{"@id":"https:\/\/www.uaga.eus\/uaga-se-reune-con-el-delegado-del-gobierno-en-la-capv-jesus-loza\/#breadcrumb"},"inLanguage":"eu","potentialAction":[{"@type":"ReadAction","target":["https:\/\/www.uaga.eus\/uaga-se-reune-con-el-delegado-del-gobierno-en-la-capv-jesus-loza\/"]}]},{"@type":"BreadcrumbList","@id":"https:\/\/www.uaga.eus\/uaga-se-reune-con-el-delegado-del-gobierno-en-la-capv-jesus-loza\/#breadcrumb","itemListElement":[{"@type":"ListItem","position":1,"name":"Inicio","item":"https:\/\/www.uaga.eus\/"},{"@type":"ListItem","position":2,"name":"UAGA se re\u00fane con el delegado del Gobierno en la CAPV, Jes\u00fas Loza"}]},{"@type":"WebSite","@id":"https:\/\/www.uaga.eus\/#website","url":"https:\/\/www.uaga.eus\/","name":"UAGA","description":"Uni\u00f3n Agroganadera de \u00c1lava - Araba Nekazarien Elkartea","potentialAction":[{"@type":"SearchAction","target":{"@type":"EntryPoint","urlTemplate":"https:\/\/www.uaga.eus\/?s={search_term_string}"},"query-input":"required name=search_term_string"}],"inLanguage":"eu"},{"@type":"Person","@id":"https:\/\/www.uaga.eus\/#\/schema\/person\/48c3cbf0f33d1b788226dbb6518689cf","name":"Blanca S\u00e1nchez","image":{"@type":"ImageObject","inLanguage":"eu","@id":"https:\/\/www.uaga.eus\/#\/schema\/person\/image\/","url":"https:\/\/secure.gravatar.com\/avatar\/0dc91c20648254b1ce84877283f6751b?s=96&d=mm&r=g","contentUrl":"https:\/\/secure.gravatar.com\/avatar\/0dc91c20648254b1ce84877283f6751b?s=96&d=mm&r=g","caption":"Blanca S\u00e1nchez"},"url":"https:\/\/www.uaga.eus\/eu\/author\/bsanchez\/"}]}},"_links":{"self":[{"href":"https:\/\/www.uaga.eus\/eu\/wp-json\/wp\/v2\/posts\/6859"}],"collection":[{"href":"https:\/\/www.uaga.eus\/eu\/wp-json\/wp\/v2\/posts"}],"about":[{"href":"https:\/\/www.uaga.eus\/eu\/wp-json\/wp\/v2\/types\/post"}],"author":[{"embeddable":true,"href":"https:\/\/www.uaga.eus\/eu\/wp-json\/wp\/v2\/users\/4"}],"replies":[{"embeddable":true,"href":"https:\/\/www.uaga.eus\/eu\/wp-json\/wp\/v2\/comments?post=6859"}],"version-history":[{"count":1,"href":"https:\/\/www.uaga.eus\/eu\/wp-json\/wp\/v2\/posts\/6859\/revisions"}],"predecessor-version":[{"id":6860,"href":"https:\/\/www.uaga.eus\/eu\/wp-json\/wp\/v2\/posts\/6859\/revisions\/6860"}],"wp:featuredmedia":[{"embeddable":true,"href":"https:\/\/www.uaga.eus\/eu\/wp-json\/wp\/v2\/media\/6839"}],"wp:attachment":[{"href":"https:\/\/www.uaga.eus\/eu\/wp-json\/wp\/v2\/media?parent=6859"}],"wp:term":[{"taxonomy":"category","embeddable":true,"href":"https:\/\/www.uaga.eus\/eu\/wp-json\/wp\/v2\/categories?post=6859"},{"taxonomy":"post_tag","embeddable":true,"href":"https:\/\/www.uaga.eus\/eu\/wp-json\/wp\/v2\/tags?post=6859"}],"curies":[{"name":"wp","href":"https:\/\/api.w.org\/{rel}","templated":true}]}}