{"id":6782,"date":"2020-01-17T11:00:52","date_gmt":"2020-01-17T11:00:52","guid":{"rendered":"https:\/\/www.uaga.eus\/?p=6782"},"modified":"2020-01-17T12:45:27","modified_gmt":"2020-01-17T12:45:27","slug":"coag-asaja-y-upa-solicitan-el-mantenimiento-de-las-competencias-de-desarrollo-rural-en-el-ministerio-de-agricultura-pesca-y-alimentacion","status":"publish","type":"post","link":"https:\/\/www.uaga.eus\/eu\/coag-asaja-y-upa-solicitan-el-mantenimiento-de-las-competencias-de-desarrollo-rural-en-el-ministerio-de-agricultura-pesca-y-alimentacion\/","title":{"rendered":"COAG, Asaja y UPA solicitan el mantenimiento de las competencias de Desarrollo Rural en el Ministerio de Agricultura, Pesca y Alimentaci\u00f3n"},"content":{"rendered":"<p>COAG -organizaci\u00f3n a la que pertenece UAGA- junto con Asaja y UPA han remitido \u00a0una carta al Presidente del Gobierno mostrando su preocupaci\u00f3n ante la ausencia de las atribuciones de Desarrollo Rural en el Ministerio, tras la reestructuraci\u00f3n de los los departamentos ministeriales del nuevo Gobierno.<\/p>\n<p>Para las organizaciones agrarias, el Desarrollo Rural, segundo pilar de la PAC, es parte esencial de la pol\u00edtica agraria y<br \/>\ny se complementa de forma indisoluble con el resto de medidas e intervenciones que son de aplicaci\u00f3n para asegurar el modelo europeo de agricultura, basado en explotaciones familiares y la asunci\u00f3n de importantes compromisos de producci\u00f3n, medioambientales, sociales y territoriales, que constituyen un todo alrededor de la actividad agraria y el medio rural.<\/p>\n<p>Puedes ver <a href=\"http:\/\/coag.chil.me\/post\/asaja-coag-y-upa-solicitan-al-presidente-del-gobierno-el-mantenimiento-de-las-co-281581\" target=\"_blank\" rel=\"noopener\" data-cke-saved-href=\"http:\/\/coag.chil.me\/post\/asaja-coag-y-upa-solicitan-al-presidente-del-gobierno-el-mantenimiento-de-las-co-281581\">aqu\u00ed<\/a> el contenido \u00edntegro de la nota de prensa remitida a los medios de comunicaci\u00f3n.<br \/>\n<br data-cke-eol=\"1\" \/><\/p>","protected":false},"excerpt":{"rendered":"<p>COAG -organizaci\u00f3n a la que pertenece UAGA- junto con Asaja y UPA han remitido \u00a0una carta al Presidente del Gobierno mostrando su preocupaci\u00f3n ante la ausencia de las atribuciones de Desarrollo Rural en el Ministerio, tras la reestructuraci\u00f3n de los los departamentos ministeriales del nuevo Gobierno. Para las organizaciones agrarias, el Desarrollo Rural, segundo pilar [&hellip;]<\/p>\n","protected":false},"author":4,"featured_media":6783,"comment_status":"closed","ping_status":"closed","sticky":false,"template":"","format":"standard","meta":{"footnotes":""},"categories":[4],"tags":[],"yoast_head":"<!-- This site is optimized with the Yoast SEO plugin v21.5 - https:\/\/yoast.com\/wordpress\/plugins\/seo\/ -->\n<title>COAG, Asaja y UPA solicitan el mantenimiento de las competencias de Desarrollo Rural en el Ministerio de Agricultura, Pesca y Alimentaci\u00f3n - UAGA<\/title>\n<meta name=\"robots\" content=\"index, follow, max-snippet:-1, max-image-preview:large, max-video-preview:-1\" \/>\n<link rel=\"canonical\" href=\"https:\/\/www.uaga.eus\/coag-asaja-y-upa-solicitan-el-mantenimiento-de-las-competencias-de-desarrollo-rural-en-el-ministerio-de-agricultura-pesca-y-alimentacion\/\" \/>\n<meta property=\"og:locale\" content=\"en_US\" \/>\n<meta property=\"og:type\" content=\"article\" \/>\n<meta property=\"og:title\" content=\"COAG, Asaja y UPA solicitan el mantenimiento de las competencias de Desarrollo Rural en el Ministerio de Agricultura, Pesca y Alimentaci\u00f3n - UAGA\" \/>\n<meta property=\"og:description\" content=\"COAG -organizaci\u00f3n a la que pertenece UAGA- junto con Asaja y UPA han remitido \u00a0una carta al Presidente del Gobierno mostrando su preocupaci\u00f3n ante la ausencia de las atribuciones de Desarrollo Rural en el Ministerio, tras la reestructuraci\u00f3n de los los departamentos ministeriales del nuevo Gobierno. Para las organizaciones agrarias, el Desarrollo Rural, segundo pilar [&hellip;]\" \/>\n<meta property=\"og:url\" content=\"https:\/\/www.uaga.eus\/coag-asaja-y-upa-solicitan-el-mantenimiento-de-las-competencias-de-desarrollo-rural-en-el-ministerio-de-agricultura-pesca-y-alimentacion\/\" \/>\n<meta property=\"og:site_name\" content=\"UAGA\" \/>\n<meta property=\"article:published_time\" content=\"2020-01-17T11:00:52+00:00\" \/>\n<meta property=\"article:modified_time\" content=\"2020-01-17T12:45:27+00:00\" \/>\n<meta property=\"og:image\" content=\"https:\/\/www.uaga.eus\/wp-content\/uploads\/2020\/01\/Ministerio-agricultura-e1579264718975.jpg\" \/>\n\t<meta property=\"og:image:width\" content=\"700\" \/>\n\t<meta property=\"og:image:height\" content=\"233\" \/>\n\t<meta property=\"og:image:type\" content=\"image\/jpeg\" \/>\n<meta name=\"author\" content=\"Blanca S\u00e1nchez\" \/>\n<meta name=\"twitter:card\" content=\"summary_large_image\" \/>\n<meta name=\"twitter:label1\" content=\"Written by\" \/>\n\t<meta name=\"twitter:data1\" content=\"Blanca S\u00e1nchez\" \/>\n\t<meta name=\"twitter:label2\" content=\"Est. reading time\" \/>\n\t<meta name=\"twitter:data2\" content=\"1 minutua\" \/>\n<script type=\"application\/ld+json\" class=\"yoast-schema-graph\">{\"@context\":\"https:\/\/schema.org\",\"@graph\":[{\"@type\":\"WebPage\",\"@id\":\"https:\/\/www.uaga.eus\/coag-asaja-y-upa-solicitan-el-mantenimiento-de-las-competencias-de-desarrollo-rural-en-el-ministerio-de-agricultura-pesca-y-alimentacion\/\",\"url\":\"https:\/\/www.uaga.eus\/coag-asaja-y-upa-solicitan-el-mantenimiento-de-las-competencias-de-desarrollo-rural-en-el-ministerio-de-agricultura-pesca-y-alimentacion\/\",\"name\":\"COAG, Asaja y UPA solicitan el mantenimiento de las competencias de Desarrollo Rural en el Ministerio de Agricultura, Pesca y Alimentaci\u00f3n - UAGA\",\"isPartOf\":{\"@id\":\"https:\/\/www.uaga.eus\/#website\"},\"datePublished\":\"2020-01-17T11:00:52+00:00\",\"dateModified\":\"2020-01-17T12:45:27+00:00\",\"author\":{\"@id\":\"https:\/\/www.uaga.eus\/#\/schema\/person\/48c3cbf0f33d1b788226dbb6518689cf\"},\"breadcrumb\":{\"@id\":\"https:\/\/www.uaga.eus\/coag-asaja-y-upa-solicitan-el-mantenimiento-de-las-competencias-de-desarrollo-rural-en-el-ministerio-de-agricultura-pesca-y-alimentacion\/#breadcrumb\"},\"inLanguage\":\"eu\",\"potentialAction\":[{\"@type\":\"ReadAction\",\"target\":[\"https:\/\/www.uaga.eus\/coag-asaja-y-upa-solicitan-el-mantenimiento-de-las-competencias-de-desarrollo-rural-en-el-ministerio-de-agricultura-pesca-y-alimentacion\/\"]}]},{\"@type\":\"BreadcrumbList\",\"@id\":\"https:\/\/www.uaga.eus\/coag-asaja-y-upa-solicitan-el-mantenimiento-de-las-competencias-de-desarrollo-rural-en-el-ministerio-de-agricultura-pesca-y-alimentacion\/#breadcrumb\",\"itemListElement\":[{\"@type\":\"ListItem\",\"position\":1,\"name\":\"Inicio\",\"item\":\"https:\/\/www.uaga.eus\/\"},{\"@type\":\"ListItem\",\"position\":2,\"name\":\"COAG, ASAJA y UPA solicitan el mantenimiento de las competencias de Desarrollo Rural en el Ministerio de Agricultura, Pesca y Alimentaci\u00f3n\"}]},{\"@type\":\"WebSite\",\"@id\":\"https:\/\/www.uaga.eus\/#website\",\"url\":\"https:\/\/www.uaga.eus\/\",\"name\":\"UAGA\",\"description\":\"Uni\u00f3n Agroganadera de \u00c1lava - Araba Nekazarien Elkartea\",\"potentialAction\":[{\"@type\":\"SearchAction\",\"target\":{\"@type\":\"EntryPoint\",\"urlTemplate\":\"https:\/\/www.uaga.eus\/?s={search_term_string}\"},\"query-input\":\"required name=search_term_string\"}],\"inLanguage\":\"eu\"},{\"@type\":\"Person\",\"@id\":\"https:\/\/www.uaga.eus\/#\/schema\/person\/48c3cbf0f33d1b788226dbb6518689cf\",\"name\":\"Blanca S\u00e1nchez\",\"image\":{\"@type\":\"ImageObject\",\"inLanguage\":\"eu\",\"@id\":\"https:\/\/www.uaga.eus\/#\/schema\/person\/image\/\",\"url\":\"https:\/\/secure.gravatar.com\/avatar\/0dc91c20648254b1ce84877283f6751b?s=96&d=mm&r=g\",\"contentUrl\":\"https:\/\/secure.gravatar.com\/avatar\/0dc91c20648254b1ce84877283f6751b?s=96&d=mm&r=g\",\"caption\":\"Blanca S\u00e1nchez\"},\"url\":\"https:\/\/www.uaga.eus\/eu\/author\/bsanchez\/\"}]}<\/script>\n<!-- \/ Yoast SEO plugin. -->","yoast_head_json":{"title":"COAG, Asaja y UPA solicitan el mantenimiento de las competencias de Desarrollo Rural en el Ministerio de Agricultura, Pesca y Alimentaci\u00f3n - UAGA","robots":{"index":"index","follow":"follow","max-snippet":"max-snippet:-1","max-image-preview":"max-image-preview:large","max-video-preview":"max-video-preview:-1"},"canonical":"https:\/\/www.uaga.eus\/coag-asaja-y-upa-solicitan-el-mantenimiento-de-las-competencias-de-desarrollo-rural-en-el-ministerio-de-agricultura-pesca-y-alimentacion\/","og_locale":"en_US","og_type":"article","og_title":"COAG, Asaja y UPA solicitan el mantenimiento de las competencias de Desarrollo Rural en el Ministerio de Agricultura, Pesca y Alimentaci\u00f3n - UAGA","og_description":"COAG -organizaci\u00f3n a la que pertenece UAGA- junto con Asaja y UPA han remitido \u00a0una carta al Presidente del Gobierno mostrando su preocupaci\u00f3n ante la ausencia de las atribuciones de Desarrollo Rural en el Ministerio, tras la reestructuraci\u00f3n de los los departamentos ministeriales del nuevo Gobierno. Para las organizaciones agrarias, el Desarrollo Rural, segundo pilar [&hellip;]","og_url":"https:\/\/www.uaga.eus\/coag-asaja-y-upa-solicitan-el-mantenimiento-de-las-competencias-de-desarrollo-rural-en-el-ministerio-de-agricultura-pesca-y-alimentacion\/","og_site_name":"UAGA","article_published_time":"2020-01-17T11:00:52+00:00","article_modified_time":"2020-01-17T12:45:27+00:00","og_image":[{"width":700,"height":233,"url":"https:\/\/www.uaga.eus\/wp-content\/uploads\/2020\/01\/Ministerio-agricultura-e1579264718975.jpg","type":"image\/jpeg"}],"author":"Blanca S\u00e1nchez","twitter_card":"summary_large_image","twitter_misc":{"Written by":"Blanca S\u00e1nchez","Est. reading time":"1 minutua"},"schema":{"@context":"https:\/\/schema.org","@graph":[{"@type":"WebPage","@id":"https:\/\/www.uaga.eus\/coag-asaja-y-upa-solicitan-el-mantenimiento-de-las-competencias-de-desarrollo-rural-en-el-ministerio-de-agricultura-pesca-y-alimentacion\/","url":"https:\/\/www.uaga.eus\/coag-asaja-y-upa-solicitan-el-mantenimiento-de-las-competencias-de-desarrollo-rural-en-el-ministerio-de-agricultura-pesca-y-alimentacion\/","name":"COAG, Asaja y UPA solicitan el mantenimiento de las competencias de Desarrollo Rural en el Ministerio de Agricultura, Pesca y Alimentaci\u00f3n - UAGA","isPartOf":{"@id":"https:\/\/www.uaga.eus\/#website"},"datePublished":"2020-01-17T11:00:52+00:00","dateModified":"2020-01-17T12:45:27+00:00","author":{"@id":"https:\/\/www.uaga.eus\/#\/schema\/person\/48c3cbf0f33d1b788226dbb6518689cf"},"breadcrumb":{"@id":"https:\/\/www.uaga.eus\/coag-asaja-y-upa-solicitan-el-mantenimiento-de-las-competencias-de-desarrollo-rural-en-el-ministerio-de-agricultura-pesca-y-alimentacion\/#breadcrumb"},"inLanguage":"eu","potentialAction":[{"@type":"ReadAction","target":["https:\/\/www.uaga.eus\/coag-asaja-y-upa-solicitan-el-mantenimiento-de-las-competencias-de-desarrollo-rural-en-el-ministerio-de-agricultura-pesca-y-alimentacion\/"]}]},{"@type":"BreadcrumbList","@id":"https:\/\/www.uaga.eus\/coag-asaja-y-upa-solicitan-el-mantenimiento-de-las-competencias-de-desarrollo-rural-en-el-ministerio-de-agricultura-pesca-y-alimentacion\/#breadcrumb","itemListElement":[{"@type":"ListItem","position":1,"name":"Inicio","item":"https:\/\/www.uaga.eus\/"},{"@type":"ListItem","position":2,"name":"COAG, ASAJA y UPA solicitan el mantenimiento de las competencias de Desarrollo Rural en el Ministerio de Agricultura, Pesca y Alimentaci\u00f3n"}]},{"@type":"WebSite","@id":"https:\/\/www.uaga.eus\/#website","url":"https:\/\/www.uaga.eus\/","name":"UAGA","description":"Uni\u00f3n Agroganadera de \u00c1lava - Araba Nekazarien Elkartea","potentialAction":[{"@type":"SearchAction","target":{"@type":"EntryPoint","urlTemplate":"https:\/\/www.uaga.eus\/?s={search_term_string}"},"query-input":"required name=search_term_string"}],"inLanguage":"eu"},{"@type":"Person","@id":"https:\/\/www.uaga.eus\/#\/schema\/person\/48c3cbf0f33d1b788226dbb6518689cf","name":"Blanca S\u00e1nchez","image":{"@type":"ImageObject","inLanguage":"eu","@id":"https:\/\/www.uaga.eus\/#\/schema\/person\/image\/","url":"https:\/\/secure.gravatar.com\/avatar\/0dc91c20648254b1ce84877283f6751b?s=96&d=mm&r=g","contentUrl":"https:\/\/secure.gravatar.com\/avatar\/0dc91c20648254b1ce84877283f6751b?s=96&d=mm&r=g","caption":"Blanca S\u00e1nchez"},"url":"https:\/\/www.uaga.eus\/eu\/author\/bsanchez\/"}]}},"_links":{"self":[{"href":"https:\/\/www.uaga.eus\/eu\/wp-json\/wp\/v2\/posts\/6782"}],"collection":[{"href":"https:\/\/www.uaga.eus\/eu\/wp-json\/wp\/v2\/posts"}],"about":[{"href":"https:\/\/www.uaga.eus\/eu\/wp-json\/wp\/v2\/types\/post"}],"author":[{"embeddable":true,"href":"https:\/\/www.uaga.eus\/eu\/wp-json\/wp\/v2\/users\/4"}],"replies":[{"embeddable":true,"href":"https:\/\/www.uaga.eus\/eu\/wp-json\/wp\/v2\/comments?post=6782"}],"version-history":[{"count":4,"href":"https:\/\/www.uaga.eus\/eu\/wp-json\/wp\/v2\/posts\/6782\/revisions"}],"predecessor-version":[{"id":6787,"href":"https:\/\/www.uaga.eus\/eu\/wp-json\/wp\/v2\/posts\/6782\/revisions\/6787"}],"wp:featuredmedia":[{"embeddable":true,"href":"https:\/\/www.uaga.eus\/eu\/wp-json\/wp\/v2\/media\/6783"}],"wp:attachment":[{"href":"https:\/\/www.uaga.eus\/eu\/wp-json\/wp\/v2\/media?parent=6782"}],"wp:term":[{"taxonomy":"category","embeddable":true,"href":"https:\/\/www.uaga.eus\/eu\/wp-json\/wp\/v2\/categories?post=6782"},{"taxonomy":"post_tag","embeddable":true,"href":"https:\/\/www.uaga.eus\/eu\/wp-json\/wp\/v2\/tags?post=6782"}],"curies":[{"name":"wp","href":"https:\/\/api.w.org\/{rel}","templated":true}]}}