{"id":6779,"date":"2020-01-17T11:07:02","date_gmt":"2020-01-17T11:07:02","guid":{"rendered":"https:\/\/www.uaga.eus\/?p=6779"},"modified":"2020-01-17T11:08:02","modified_gmt":"2020-01-17T11:08:02","slug":"uaga-participa-en-la-mesa-de-trabajo-sobre-agroecologia-en-alava-2","status":"publish","type":"post","link":"https:\/\/www.uaga.eus\/eu\/uaga-participa-en-la-mesa-de-trabajo-sobre-agroecologia-en-alava-2\/","title":{"rendered":"UAGA participa en la mesa de trabajo sobre agroecolog\u00eda en \u00c1lava"},"content":{"rendered":"<p>UAGA ha tomado parte esta semana junto con personas agricultoras y ganaderas, ENEEK, Bionekazaritza, Natuaraba, Neiker y otros agentes del sector en una nueva reuni\u00f3n de la mesa de trabajo sobre agroecolog\u00eda en \u00c1lava, organizada por el Grupo de Expertos Agroecol\u00f3gicos en colaboraci\u00f3n con Natuaraba y el Instituto Agrario Arkaute.<\/p>\n<p>El encuentro ha servido para conocer la iniciativa <a href=\"https:\/\/www.sareko.eus\/\" target=\"_blank\" rel=\"noopener\" data-cke-saved-href=\"https:\/\/www.sareko.eus\/\">Sareko<\/a>, en la que se ha desarrollado una plataforma que sirve de herramienta de enlace entre el sector productor y el de hosteler\u00eda y consumo. Junto con esto, se ha presentado el proyecto de l\u00ednea de limpieza de cereal y se han concretado las l\u00edneas de acci\u00f3n para los pr\u00f3ximos meses en cuanto a formaci\u00f3n de los profesionales, transformaci\u00f3n del producto y comercializaci\u00f3n.<\/p>\n<div>\u00a0+ info SUGOI:\u00a0675 707 696<\/div>\n","protected":false},"excerpt":{"rendered":"<p>UAGA ha tomado parte esta semana junto con personas agricultoras y ganaderas, ENEEK, Bionekazaritza, Natuaraba, Neiker y otros agentes del sector en una nueva reuni\u00f3n de la mesa de trabajo sobre agroecolog\u00eda en \u00c1lava, organizada por el Grupo de Expertos Agroecol\u00f3gicos en colaboraci\u00f3n con Natuaraba y el Instituto Agrario Arkaute. El encuentro ha servido para [&hellip;]<\/p>\n","protected":false},"author":4,"featured_media":6780,"comment_status":"closed","ping_status":"closed","sticky":false,"template":"","format":"standard","meta":{"footnotes":""},"categories":[10],"tags":[],"yoast_head":"<!-- This site is optimized with the Yoast SEO plugin v21.5 - https:\/\/yoast.com\/wordpress\/plugins\/seo\/ -->\n<title>UAGA participa en la mesa de trabajo sobre agroecolog\u00eda en \u00c1lava - UAGA<\/title>\n<meta name=\"robots\" content=\"index, follow, max-snippet:-1, max-image-preview:large, max-video-preview:-1\" \/>\n<link rel=\"canonical\" href=\"https:\/\/www.uaga.eus\/uaga-participa-en-la-mesa-de-trabajo-sobre-agroecologia-en-alava-2\/\" \/>\n<meta property=\"og:locale\" content=\"en_US\" \/>\n<meta property=\"og:type\" content=\"article\" \/>\n<meta property=\"og:title\" content=\"UAGA participa en la mesa de trabajo sobre agroecolog\u00eda en \u00c1lava - UAGA\" \/>\n<meta property=\"og:description\" content=\"UAGA ha tomado parte esta semana junto con personas agricultoras y ganaderas, ENEEK, Bionekazaritza, Natuaraba, Neiker y otros agentes del sector en una nueva reuni\u00f3n de la mesa de trabajo sobre agroecolog\u00eda en \u00c1lava, organizada por el Grupo de Expertos Agroecol\u00f3gicos en colaboraci\u00f3n con Natuaraba y el Instituto Agrario Arkaute. El encuentro ha servido para [&hellip;]\" \/>\n<meta property=\"og:url\" content=\"https:\/\/www.uaga.eus\/uaga-participa-en-la-mesa-de-trabajo-sobre-agroecologia-en-alava-2\/\" \/>\n<meta property=\"og:site_name\" content=\"UAGA\" \/>\n<meta property=\"article:published_time\" content=\"2020-01-17T11:07:02+00:00\" \/>\n<meta property=\"article:modified_time\" content=\"2020-01-17T11:08:02+00:00\" \/>\n<meta property=\"og:image\" content=\"https:\/\/www.uaga.eus\/wp-content\/uploads\/2020\/01\/productos-agrarios-e1579259189129.jpg\" \/>\n\t<meta property=\"og:image:width\" content=\"698\" \/>\n\t<meta property=\"og:image:height\" content=\"364\" \/>\n\t<meta property=\"og:image:type\" content=\"image\/jpeg\" \/>\n<meta name=\"author\" content=\"Blanca S\u00e1nchez\" \/>\n<meta name=\"twitter:card\" content=\"summary_large_image\" \/>\n<meta name=\"twitter:label1\" content=\"Written by\" \/>\n\t<meta name=\"twitter:data1\" content=\"Blanca S\u00e1nchez\" \/>\n\t<meta name=\"twitter:label2\" content=\"Est. reading time\" \/>\n\t<meta name=\"twitter:data2\" content=\"1 minutua\" \/>\n<script type=\"application\/ld+json\" class=\"yoast-schema-graph\">{\"@context\":\"https:\/\/schema.org\",\"@graph\":[{\"@type\":\"WebPage\",\"@id\":\"https:\/\/www.uaga.eus\/uaga-participa-en-la-mesa-de-trabajo-sobre-agroecologia-en-alava-2\/\",\"url\":\"https:\/\/www.uaga.eus\/uaga-participa-en-la-mesa-de-trabajo-sobre-agroecologia-en-alava-2\/\",\"name\":\"UAGA participa en la mesa de trabajo sobre agroecolog\u00eda en \u00c1lava - UAGA\",\"isPartOf\":{\"@id\":\"https:\/\/www.uaga.eus\/#website\"},\"datePublished\":\"2020-01-17T11:07:02+00:00\",\"dateModified\":\"2020-01-17T11:08:02+00:00\",\"author\":{\"@id\":\"https:\/\/www.uaga.eus\/#\/schema\/person\/48c3cbf0f33d1b788226dbb6518689cf\"},\"breadcrumb\":{\"@id\":\"https:\/\/www.uaga.eus\/uaga-participa-en-la-mesa-de-trabajo-sobre-agroecologia-en-alava-2\/#breadcrumb\"},\"inLanguage\":\"eu\",\"potentialAction\":[{\"@type\":\"ReadAction\",\"target\":[\"https:\/\/www.uaga.eus\/uaga-participa-en-la-mesa-de-trabajo-sobre-agroecologia-en-alava-2\/\"]}]},{\"@type\":\"BreadcrumbList\",\"@id\":\"https:\/\/www.uaga.eus\/uaga-participa-en-la-mesa-de-trabajo-sobre-agroecologia-en-alava-2\/#breadcrumb\",\"itemListElement\":[{\"@type\":\"ListItem\",\"position\":1,\"name\":\"Inicio\",\"item\":\"https:\/\/www.uaga.eus\/\"},{\"@type\":\"ListItem\",\"position\":2,\"name\":\"UAGA participa en la mesa de trabajo sobre agroecolog\u00eda en \u00c1lava\"}]},{\"@type\":\"WebSite\",\"@id\":\"https:\/\/www.uaga.eus\/#website\",\"url\":\"https:\/\/www.uaga.eus\/\",\"name\":\"UAGA\",\"description\":\"Uni\u00f3n Agroganadera de \u00c1lava - Araba Nekazarien Elkartea\",\"potentialAction\":[{\"@type\":\"SearchAction\",\"target\":{\"@type\":\"EntryPoint\",\"urlTemplate\":\"https:\/\/www.uaga.eus\/?s={search_term_string}\"},\"query-input\":\"required name=search_term_string\"}],\"inLanguage\":\"eu\"},{\"@type\":\"Person\",\"@id\":\"https:\/\/www.uaga.eus\/#\/schema\/person\/48c3cbf0f33d1b788226dbb6518689cf\",\"name\":\"Blanca S\u00e1nchez\",\"image\":{\"@type\":\"ImageObject\",\"inLanguage\":\"eu\",\"@id\":\"https:\/\/www.uaga.eus\/#\/schema\/person\/image\/\",\"url\":\"https:\/\/secure.gravatar.com\/avatar\/0dc91c20648254b1ce84877283f6751b?s=96&d=mm&r=g\",\"contentUrl\":\"https:\/\/secure.gravatar.com\/avatar\/0dc91c20648254b1ce84877283f6751b?s=96&d=mm&r=g\",\"caption\":\"Blanca S\u00e1nchez\"},\"url\":\"https:\/\/www.uaga.eus\/eu\/author\/bsanchez\/\"}]}<\/script>\n<!-- \/ Yoast SEO plugin. -->","yoast_head_json":{"title":"UAGA participa en la mesa de trabajo sobre agroecolog\u00eda en \u00c1lava - UAGA","robots":{"index":"index","follow":"follow","max-snippet":"max-snippet:-1","max-image-preview":"max-image-preview:large","max-video-preview":"max-video-preview:-1"},"canonical":"https:\/\/www.uaga.eus\/uaga-participa-en-la-mesa-de-trabajo-sobre-agroecologia-en-alava-2\/","og_locale":"en_US","og_type":"article","og_title":"UAGA participa en la mesa de trabajo sobre agroecolog\u00eda en \u00c1lava - UAGA","og_description":"UAGA ha tomado parte esta semana junto con personas agricultoras y ganaderas, ENEEK, Bionekazaritza, Natuaraba, Neiker y otros agentes del sector en una nueva reuni\u00f3n de la mesa de trabajo sobre agroecolog\u00eda en \u00c1lava, organizada por el Grupo de Expertos Agroecol\u00f3gicos en colaboraci\u00f3n con Natuaraba y el Instituto Agrario Arkaute. El encuentro ha servido para [&hellip;]","og_url":"https:\/\/www.uaga.eus\/uaga-participa-en-la-mesa-de-trabajo-sobre-agroecologia-en-alava-2\/","og_site_name":"UAGA","article_published_time":"2020-01-17T11:07:02+00:00","article_modified_time":"2020-01-17T11:08:02+00:00","og_image":[{"width":698,"height":364,"url":"https:\/\/www.uaga.eus\/wp-content\/uploads\/2020\/01\/productos-agrarios-e1579259189129.jpg","type":"image\/jpeg"}],"author":"Blanca S\u00e1nchez","twitter_card":"summary_large_image","twitter_misc":{"Written by":"Blanca S\u00e1nchez","Est. reading time":"1 minutua"},"schema":{"@context":"https:\/\/schema.org","@graph":[{"@type":"WebPage","@id":"https:\/\/www.uaga.eus\/uaga-participa-en-la-mesa-de-trabajo-sobre-agroecologia-en-alava-2\/","url":"https:\/\/www.uaga.eus\/uaga-participa-en-la-mesa-de-trabajo-sobre-agroecologia-en-alava-2\/","name":"UAGA participa en la mesa de trabajo sobre agroecolog\u00eda en \u00c1lava - UAGA","isPartOf":{"@id":"https:\/\/www.uaga.eus\/#website"},"datePublished":"2020-01-17T11:07:02+00:00","dateModified":"2020-01-17T11:08:02+00:00","author":{"@id":"https:\/\/www.uaga.eus\/#\/schema\/person\/48c3cbf0f33d1b788226dbb6518689cf"},"breadcrumb":{"@id":"https:\/\/www.uaga.eus\/uaga-participa-en-la-mesa-de-trabajo-sobre-agroecologia-en-alava-2\/#breadcrumb"},"inLanguage":"eu","potentialAction":[{"@type":"ReadAction","target":["https:\/\/www.uaga.eus\/uaga-participa-en-la-mesa-de-trabajo-sobre-agroecologia-en-alava-2\/"]}]},{"@type":"BreadcrumbList","@id":"https:\/\/www.uaga.eus\/uaga-participa-en-la-mesa-de-trabajo-sobre-agroecologia-en-alava-2\/#breadcrumb","itemListElement":[{"@type":"ListItem","position":1,"name":"Inicio","item":"https:\/\/www.uaga.eus\/"},{"@type":"ListItem","position":2,"name":"UAGA participa en la mesa de trabajo sobre agroecolog\u00eda en \u00c1lava"}]},{"@type":"WebSite","@id":"https:\/\/www.uaga.eus\/#website","url":"https:\/\/www.uaga.eus\/","name":"UAGA","description":"Uni\u00f3n Agroganadera de \u00c1lava - Araba Nekazarien Elkartea","potentialAction":[{"@type":"SearchAction","target":{"@type":"EntryPoint","urlTemplate":"https:\/\/www.uaga.eus\/?s={search_term_string}"},"query-input":"required name=search_term_string"}],"inLanguage":"eu"},{"@type":"Person","@id":"https:\/\/www.uaga.eus\/#\/schema\/person\/48c3cbf0f33d1b788226dbb6518689cf","name":"Blanca S\u00e1nchez","image":{"@type":"ImageObject","inLanguage":"eu","@id":"https:\/\/www.uaga.eus\/#\/schema\/person\/image\/","url":"https:\/\/secure.gravatar.com\/avatar\/0dc91c20648254b1ce84877283f6751b?s=96&d=mm&r=g","contentUrl":"https:\/\/secure.gravatar.com\/avatar\/0dc91c20648254b1ce84877283f6751b?s=96&d=mm&r=g","caption":"Blanca S\u00e1nchez"},"url":"https:\/\/www.uaga.eus\/eu\/author\/bsanchez\/"}]}},"_links":{"self":[{"href":"https:\/\/www.uaga.eus\/eu\/wp-json\/wp\/v2\/posts\/6779"}],"collection":[{"href":"https:\/\/www.uaga.eus\/eu\/wp-json\/wp\/v2\/posts"}],"about":[{"href":"https:\/\/www.uaga.eus\/eu\/wp-json\/wp\/v2\/types\/post"}],"author":[{"embeddable":true,"href":"https:\/\/www.uaga.eus\/eu\/wp-json\/wp\/v2\/users\/4"}],"replies":[{"embeddable":true,"href":"https:\/\/www.uaga.eus\/eu\/wp-json\/wp\/v2\/comments?post=6779"}],"version-history":[{"count":1,"href":"https:\/\/www.uaga.eus\/eu\/wp-json\/wp\/v2\/posts\/6779\/revisions"}],"predecessor-version":[{"id":6781,"href":"https:\/\/www.uaga.eus\/eu\/wp-json\/wp\/v2\/posts\/6779\/revisions\/6781"}],"wp:featuredmedia":[{"embeddable":true,"href":"https:\/\/www.uaga.eus\/eu\/wp-json\/wp\/v2\/media\/6780"}],"wp:attachment":[{"href":"https:\/\/www.uaga.eus\/eu\/wp-json\/wp\/v2\/media?parent=6779"}],"wp:term":[{"taxonomy":"category","embeddable":true,"href":"https:\/\/www.uaga.eus\/eu\/wp-json\/wp\/v2\/categories?post=6779"},{"taxonomy":"post_tag","embeddable":true,"href":"https:\/\/www.uaga.eus\/eu\/wp-json\/wp\/v2\/tags?post=6779"}],"curies":[{"name":"wp","href":"https:\/\/api.w.org\/{rel}","templated":true}]}}