{"id":6773,"date":"2020-01-17T11:00:49","date_gmt":"2020-01-17T11:00:49","guid":{"rendered":"https:\/\/www.uaga.eus\/?p=6773"},"modified":"2020-01-17T11:00:49","modified_gmt":"2020-01-17T11:00:49","slug":"el-ayuntamiento-de-vitoria-gasteiz-lanza-su-oferta-formativa-sobre-agricultura-ecologica","status":"publish","type":"post","link":"https:\/\/www.uaga.eus\/eu\/el-ayuntamiento-de-vitoria-gasteiz-lanza-su-oferta-formativa-sobre-agricultura-ecologica\/","title":{"rendered":"El ayuntamiento de Vitoria-Gasteiz lanza su oferta formativa sobre agricultura ecol\u00f3gica"},"content":{"rendered":"<p>El Ayuntamiento de Vitoria-Gasteiz ha organizado para el pr\u00f3ximo mes de febrero dos cursos sobre agricultura ecol\u00f3gica,\u00a0dirigido a personas con formaci\u00f3n o experiencia en esta materia e inter\u00e9s en dedicarse profesionalmente a esta actividad.<\/p>\n<p>El primer curso est\u00e1 destinado a experimentar, de manera te\u00f3rica y pr\u00e1ctica, un manejo regenerativo del suelo aplicando t\u00e9cnicas que mejoren la estructura del suelo, aumenten su contenido de materia org\u00e1nica y multipliquen su microbiolog\u00eda, mediante herramientas de tecnolog\u00eda No-Till. Se realizar\u00e1 del 3 al 19 febrero, lunes y mi\u00e9rcoles de 15:30 a 18:00 (15 horas), en el Centro de empresas agroecol\u00f3gicas Basaldea. Puedes consultar la informaci\u00f3n <a href=\"https:\/\/sedeelectronica.vitoria-gasteiz.org\/h01-01s\/cursoAction.do?accion=detalle&amp;idioma=es&amp;urlDestino=&amp;id=3813&amp;filtro.modalidad=p&amp;filtro.area=0&amp;filtro.tipo=0&amp;filtro.orden=0&amp;filtro.ordenAsc=true&amp;inscripcionWeb=true\" target=\"_blank\" rel=\"noopener\" data-cke-saved-href=\"https:\/\/sedeelectronica.vitoria-gasteiz.org\/h01-01s\/cursoAction.do?accion=detalle&amp;idioma=es&amp;urlDestino=&amp;id=3813&amp;filtro.modalidad=p&amp;filtro.area=0&amp;filtro.tipo=0&amp;filtro.orden=0&amp;filtro.ordenAsc=true&amp;inscripcionWeb=true\">aqu\u00ed<\/a>.<\/p>\n<p>El segundo curso tratar\u00e1 sobre el manejo de la materia org\u00e1nica y elaboraci\u00f3n de biofertilizantes. Tendr\u00e1 lugar\u00a0del 24 febrero al 24 marzo, de lunes a mi\u00e9rcoles, de 16:00 a 19:30 (54 horas), en el Centro de empresas agroecol\u00f3gicas Basaldea. Puedes consultar <a href=\"https:\/\/sedeelectronica.vitoria-gasteiz.org\/h01-01s\/cursoAction.do?lang=es&amp;locale=es&amp;idioma=es&amp;id=3816&amp;filtro.area=0&amp;filtro.ordenAsc=true&amp;urlDestino=&amp;filtro.modalidad=pae&amp;inscripcionWeb=true&amp;filtro.orden=0&amp;accion=detalle&amp;filtro.tipo=0\" target=\"_blank\" rel=\"noopener\" data-cke-saved-href=\"https:\/\/sedeelectronica.vitoria-gasteiz.org\/h01-01s\/cursoAction.do?lang=es&amp;locale=es&amp;idioma=es&amp;id=3816&amp;filtro.area=0&amp;filtro.ordenAsc=true&amp;urlDestino=&amp;filtro.modalidad=pae&amp;inscripcionWeb=true&amp;filtro.orden=0&amp;accion=detalle&amp;filtro.tipo=0\">aqu\u00ed<\/a> toda la informaci\u00f3n.<\/p>\n","protected":false},"excerpt":{"rendered":"<p>El Ayuntamiento de Vitoria-Gasteiz ha organizado para el pr\u00f3ximo mes de febrero dos cursos sobre agricultura ecol\u00f3gica,\u00a0dirigido a personas con formaci\u00f3n o experiencia en esta materia e inter\u00e9s en dedicarse profesionalmente a esta actividad. El primer curso est\u00e1 destinado a experimentar, de manera te\u00f3rica y pr\u00e1ctica, un manejo regenerativo del suelo aplicando t\u00e9cnicas que mejoren [&hellip;]<\/p>\n","protected":false},"author":4,"featured_media":2815,"comment_status":"closed","ping_status":"closed","sticky":false,"template":"","format":"standard","meta":{"footnotes":""},"categories":[10,66],"tags":[],"yoast_head":"<!-- This site is optimized with the Yoast SEO plugin v21.5 - https:\/\/yoast.com\/wordpress\/plugins\/seo\/ -->\n<title>El ayuntamiento de Vitoria-Gasteiz lanza su oferta formativa sobre agricultura ecol\u00f3gica - UAGA<\/title>\n<meta name=\"robots\" content=\"index, follow, max-snippet:-1, max-image-preview:large, max-video-preview:-1\" \/>\n<link rel=\"canonical\" href=\"https:\/\/www.uaga.eus\/el-ayuntamiento-de-vitoria-gasteiz-lanza-su-oferta-formativa-sobre-agricultura-ecologica\/\" \/>\n<meta property=\"og:locale\" content=\"en_US\" \/>\n<meta property=\"og:type\" content=\"article\" \/>\n<meta property=\"og:title\" content=\"El ayuntamiento de Vitoria-Gasteiz lanza su oferta formativa sobre agricultura ecol\u00f3gica - UAGA\" \/>\n<meta property=\"og:description\" content=\"El Ayuntamiento de Vitoria-Gasteiz ha organizado para el pr\u00f3ximo mes de febrero dos cursos sobre agricultura ecol\u00f3gica,\u00a0dirigido a personas con formaci\u00f3n o experiencia en esta materia e inter\u00e9s en dedicarse profesionalmente a esta actividad. El primer curso est\u00e1 destinado a experimentar, de manera te\u00f3rica y pr\u00e1ctica, un manejo regenerativo del suelo aplicando t\u00e9cnicas que mejoren [&hellip;]\" \/>\n<meta property=\"og:url\" content=\"https:\/\/www.uaga.eus\/el-ayuntamiento-de-vitoria-gasteiz-lanza-su-oferta-formativa-sobre-agricultura-ecologica\/\" \/>\n<meta property=\"og:site_name\" content=\"UAGA\" \/>\n<meta property=\"article:published_time\" content=\"2020-01-17T11:00:49+00:00\" \/>\n<meta property=\"og:image\" content=\"https:\/\/www.uaga.eus\/wp-content\/uploads\/2018\/05\/horticolas-invernadero-e1526037663298.jpg\" \/>\n\t<meta property=\"og:image:width\" content=\"650\" \/>\n\t<meta property=\"og:image:height\" content=\"372\" \/>\n\t<meta property=\"og:image:type\" content=\"image\/jpeg\" \/>\n<meta name=\"author\" content=\"Blanca S\u00e1nchez\" \/>\n<meta name=\"twitter:card\" content=\"summary_large_image\" \/>\n<meta name=\"twitter:label1\" content=\"Written by\" \/>\n\t<meta name=\"twitter:data1\" content=\"Blanca S\u00e1nchez\" \/>\n\t<meta name=\"twitter:label2\" content=\"Est. reading time\" \/>\n\t<meta name=\"twitter:data2\" content=\"1 minutua\" \/>\n<script type=\"application\/ld+json\" class=\"yoast-schema-graph\">{\"@context\":\"https:\/\/schema.org\",\"@graph\":[{\"@type\":\"WebPage\",\"@id\":\"https:\/\/www.uaga.eus\/el-ayuntamiento-de-vitoria-gasteiz-lanza-su-oferta-formativa-sobre-agricultura-ecologica\/\",\"url\":\"https:\/\/www.uaga.eus\/el-ayuntamiento-de-vitoria-gasteiz-lanza-su-oferta-formativa-sobre-agricultura-ecologica\/\",\"name\":\"El ayuntamiento de Vitoria-Gasteiz lanza su oferta formativa sobre agricultura ecol\u00f3gica - UAGA\",\"isPartOf\":{\"@id\":\"https:\/\/www.uaga.eus\/#website\"},\"datePublished\":\"2020-01-17T11:00:49+00:00\",\"dateModified\":\"2020-01-17T11:00:49+00:00\",\"author\":{\"@id\":\"https:\/\/www.uaga.eus\/#\/schema\/person\/48c3cbf0f33d1b788226dbb6518689cf\"},\"breadcrumb\":{\"@id\":\"https:\/\/www.uaga.eus\/el-ayuntamiento-de-vitoria-gasteiz-lanza-su-oferta-formativa-sobre-agricultura-ecologica\/#breadcrumb\"},\"inLanguage\":\"eu\",\"potentialAction\":[{\"@type\":\"ReadAction\",\"target\":[\"https:\/\/www.uaga.eus\/el-ayuntamiento-de-vitoria-gasteiz-lanza-su-oferta-formativa-sobre-agricultura-ecologica\/\"]}]},{\"@type\":\"BreadcrumbList\",\"@id\":\"https:\/\/www.uaga.eus\/el-ayuntamiento-de-vitoria-gasteiz-lanza-su-oferta-formativa-sobre-agricultura-ecologica\/#breadcrumb\",\"itemListElement\":[{\"@type\":\"ListItem\",\"position\":1,\"name\":\"Inicio\",\"item\":\"https:\/\/www.uaga.eus\/\"},{\"@type\":\"ListItem\",\"position\":2,\"name\":\"El ayuntamiento de Vitoria-Gasteiz lanza su oferta formativa sobre agricultura ecol\u00f3gica\"}]},{\"@type\":\"WebSite\",\"@id\":\"https:\/\/www.uaga.eus\/#website\",\"url\":\"https:\/\/www.uaga.eus\/\",\"name\":\"UAGA\",\"description\":\"Uni\u00f3n Agroganadera de \u00c1lava - Araba Nekazarien Elkartea\",\"potentialAction\":[{\"@type\":\"SearchAction\",\"target\":{\"@type\":\"EntryPoint\",\"urlTemplate\":\"https:\/\/www.uaga.eus\/?s={search_term_string}\"},\"query-input\":\"required name=search_term_string\"}],\"inLanguage\":\"eu\"},{\"@type\":\"Person\",\"@id\":\"https:\/\/www.uaga.eus\/#\/schema\/person\/48c3cbf0f33d1b788226dbb6518689cf\",\"name\":\"Blanca S\u00e1nchez\",\"image\":{\"@type\":\"ImageObject\",\"inLanguage\":\"eu\",\"@id\":\"https:\/\/www.uaga.eus\/#\/schema\/person\/image\/\",\"url\":\"https:\/\/secure.gravatar.com\/avatar\/0dc91c20648254b1ce84877283f6751b?s=96&d=mm&r=g\",\"contentUrl\":\"https:\/\/secure.gravatar.com\/avatar\/0dc91c20648254b1ce84877283f6751b?s=96&d=mm&r=g\",\"caption\":\"Blanca S\u00e1nchez\"},\"url\":\"https:\/\/www.uaga.eus\/eu\/author\/bsanchez\/\"}]}<\/script>\n<!-- \/ Yoast SEO plugin. -->","yoast_head_json":{"title":"El ayuntamiento de Vitoria-Gasteiz lanza su oferta formativa sobre agricultura ecol\u00f3gica - UAGA","robots":{"index":"index","follow":"follow","max-snippet":"max-snippet:-1","max-image-preview":"max-image-preview:large","max-video-preview":"max-video-preview:-1"},"canonical":"https:\/\/www.uaga.eus\/el-ayuntamiento-de-vitoria-gasteiz-lanza-su-oferta-formativa-sobre-agricultura-ecologica\/","og_locale":"en_US","og_type":"article","og_title":"El ayuntamiento de Vitoria-Gasteiz lanza su oferta formativa sobre agricultura ecol\u00f3gica - UAGA","og_description":"El Ayuntamiento de Vitoria-Gasteiz ha organizado para el pr\u00f3ximo mes de febrero dos cursos sobre agricultura ecol\u00f3gica,\u00a0dirigido a personas con formaci\u00f3n o experiencia en esta materia e inter\u00e9s en dedicarse profesionalmente a esta actividad. El primer curso est\u00e1 destinado a experimentar, de manera te\u00f3rica y pr\u00e1ctica, un manejo regenerativo del suelo aplicando t\u00e9cnicas que mejoren [&hellip;]","og_url":"https:\/\/www.uaga.eus\/el-ayuntamiento-de-vitoria-gasteiz-lanza-su-oferta-formativa-sobre-agricultura-ecologica\/","og_site_name":"UAGA","article_published_time":"2020-01-17T11:00:49+00:00","og_image":[{"width":650,"height":372,"url":"https:\/\/www.uaga.eus\/wp-content\/uploads\/2018\/05\/horticolas-invernadero-e1526037663298.jpg","type":"image\/jpeg"}],"author":"Blanca S\u00e1nchez","twitter_card":"summary_large_image","twitter_misc":{"Written by":"Blanca S\u00e1nchez","Est. reading time":"1 minutua"},"schema":{"@context":"https:\/\/schema.org","@graph":[{"@type":"WebPage","@id":"https:\/\/www.uaga.eus\/el-ayuntamiento-de-vitoria-gasteiz-lanza-su-oferta-formativa-sobre-agricultura-ecologica\/","url":"https:\/\/www.uaga.eus\/el-ayuntamiento-de-vitoria-gasteiz-lanza-su-oferta-formativa-sobre-agricultura-ecologica\/","name":"El ayuntamiento de Vitoria-Gasteiz lanza su oferta formativa sobre agricultura ecol\u00f3gica - UAGA","isPartOf":{"@id":"https:\/\/www.uaga.eus\/#website"},"datePublished":"2020-01-17T11:00:49+00:00","dateModified":"2020-01-17T11:00:49+00:00","author":{"@id":"https:\/\/www.uaga.eus\/#\/schema\/person\/48c3cbf0f33d1b788226dbb6518689cf"},"breadcrumb":{"@id":"https:\/\/www.uaga.eus\/el-ayuntamiento-de-vitoria-gasteiz-lanza-su-oferta-formativa-sobre-agricultura-ecologica\/#breadcrumb"},"inLanguage":"eu","potentialAction":[{"@type":"ReadAction","target":["https:\/\/www.uaga.eus\/el-ayuntamiento-de-vitoria-gasteiz-lanza-su-oferta-formativa-sobre-agricultura-ecologica\/"]}]},{"@type":"BreadcrumbList","@id":"https:\/\/www.uaga.eus\/el-ayuntamiento-de-vitoria-gasteiz-lanza-su-oferta-formativa-sobre-agricultura-ecologica\/#breadcrumb","itemListElement":[{"@type":"ListItem","position":1,"name":"Inicio","item":"https:\/\/www.uaga.eus\/"},{"@type":"ListItem","position":2,"name":"El ayuntamiento de Vitoria-Gasteiz lanza su oferta formativa sobre agricultura ecol\u00f3gica"}]},{"@type":"WebSite","@id":"https:\/\/www.uaga.eus\/#website","url":"https:\/\/www.uaga.eus\/","name":"UAGA","description":"Uni\u00f3n Agroganadera de \u00c1lava - Araba Nekazarien Elkartea","potentialAction":[{"@type":"SearchAction","target":{"@type":"EntryPoint","urlTemplate":"https:\/\/www.uaga.eus\/?s={search_term_string}"},"query-input":"required name=search_term_string"}],"inLanguage":"eu"},{"@type":"Person","@id":"https:\/\/www.uaga.eus\/#\/schema\/person\/48c3cbf0f33d1b788226dbb6518689cf","name":"Blanca S\u00e1nchez","image":{"@type":"ImageObject","inLanguage":"eu","@id":"https:\/\/www.uaga.eus\/#\/schema\/person\/image\/","url":"https:\/\/secure.gravatar.com\/avatar\/0dc91c20648254b1ce84877283f6751b?s=96&d=mm&r=g","contentUrl":"https:\/\/secure.gravatar.com\/avatar\/0dc91c20648254b1ce84877283f6751b?s=96&d=mm&r=g","caption":"Blanca S\u00e1nchez"},"url":"https:\/\/www.uaga.eus\/eu\/author\/bsanchez\/"}]}},"_links":{"self":[{"href":"https:\/\/www.uaga.eus\/eu\/wp-json\/wp\/v2\/posts\/6773"}],"collection":[{"href":"https:\/\/www.uaga.eus\/eu\/wp-json\/wp\/v2\/posts"}],"about":[{"href":"https:\/\/www.uaga.eus\/eu\/wp-json\/wp\/v2\/types\/post"}],"author":[{"embeddable":true,"href":"https:\/\/www.uaga.eus\/eu\/wp-json\/wp\/v2\/users\/4"}],"replies":[{"embeddable":true,"href":"https:\/\/www.uaga.eus\/eu\/wp-json\/wp\/v2\/comments?post=6773"}],"version-history":[{"count":1,"href":"https:\/\/www.uaga.eus\/eu\/wp-json\/wp\/v2\/posts\/6773\/revisions"}],"predecessor-version":[{"id":6774,"href":"https:\/\/www.uaga.eus\/eu\/wp-json\/wp\/v2\/posts\/6773\/revisions\/6774"}],"wp:featuredmedia":[{"embeddable":true,"href":"https:\/\/www.uaga.eus\/eu\/wp-json\/wp\/v2\/media\/2815"}],"wp:attachment":[{"href":"https:\/\/www.uaga.eus\/eu\/wp-json\/wp\/v2\/media?parent=6773"}],"wp:term":[{"taxonomy":"category","embeddable":true,"href":"https:\/\/www.uaga.eus\/eu\/wp-json\/wp\/v2\/categories?post=6773"},{"taxonomy":"post_tag","embeddable":true,"href":"https:\/\/www.uaga.eus\/eu\/wp-json\/wp\/v2\/tags?post=6773"}],"curies":[{"name":"wp","href":"https:\/\/api.w.org\/{rel}","templated":true}]}}