{"id":6725,"date":"2019-12-13T12:56:48","date_gmt":"2019-12-13T12:56:48","guid":{"rendered":"https:\/\/www.uaga.eus\/?p=6725"},"modified":"2020-03-18T11:25:48","modified_gmt":"2020-03-18T11:25:48","slug":"uaga-participa-en-el-pleno-del-foro-para-la-integracion-y-participacion-social-de-las-ciudadanas-y-los-ciudadanos-inmigrantes-en-el-pais-vasco","status":"publish","type":"post","link":"https:\/\/www.uaga.eus\/eu\/uaga-participa-en-el-pleno-del-foro-para-la-integracion-y-participacion-social-de-las-ciudadanas-y-los-ciudadanos-inmigrantes-en-el-pais-vasco\/","title":{"rendered":"UAGA participa en el pleno del Foro para la integraci\u00f3n y participaci\u00f3n social de las ciudadanas y los ciudadanos inmigrantes en el Pais Vasco"},"content":{"rendered":"<p>UAGA ha participado esta semana en el <strong>Foro para la Integraci\u00f3n y Participaci\u00f3n Social de las Ciudadanas y Ciudadanos Inmigrantes en el Pa\u00eds Vasco<\/strong>, al que tambi\u00e9n han asistido otras asociaciones as\u00ed como distintas Instituciones y Departamentos del Gobierno Vasco.<\/p>\n<p>El <strong>Pacto Social Vasco para la Migraci\u00f3n<\/strong> es un compromiso com\u00fan para la convivencia, que defiende\u00a0una sociedad m\u00e1s cohesionada, solidaria e igualitaria, que reivindica una ciudadan\u00eda inclusiva donde se reconozca que todas las personas tenemos los mismos derechos y que desea asegurar la convivencia social en igualdad.<\/p>\n<p>La presidenta del Pleno y Consejera del Departamento de empleo y pol\u00edticas sociales, Beatriz Artolazabal, anim\u00f3 a todos los agentes a adherirse al <a href=\"https:\/\/www.euskadi.eus\/contenidos\/informacion\/planes_estrategicos_inmigracio\/es_planes\/adjuntos\/PACTO-CASTELLANO-2018.pdf\" target=\"_blank\" rel=\"noopener\" data-cke-saved-href=\"https:\/\/www.euskadi.eus\/contenidos\/informacion\/planes_estrategicos_inmigracio\/es_planes\/adjuntos\/PACTO-CASTELLANO-2018.pdf\">Pacto Social<\/a> al que es posible adherirse tanto\u00a0a nivel de <a href=\"https:\/\/forms.office.com\/Pages\/ResponsePage.aspx?id=7W_IwaAKXkaSvluX4rWE-b5prjmnoYBHs4fE9CaK-ptUQTZYVUIzSjI3Rkc1VU1SVVc0OVZIUlpSMi4u\" target=\"_blank\" rel=\"noopener\" data-cke-saved-href=\"https:\/\/forms.office.com\/Pages\/ResponsePage.aspx?id=7W_IwaAKXkaSvluX4rWE-b5prjmnoYBHs4fE9CaK-ptUQTZYVUIzSjI3Rkc1VU1SVVc0OVZIUlpSMi4u\">organizaci\u00f3n<\/a> como <a href=\"https:\/\/forms.office.com\/Pages\/ResponsePage.aspx?id=7W_IwaAKXkaSvluX4rWE-b5prjmnoYBHs4fE9CaK-ptUNTdWME5VVkxMVU9RN1dVOFRYOVI3TTQ2SS4u\" target=\"_blank\" rel=\"noopener\" data-cke-saved-href=\"https:\/\/forms.office.com\/Pages\/ResponsePage.aspx?id=7W_IwaAKXkaSvluX4rWE-b5prjmnoYBHs4fE9CaK-ptUNTdWME5VVkxMVU9RN1dVOFRYOVI3TTQ2SS4u\">personal<\/a>.<\/p>\n<p>En el Foro se infom\u00f3 tambi\u00e9n sobre la propuesta Share\u00a0de <strong>distribuci\u00f3n de la responsabilidad europea ante el reto migratorio<\/strong>, que significa estar dispuesto a hacer un sitio con derechos y deberes a quienes vienen buscando un proyecto de vida,\u00a0asumiendo\u00a0que la respuesta al reto migratorio debe ser coordinada, ordenada y sostenible. Hasta la fecha se han adherido las comunidades de Melilla, Navarra, Canarias, Catalu\u00f1a y Euskadi.<\/p>\n<p>El Secretario General de Derechos Humanos, Convivencia y Cooperaci\u00f3n del Gobierno Vasco, Jonan Fern\u00e1ndez, present\u00f3\u00a0el <strong>Proyecto de Ley de Igualdad para todas las Religiones<\/strong>, que aprob\u00f3 el Gobierno Vasco este a\u00f1o. Este proyecto busca garantizar la igualdad de culto para todas las religiones, proteger la convivencia y diversidad de las confesiones y evitar cualquier tipo de discriminaci\u00f3n.<\/p>\n<p>Tambi\u00e9n se explic\u00f3 el <strong>traspaso de competencias en materia de acogida e integraci\u00f3n a personas refugiadas,<\/strong> del que actualmente se est\u00e1 desarrollando un proceso experimental en Euskadi.<\/p>\n<div>\u00a0+ info NURIA:\u00a0635 704 866<\/div>\n","protected":false},"excerpt":{"rendered":"<p>UAGA ha participado esta semana en el Foro para la Integraci\u00f3n y Participaci\u00f3n Social de las Ciudadanas y Ciudadanos Inmigrantes en el Pa\u00eds Vasco, al que tambi\u00e9n han asistido otras asociaciones as\u00ed como distintas Instituciones y Departamentos del Gobierno Vasco. El Pacto Social Vasco para la Migraci\u00f3n es un compromiso com\u00fan para la convivencia, que [&hellip;]<\/p>\n","protected":false},"author":4,"featured_media":6726,"comment_status":"closed","ping_status":"closed","sticky":false,"template":"","format":"standard","meta":{"footnotes":""},"categories":[37,9],"tags":[],"yoast_head":"<!-- This site is optimized with the Yoast SEO plugin v21.5 - https:\/\/yoast.com\/wordpress\/plugins\/seo\/ -->\n<title>UAGA participa en el pleno del Foro para la integraci\u00f3n y participaci\u00f3n social de las ciudadanas y los ciudadanos inmigrantes en el Pais Vasco - UAGA<\/title>\n<meta name=\"robots\" content=\"index, follow, max-snippet:-1, max-image-preview:large, max-video-preview:-1\" \/>\n<link rel=\"canonical\" href=\"https:\/\/www.uaga.eus\/uaga-participa-en-el-pleno-del-foro-para-la-integracion-y-participacion-social-de-las-ciudadanas-y-los-ciudadanos-inmigrantes-en-el-pais-vasco\/\" \/>\n<meta property=\"og:locale\" content=\"en_US\" \/>\n<meta property=\"og:type\" content=\"article\" \/>\n<meta property=\"og:title\" content=\"UAGA participa en el pleno del Foro para la integraci\u00f3n y participaci\u00f3n social de las ciudadanas y los ciudadanos inmigrantes en el Pais Vasco - UAGA\" \/>\n<meta property=\"og:description\" content=\"UAGA ha participado esta semana en el Foro para la Integraci\u00f3n y Participaci\u00f3n Social de las Ciudadanas y Ciudadanos Inmigrantes en el Pa\u00eds Vasco, al que tambi\u00e9n han asistido otras asociaciones as\u00ed como distintas Instituciones y Departamentos del Gobierno Vasco. El Pacto Social Vasco para la Migraci\u00f3n es un compromiso com\u00fan para la convivencia, que [&hellip;]\" \/>\n<meta property=\"og:url\" content=\"https:\/\/www.uaga.eus\/uaga-participa-en-el-pleno-del-foro-para-la-integracion-y-participacion-social-de-las-ciudadanas-y-los-ciudadanos-inmigrantes-en-el-pais-vasco\/\" \/>\n<meta property=\"og:site_name\" content=\"UAGA\" \/>\n<meta property=\"article:published_time\" content=\"2019-12-13T12:56:48+00:00\" \/>\n<meta property=\"article:modified_time\" content=\"2020-03-18T11:25:48+00:00\" \/>\n<meta property=\"og:image\" content=\"https:\/\/www.uaga.eus\/wp-content\/uploads\/2019\/12\/fiesta-temporeros.jpg\" \/>\n\t<meta property=\"og:image:width\" content=\"650\" \/>\n\t<meta property=\"og:image:height\" content=\"366\" \/>\n\t<meta property=\"og:image:type\" content=\"image\/jpeg\" \/>\n<meta name=\"author\" content=\"Blanca S\u00e1nchez\" \/>\n<meta name=\"twitter:card\" content=\"summary_large_image\" \/>\n<meta name=\"twitter:label1\" content=\"Written by\" \/>\n\t<meta name=\"twitter:data1\" content=\"Blanca S\u00e1nchez\" \/>\n\t<meta name=\"twitter:label2\" content=\"Est. reading time\" \/>\n\t<meta name=\"twitter:data2\" content=\"1 minutua\" \/>\n<script type=\"application\/ld+json\" class=\"yoast-schema-graph\">{\"@context\":\"https:\/\/schema.org\",\"@graph\":[{\"@type\":\"WebPage\",\"@id\":\"https:\/\/www.uaga.eus\/uaga-participa-en-el-pleno-del-foro-para-la-integracion-y-participacion-social-de-las-ciudadanas-y-los-ciudadanos-inmigrantes-en-el-pais-vasco\/\",\"url\":\"https:\/\/www.uaga.eus\/uaga-participa-en-el-pleno-del-foro-para-la-integracion-y-participacion-social-de-las-ciudadanas-y-los-ciudadanos-inmigrantes-en-el-pais-vasco\/\",\"name\":\"UAGA participa en el pleno del Foro para la integraci\u00f3n y participaci\u00f3n social de las ciudadanas y los ciudadanos inmigrantes en el Pais Vasco - UAGA\",\"isPartOf\":{\"@id\":\"https:\/\/www.uaga.eus\/#website\"},\"datePublished\":\"2019-12-13T12:56:48+00:00\",\"dateModified\":\"2020-03-18T11:25:48+00:00\",\"author\":{\"@id\":\"https:\/\/www.uaga.eus\/#\/schema\/person\/48c3cbf0f33d1b788226dbb6518689cf\"},\"breadcrumb\":{\"@id\":\"https:\/\/www.uaga.eus\/uaga-participa-en-el-pleno-del-foro-para-la-integracion-y-participacion-social-de-las-ciudadanas-y-los-ciudadanos-inmigrantes-en-el-pais-vasco\/#breadcrumb\"},\"inLanguage\":\"eu\",\"potentialAction\":[{\"@type\":\"ReadAction\",\"target\":[\"https:\/\/www.uaga.eus\/uaga-participa-en-el-pleno-del-foro-para-la-integracion-y-participacion-social-de-las-ciudadanas-y-los-ciudadanos-inmigrantes-en-el-pais-vasco\/\"]}]},{\"@type\":\"BreadcrumbList\",\"@id\":\"https:\/\/www.uaga.eus\/uaga-participa-en-el-pleno-del-foro-para-la-integracion-y-participacion-social-de-las-ciudadanas-y-los-ciudadanos-inmigrantes-en-el-pais-vasco\/#breadcrumb\",\"itemListElement\":[{\"@type\":\"ListItem\",\"position\":1,\"name\":\"Inicio\",\"item\":\"https:\/\/www.uaga.eus\/\"},{\"@type\":\"ListItem\",\"position\":2,\"name\":\"UAGA participa en el pleno del Foro para la integraci\u00f3n y participaci\u00f3n social de las ciudadanas y los ciudadanos inmigrantes en el Pais Vasco\"}]},{\"@type\":\"WebSite\",\"@id\":\"https:\/\/www.uaga.eus\/#website\",\"url\":\"https:\/\/www.uaga.eus\/\",\"name\":\"UAGA\",\"description\":\"Uni\u00f3n Agroganadera de \u00c1lava - Araba Nekazarien Elkartea\",\"potentialAction\":[{\"@type\":\"SearchAction\",\"target\":{\"@type\":\"EntryPoint\",\"urlTemplate\":\"https:\/\/www.uaga.eus\/?s={search_term_string}\"},\"query-input\":\"required name=search_term_string\"}],\"inLanguage\":\"eu\"},{\"@type\":\"Person\",\"@id\":\"https:\/\/www.uaga.eus\/#\/schema\/person\/48c3cbf0f33d1b788226dbb6518689cf\",\"name\":\"Blanca S\u00e1nchez\",\"image\":{\"@type\":\"ImageObject\",\"inLanguage\":\"eu\",\"@id\":\"https:\/\/www.uaga.eus\/#\/schema\/person\/image\/\",\"url\":\"https:\/\/secure.gravatar.com\/avatar\/0dc91c20648254b1ce84877283f6751b?s=96&d=mm&r=g\",\"contentUrl\":\"https:\/\/secure.gravatar.com\/avatar\/0dc91c20648254b1ce84877283f6751b?s=96&d=mm&r=g\",\"caption\":\"Blanca S\u00e1nchez\"},\"url\":\"https:\/\/www.uaga.eus\/eu\/author\/bsanchez\/\"}]}<\/script>\n<!-- \/ Yoast SEO plugin. -->","yoast_head_json":{"title":"UAGA participa en el pleno del Foro para la integraci\u00f3n y participaci\u00f3n social de las ciudadanas y los ciudadanos inmigrantes en el Pais Vasco - UAGA","robots":{"index":"index","follow":"follow","max-snippet":"max-snippet:-1","max-image-preview":"max-image-preview:large","max-video-preview":"max-video-preview:-1"},"canonical":"https:\/\/www.uaga.eus\/uaga-participa-en-el-pleno-del-foro-para-la-integracion-y-participacion-social-de-las-ciudadanas-y-los-ciudadanos-inmigrantes-en-el-pais-vasco\/","og_locale":"en_US","og_type":"article","og_title":"UAGA participa en el pleno del Foro para la integraci\u00f3n y participaci\u00f3n social de las ciudadanas y los ciudadanos inmigrantes en el Pais Vasco - UAGA","og_description":"UAGA ha participado esta semana en el Foro para la Integraci\u00f3n y Participaci\u00f3n Social de las Ciudadanas y Ciudadanos Inmigrantes en el Pa\u00eds Vasco, al que tambi\u00e9n han asistido otras asociaciones as\u00ed como distintas Instituciones y Departamentos del Gobierno Vasco. El Pacto Social Vasco para la Migraci\u00f3n es un compromiso com\u00fan para la convivencia, que [&hellip;]","og_url":"https:\/\/www.uaga.eus\/uaga-participa-en-el-pleno-del-foro-para-la-integracion-y-participacion-social-de-las-ciudadanas-y-los-ciudadanos-inmigrantes-en-el-pais-vasco\/","og_site_name":"UAGA","article_published_time":"2019-12-13T12:56:48+00:00","article_modified_time":"2020-03-18T11:25:48+00:00","og_image":[{"width":650,"height":366,"url":"https:\/\/www.uaga.eus\/wp-content\/uploads\/2019\/12\/fiesta-temporeros.jpg","type":"image\/jpeg"}],"author":"Blanca S\u00e1nchez","twitter_card":"summary_large_image","twitter_misc":{"Written by":"Blanca S\u00e1nchez","Est. reading time":"1 minutua"},"schema":{"@context":"https:\/\/schema.org","@graph":[{"@type":"WebPage","@id":"https:\/\/www.uaga.eus\/uaga-participa-en-el-pleno-del-foro-para-la-integracion-y-participacion-social-de-las-ciudadanas-y-los-ciudadanos-inmigrantes-en-el-pais-vasco\/","url":"https:\/\/www.uaga.eus\/uaga-participa-en-el-pleno-del-foro-para-la-integracion-y-participacion-social-de-las-ciudadanas-y-los-ciudadanos-inmigrantes-en-el-pais-vasco\/","name":"UAGA participa en el pleno del Foro para la integraci\u00f3n y participaci\u00f3n social de las ciudadanas y los ciudadanos inmigrantes en el Pais Vasco - UAGA","isPartOf":{"@id":"https:\/\/www.uaga.eus\/#website"},"datePublished":"2019-12-13T12:56:48+00:00","dateModified":"2020-03-18T11:25:48+00:00","author":{"@id":"https:\/\/www.uaga.eus\/#\/schema\/person\/48c3cbf0f33d1b788226dbb6518689cf"},"breadcrumb":{"@id":"https:\/\/www.uaga.eus\/uaga-participa-en-el-pleno-del-foro-para-la-integracion-y-participacion-social-de-las-ciudadanas-y-los-ciudadanos-inmigrantes-en-el-pais-vasco\/#breadcrumb"},"inLanguage":"eu","potentialAction":[{"@type":"ReadAction","target":["https:\/\/www.uaga.eus\/uaga-participa-en-el-pleno-del-foro-para-la-integracion-y-participacion-social-de-las-ciudadanas-y-los-ciudadanos-inmigrantes-en-el-pais-vasco\/"]}]},{"@type":"BreadcrumbList","@id":"https:\/\/www.uaga.eus\/uaga-participa-en-el-pleno-del-foro-para-la-integracion-y-participacion-social-de-las-ciudadanas-y-los-ciudadanos-inmigrantes-en-el-pais-vasco\/#breadcrumb","itemListElement":[{"@type":"ListItem","position":1,"name":"Inicio","item":"https:\/\/www.uaga.eus\/"},{"@type":"ListItem","position":2,"name":"UAGA participa en el pleno del Foro para la integraci\u00f3n y participaci\u00f3n social de las ciudadanas y los ciudadanos inmigrantes en el Pais Vasco"}]},{"@type":"WebSite","@id":"https:\/\/www.uaga.eus\/#website","url":"https:\/\/www.uaga.eus\/","name":"UAGA","description":"Uni\u00f3n Agroganadera de \u00c1lava - Araba Nekazarien Elkartea","potentialAction":[{"@type":"SearchAction","target":{"@type":"EntryPoint","urlTemplate":"https:\/\/www.uaga.eus\/?s={search_term_string}"},"query-input":"required name=search_term_string"}],"inLanguage":"eu"},{"@type":"Person","@id":"https:\/\/www.uaga.eus\/#\/schema\/person\/48c3cbf0f33d1b788226dbb6518689cf","name":"Blanca S\u00e1nchez","image":{"@type":"ImageObject","inLanguage":"eu","@id":"https:\/\/www.uaga.eus\/#\/schema\/person\/image\/","url":"https:\/\/secure.gravatar.com\/avatar\/0dc91c20648254b1ce84877283f6751b?s=96&d=mm&r=g","contentUrl":"https:\/\/secure.gravatar.com\/avatar\/0dc91c20648254b1ce84877283f6751b?s=96&d=mm&r=g","caption":"Blanca S\u00e1nchez"},"url":"https:\/\/www.uaga.eus\/eu\/author\/bsanchez\/"}]}},"_links":{"self":[{"href":"https:\/\/www.uaga.eus\/eu\/wp-json\/wp\/v2\/posts\/6725"}],"collection":[{"href":"https:\/\/www.uaga.eus\/eu\/wp-json\/wp\/v2\/posts"}],"about":[{"href":"https:\/\/www.uaga.eus\/eu\/wp-json\/wp\/v2\/types\/post"}],"author":[{"embeddable":true,"href":"https:\/\/www.uaga.eus\/eu\/wp-json\/wp\/v2\/users\/4"}],"replies":[{"embeddable":true,"href":"https:\/\/www.uaga.eus\/eu\/wp-json\/wp\/v2\/comments?post=6725"}],"version-history":[{"count":1,"href":"https:\/\/www.uaga.eus\/eu\/wp-json\/wp\/v2\/posts\/6725\/revisions"}],"predecessor-version":[{"id":6728,"href":"https:\/\/www.uaga.eus\/eu\/wp-json\/wp\/v2\/posts\/6725\/revisions\/6728"}],"wp:featuredmedia":[{"embeddable":true,"href":"https:\/\/www.uaga.eus\/eu\/wp-json\/wp\/v2\/media\/6726"}],"wp:attachment":[{"href":"https:\/\/www.uaga.eus\/eu\/wp-json\/wp\/v2\/media?parent=6725"}],"wp:term":[{"taxonomy":"category","embeddable":true,"href":"https:\/\/www.uaga.eus\/eu\/wp-json\/wp\/v2\/categories?post=6725"},{"taxonomy":"post_tag","embeddable":true,"href":"https:\/\/www.uaga.eus\/eu\/wp-json\/wp\/v2\/tags?post=6725"}],"curies":[{"name":"wp","href":"https:\/\/api.w.org\/{rel}","templated":true}]}}