{"id":6723,"date":"2019-12-13T12:54:34","date_gmt":"2019-12-13T12:54:34","guid":{"rendered":"https:\/\/www.uaga.eus\/?p=6723"},"modified":"2019-12-13T12:54:34","modified_gmt":"2019-12-13T12:54:34","slug":"uaga-participa-en-el-consejo-foral-para-la-igualdad","status":"publish","type":"post","link":"https:\/\/www.uaga.eus\/eu\/uaga-participa-en-el-consejo-foral-para-la-igualdad\/","title":{"rendered":"UAGA participa en el Consejo Foral para la Igualdad\u00a0"},"content":{"rendered":"<p>UAGA ha participado esta semana en el Consejo para la Igualdad de Diputaci\u00f3n en el que se inform\u00f3 sobre l\u00edneas que se van impulsar el pr\u00f3ximo a\u00f1o.<\/p>\n<p>Destaca la apuesta clara por el <strong>fomento de acciones de igualdad<\/strong> realidas por agentes sociales, por lo que ha aumentado el presupuesto de las ayudas para ejecutar pol\u00edticas de igualdad, que se publicaran en breve.<\/p>\n<p>Tambi\u00e9n se ha firmado un <strong>convenio con la Red de Mujeres del medio rural<\/strong>, con el fin impulsar su trabajo basado en\u00a0la cooperaci\u00f3n entre asociaciones, grupos de mujeres, mujeres y entidades que trabajan a favor de la Igualdad de oportunidades.<\/p>\n<p>Adem\u00e1s Diputaci\u00f3n ha aumentado el presupuesto de<strong> Laia Eskola, la Escuela para la igualdad y el empoderamiento de las mujeres de \u00c1lava<\/strong>, proyecto con gran incidencia en la provincia en cuanto al avance en igualdad.<\/p>\n<p>En el Consejo tambi\u00e9n se compartieron <strong>diversas experiencias<\/strong> por parte de diferentes grupos de mujeres, como la experiencia innovadora de interculturalidad creando espacios de encuentros entre mujeres magreb\u00edes y mujeres aut\u00f3ctonas en Mendialdea, rompiendo mitos y perjuicios.<\/p>\n<p>Puedes consultar el IV Plan Foral para la Igualdad de Mujeres y Hombres en \u00c1lava en el siguiente <a href=\"https:\/\/gallery.mailchimp.com\/498b950ccfc4b8d0e600d7e48\/files\/2515280e-b36a-4fb6-83d5-539703bfb448\/IVPlanForalIgualdad_Documento_Final_CAS.pdf\" target=\"_blank\" rel=\"noopener\" data-cke-saved-href=\"https:\/\/gallery.mailchimp.com\/498b950ccfc4b8d0e600d7e48\/files\/2515280e-b36a-4fb6-83d5-539703bfb448\/IVPlanForalIgualdad_Documento_Final_CAS.pdf\">enlace<\/a>.<\/p>\n<div>+ info NURIA:\u00a0635 704 866<\/div>\n","protected":false},"excerpt":{"rendered":"<p>UAGA ha participado esta semana en el Consejo para la Igualdad de Diputaci\u00f3n en el que se inform\u00f3 sobre l\u00edneas que se van impulsar el pr\u00f3ximo a\u00f1o. Destaca la apuesta clara por el fomento de acciones de igualdad realidas por agentes sociales, por lo que ha aumentado el presupuesto de las ayudas para ejecutar pol\u00edticas [&hellip;]<\/p>\n","protected":false},"author":4,"featured_media":6226,"comment_status":"closed","ping_status":"closed","sticky":false,"template":"","format":"standard","meta":{"footnotes":""},"categories":[37],"tags":[],"yoast_head":"<!-- This site is optimized with the Yoast SEO plugin v21.5 - https:\/\/yoast.com\/wordpress\/plugins\/seo\/ -->\n<title>UAGA participa en el Consejo Foral para la Igualdad\u00a0 - UAGA<\/title>\n<meta name=\"robots\" content=\"index, follow, max-snippet:-1, max-image-preview:large, max-video-preview:-1\" \/>\n<link rel=\"canonical\" href=\"https:\/\/www.uaga.eus\/uaga-participa-en-el-consejo-foral-para-la-igualdad\/\" \/>\n<meta property=\"og:locale\" content=\"en_US\" \/>\n<meta property=\"og:type\" content=\"article\" \/>\n<meta property=\"og:title\" content=\"UAGA participa en el Consejo Foral para la Igualdad\u00a0 - UAGA\" \/>\n<meta property=\"og:description\" content=\"UAGA ha participado esta semana en el Consejo para la Igualdad de Diputaci\u00f3n en el que se inform\u00f3 sobre l\u00edneas que se van impulsar el pr\u00f3ximo a\u00f1o. Destaca la apuesta clara por el fomento de acciones de igualdad realidas por agentes sociales, por lo que ha aumentado el presupuesto de las ayudas para ejecutar pol\u00edticas [&hellip;]\" \/>\n<meta property=\"og:url\" content=\"https:\/\/www.uaga.eus\/uaga-participa-en-el-consejo-foral-para-la-igualdad\/\" \/>\n<meta property=\"og:site_name\" content=\"UAGA\" \/>\n<meta property=\"article:published_time\" content=\"2019-12-13T12:54:34+00:00\" \/>\n<meta property=\"og:image\" content=\"https:\/\/www.uaga.eus\/wp-content\/uploads\/2019\/06\/encuentro-mujeres-cooperativas.jpg\" \/>\n\t<meta property=\"og:image:width\" content=\"650\" \/>\n\t<meta property=\"og:image:height\" content=\"344\" \/>\n\t<meta property=\"og:image:type\" content=\"image\/jpeg\" \/>\n<meta name=\"author\" content=\"Blanca S\u00e1nchez\" \/>\n<meta name=\"twitter:card\" content=\"summary_large_image\" \/>\n<meta name=\"twitter:label1\" content=\"Written by\" \/>\n\t<meta name=\"twitter:data1\" content=\"Blanca S\u00e1nchez\" \/>\n\t<meta name=\"twitter:label2\" content=\"Est. reading time\" \/>\n\t<meta name=\"twitter:data2\" content=\"1 minutua\" \/>\n<script type=\"application\/ld+json\" class=\"yoast-schema-graph\">{\"@context\":\"https:\/\/schema.org\",\"@graph\":[{\"@type\":\"WebPage\",\"@id\":\"https:\/\/www.uaga.eus\/uaga-participa-en-el-consejo-foral-para-la-igualdad\/\",\"url\":\"https:\/\/www.uaga.eus\/uaga-participa-en-el-consejo-foral-para-la-igualdad\/\",\"name\":\"UAGA participa en el Consejo Foral para la Igualdad\u00a0 - UAGA\",\"isPartOf\":{\"@id\":\"https:\/\/www.uaga.eus\/#website\"},\"datePublished\":\"2019-12-13T12:54:34+00:00\",\"dateModified\":\"2019-12-13T12:54:34+00:00\",\"author\":{\"@id\":\"https:\/\/www.uaga.eus\/#\/schema\/person\/48c3cbf0f33d1b788226dbb6518689cf\"},\"breadcrumb\":{\"@id\":\"https:\/\/www.uaga.eus\/uaga-participa-en-el-consejo-foral-para-la-igualdad\/#breadcrumb\"},\"inLanguage\":\"eu\",\"potentialAction\":[{\"@type\":\"ReadAction\",\"target\":[\"https:\/\/www.uaga.eus\/uaga-participa-en-el-consejo-foral-para-la-igualdad\/\"]}]},{\"@type\":\"BreadcrumbList\",\"@id\":\"https:\/\/www.uaga.eus\/uaga-participa-en-el-consejo-foral-para-la-igualdad\/#breadcrumb\",\"itemListElement\":[{\"@type\":\"ListItem\",\"position\":1,\"name\":\"Inicio\",\"item\":\"https:\/\/www.uaga.eus\/\"},{\"@type\":\"ListItem\",\"position\":2,\"name\":\"UAGA participa en el Consejo Foral para la Igualdad\u00a0\"}]},{\"@type\":\"WebSite\",\"@id\":\"https:\/\/www.uaga.eus\/#website\",\"url\":\"https:\/\/www.uaga.eus\/\",\"name\":\"UAGA\",\"description\":\"Uni\u00f3n Agroganadera de \u00c1lava - Araba Nekazarien Elkartea\",\"potentialAction\":[{\"@type\":\"SearchAction\",\"target\":{\"@type\":\"EntryPoint\",\"urlTemplate\":\"https:\/\/www.uaga.eus\/?s={search_term_string}\"},\"query-input\":\"required name=search_term_string\"}],\"inLanguage\":\"eu\"},{\"@type\":\"Person\",\"@id\":\"https:\/\/www.uaga.eus\/#\/schema\/person\/48c3cbf0f33d1b788226dbb6518689cf\",\"name\":\"Blanca S\u00e1nchez\",\"image\":{\"@type\":\"ImageObject\",\"inLanguage\":\"eu\",\"@id\":\"https:\/\/www.uaga.eus\/#\/schema\/person\/image\/\",\"url\":\"https:\/\/secure.gravatar.com\/avatar\/0dc91c20648254b1ce84877283f6751b?s=96&d=mm&r=g\",\"contentUrl\":\"https:\/\/secure.gravatar.com\/avatar\/0dc91c20648254b1ce84877283f6751b?s=96&d=mm&r=g\",\"caption\":\"Blanca S\u00e1nchez\"},\"url\":\"https:\/\/www.uaga.eus\/eu\/author\/bsanchez\/\"}]}<\/script>\n<!-- \/ Yoast SEO plugin. -->","yoast_head_json":{"title":"UAGA participa en el Consejo Foral para la Igualdad\u00a0 - UAGA","robots":{"index":"index","follow":"follow","max-snippet":"max-snippet:-1","max-image-preview":"max-image-preview:large","max-video-preview":"max-video-preview:-1"},"canonical":"https:\/\/www.uaga.eus\/uaga-participa-en-el-consejo-foral-para-la-igualdad\/","og_locale":"en_US","og_type":"article","og_title":"UAGA participa en el Consejo Foral para la Igualdad\u00a0 - UAGA","og_description":"UAGA ha participado esta semana en el Consejo para la Igualdad de Diputaci\u00f3n en el que se inform\u00f3 sobre l\u00edneas que se van impulsar el pr\u00f3ximo a\u00f1o. Destaca la apuesta clara por el fomento de acciones de igualdad realidas por agentes sociales, por lo que ha aumentado el presupuesto de las ayudas para ejecutar pol\u00edticas [&hellip;]","og_url":"https:\/\/www.uaga.eus\/uaga-participa-en-el-consejo-foral-para-la-igualdad\/","og_site_name":"UAGA","article_published_time":"2019-12-13T12:54:34+00:00","og_image":[{"width":650,"height":344,"url":"https:\/\/www.uaga.eus\/wp-content\/uploads\/2019\/06\/encuentro-mujeres-cooperativas.jpg","type":"image\/jpeg"}],"author":"Blanca S\u00e1nchez","twitter_card":"summary_large_image","twitter_misc":{"Written by":"Blanca S\u00e1nchez","Est. reading time":"1 minutua"},"schema":{"@context":"https:\/\/schema.org","@graph":[{"@type":"WebPage","@id":"https:\/\/www.uaga.eus\/uaga-participa-en-el-consejo-foral-para-la-igualdad\/","url":"https:\/\/www.uaga.eus\/uaga-participa-en-el-consejo-foral-para-la-igualdad\/","name":"UAGA participa en el Consejo Foral para la Igualdad\u00a0 - UAGA","isPartOf":{"@id":"https:\/\/www.uaga.eus\/#website"},"datePublished":"2019-12-13T12:54:34+00:00","dateModified":"2019-12-13T12:54:34+00:00","author":{"@id":"https:\/\/www.uaga.eus\/#\/schema\/person\/48c3cbf0f33d1b788226dbb6518689cf"},"breadcrumb":{"@id":"https:\/\/www.uaga.eus\/uaga-participa-en-el-consejo-foral-para-la-igualdad\/#breadcrumb"},"inLanguage":"eu","potentialAction":[{"@type":"ReadAction","target":["https:\/\/www.uaga.eus\/uaga-participa-en-el-consejo-foral-para-la-igualdad\/"]}]},{"@type":"BreadcrumbList","@id":"https:\/\/www.uaga.eus\/uaga-participa-en-el-consejo-foral-para-la-igualdad\/#breadcrumb","itemListElement":[{"@type":"ListItem","position":1,"name":"Inicio","item":"https:\/\/www.uaga.eus\/"},{"@type":"ListItem","position":2,"name":"UAGA participa en el Consejo Foral para la Igualdad\u00a0"}]},{"@type":"WebSite","@id":"https:\/\/www.uaga.eus\/#website","url":"https:\/\/www.uaga.eus\/","name":"UAGA","description":"Uni\u00f3n Agroganadera de \u00c1lava - Araba Nekazarien Elkartea","potentialAction":[{"@type":"SearchAction","target":{"@type":"EntryPoint","urlTemplate":"https:\/\/www.uaga.eus\/?s={search_term_string}"},"query-input":"required name=search_term_string"}],"inLanguage":"eu"},{"@type":"Person","@id":"https:\/\/www.uaga.eus\/#\/schema\/person\/48c3cbf0f33d1b788226dbb6518689cf","name":"Blanca S\u00e1nchez","image":{"@type":"ImageObject","inLanguage":"eu","@id":"https:\/\/www.uaga.eus\/#\/schema\/person\/image\/","url":"https:\/\/secure.gravatar.com\/avatar\/0dc91c20648254b1ce84877283f6751b?s=96&d=mm&r=g","contentUrl":"https:\/\/secure.gravatar.com\/avatar\/0dc91c20648254b1ce84877283f6751b?s=96&d=mm&r=g","caption":"Blanca S\u00e1nchez"},"url":"https:\/\/www.uaga.eus\/eu\/author\/bsanchez\/"}]}},"_links":{"self":[{"href":"https:\/\/www.uaga.eus\/eu\/wp-json\/wp\/v2\/posts\/6723"}],"collection":[{"href":"https:\/\/www.uaga.eus\/eu\/wp-json\/wp\/v2\/posts"}],"about":[{"href":"https:\/\/www.uaga.eus\/eu\/wp-json\/wp\/v2\/types\/post"}],"author":[{"embeddable":true,"href":"https:\/\/www.uaga.eus\/eu\/wp-json\/wp\/v2\/users\/4"}],"replies":[{"embeddable":true,"href":"https:\/\/www.uaga.eus\/eu\/wp-json\/wp\/v2\/comments?post=6723"}],"version-history":[{"count":1,"href":"https:\/\/www.uaga.eus\/eu\/wp-json\/wp\/v2\/posts\/6723\/revisions"}],"predecessor-version":[{"id":6724,"href":"https:\/\/www.uaga.eus\/eu\/wp-json\/wp\/v2\/posts\/6723\/revisions\/6724"}],"wp:featuredmedia":[{"embeddable":true,"href":"https:\/\/www.uaga.eus\/eu\/wp-json\/wp\/v2\/media\/6226"}],"wp:attachment":[{"href":"https:\/\/www.uaga.eus\/eu\/wp-json\/wp\/v2\/media?parent=6723"}],"wp:term":[{"taxonomy":"category","embeddable":true,"href":"https:\/\/www.uaga.eus\/eu\/wp-json\/wp\/v2\/categories?post=6723"},{"taxonomy":"post_tag","embeddable":true,"href":"https:\/\/www.uaga.eus\/eu\/wp-json\/wp\/v2\/tags?post=6723"}],"curies":[{"name":"wp","href":"https:\/\/api.w.org\/{rel}","templated":true}]}}