{"id":6721,"date":"2019-12-13T12:53:23","date_gmt":"2019-12-13T12:53:23","guid":{"rendered":"https:\/\/www.uaga.eus\/?p=6721"},"modified":"2019-12-13T12:53:23","modified_gmt":"2019-12-13T12:53:23","slug":"gobierno-vasco-publica-el-observatorio-alimentario-vasco-del-mes-de-noviembre","status":"publish","type":"post","link":"https:\/\/www.uaga.eus\/eu\/gobierno-vasco-publica-el-observatorio-alimentario-vasco-del-mes-de-noviembre\/","title":{"rendered":"Gobierno Vasco publica el observatorio alimentario vasco del mes de noviembre"},"content":{"rendered":"<p>El informe de coyuntura sobre el sector agroalimentario que elabora HAZI \u00a0para el Departamento de Agricultura del Gobierno Vasco, aporta este mes informaci\u00f3n sobre los el sector forestal en el Pa\u00eds Vasco, la balanza comercial\u00a0de la Industria de la Alimentaci\u00f3n y Bebidas\u00a0vasca, la evoluci\u00f3n del sector l\u00e1cteo, o la situaci\u00f3n de los diferentes cultivos, entre otros asuntos.<\/p>\n<p>Puedes ver el bolet\u00edn completo <a href=\"http:\/\/www.nasdap.net\/estadisticas\/preciosorigendestino\/boletinagoralimentarioypesquero\/Historicos_Agroalimentario\/Behatoki_agroalimentario_11_12_2019.pdf#page=3\" target=\"_blank\" rel=\"noopener\" data-cke-saved-href=\"http:\/\/www.nasdap.net\/estadisticas\/preciosorigendestino\/boletinagoralimentarioypesquero\/Historicos_Agroalimentario\/Behatoki_agroalimentario_11_12_2019.pdf#page=3\">aqu\u00ed<\/a>.<\/p>\n","protected":false},"excerpt":{"rendered":"<p>El informe de coyuntura sobre el sector agroalimentario que elabora HAZI \u00a0para el Departamento de Agricultura del Gobierno Vasco, aporta este mes informaci\u00f3n sobre los el sector forestal en el Pa\u00eds Vasco, la balanza comercial\u00a0de la Industria de la Alimentaci\u00f3n y Bebidas\u00a0vasca, la evoluci\u00f3n del sector l\u00e1cteo, o la situaci\u00f3n de los diferentes cultivos, entre [&hellip;]<\/p>\n","protected":false},"author":4,"featured_media":6060,"comment_status":"closed","ping_status":"closed","sticky":false,"template":"","format":"standard","meta":{"footnotes":""},"categories":[7,8],"tags":[],"yoast_head":"<!-- This site is optimized with the Yoast SEO plugin v21.5 - https:\/\/yoast.com\/wordpress\/plugins\/seo\/ -->\n<title>Gobierno Vasco publica el observatorio alimentario vasco del mes de noviembre - UAGA<\/title>\n<meta name=\"robots\" content=\"index, follow, max-snippet:-1, max-image-preview:large, max-video-preview:-1\" \/>\n<link rel=\"canonical\" href=\"https:\/\/www.uaga.eus\/gobierno-vasco-publica-el-observatorio-alimentario-vasco-del-mes-de-noviembre\/\" \/>\n<meta property=\"og:locale\" content=\"en_US\" \/>\n<meta property=\"og:type\" content=\"article\" \/>\n<meta property=\"og:title\" content=\"Gobierno Vasco publica el observatorio alimentario vasco del mes de noviembre - UAGA\" \/>\n<meta property=\"og:description\" content=\"El informe de coyuntura sobre el sector agroalimentario que elabora HAZI \u00a0para el Departamento de Agricultura del Gobierno Vasco, aporta este mes informaci\u00f3n sobre los el sector forestal en el Pa\u00eds Vasco, la balanza comercial\u00a0de la Industria de la Alimentaci\u00f3n y Bebidas\u00a0vasca, la evoluci\u00f3n del sector l\u00e1cteo, o la situaci\u00f3n de los diferentes cultivos, entre [&hellip;]\" \/>\n<meta property=\"og:url\" content=\"https:\/\/www.uaga.eus\/gobierno-vasco-publica-el-observatorio-alimentario-vasco-del-mes-de-noviembre\/\" \/>\n<meta property=\"og:site_name\" content=\"UAGA\" \/>\n<meta property=\"article:published_time\" content=\"2019-12-13T12:53:23+00:00\" \/>\n<meta property=\"og:image\" content=\"https:\/\/www.uaga.eus\/wp-content\/uploads\/2019\/05\/behatoki-logo.jpg\" \/>\n\t<meta property=\"og:image:width\" content=\"787\" \/>\n\t<meta property=\"og:image:height\" content=\"165\" \/>\n\t<meta property=\"og:image:type\" content=\"image\/jpeg\" \/>\n<meta name=\"author\" content=\"Blanca S\u00e1nchez\" \/>\n<meta name=\"twitter:card\" content=\"summary_large_image\" \/>\n<meta name=\"twitter:label1\" content=\"Written by\" \/>\n\t<meta name=\"twitter:data1\" content=\"Blanca S\u00e1nchez\" \/>\n<script type=\"application\/ld+json\" class=\"yoast-schema-graph\">{\"@context\":\"https:\/\/schema.org\",\"@graph\":[{\"@type\":\"WebPage\",\"@id\":\"https:\/\/www.uaga.eus\/gobierno-vasco-publica-el-observatorio-alimentario-vasco-del-mes-de-noviembre\/\",\"url\":\"https:\/\/www.uaga.eus\/gobierno-vasco-publica-el-observatorio-alimentario-vasco-del-mes-de-noviembre\/\",\"name\":\"Gobierno Vasco publica el observatorio alimentario vasco del mes de noviembre - UAGA\",\"isPartOf\":{\"@id\":\"https:\/\/www.uaga.eus\/#website\"},\"datePublished\":\"2019-12-13T12:53:23+00:00\",\"dateModified\":\"2019-12-13T12:53:23+00:00\",\"author\":{\"@id\":\"https:\/\/www.uaga.eus\/#\/schema\/person\/48c3cbf0f33d1b788226dbb6518689cf\"},\"breadcrumb\":{\"@id\":\"https:\/\/www.uaga.eus\/gobierno-vasco-publica-el-observatorio-alimentario-vasco-del-mes-de-noviembre\/#breadcrumb\"},\"inLanguage\":\"eu\",\"potentialAction\":[{\"@type\":\"ReadAction\",\"target\":[\"https:\/\/www.uaga.eus\/gobierno-vasco-publica-el-observatorio-alimentario-vasco-del-mes-de-noviembre\/\"]}]},{\"@type\":\"BreadcrumbList\",\"@id\":\"https:\/\/www.uaga.eus\/gobierno-vasco-publica-el-observatorio-alimentario-vasco-del-mes-de-noviembre\/#breadcrumb\",\"itemListElement\":[{\"@type\":\"ListItem\",\"position\":1,\"name\":\"Inicio\",\"item\":\"https:\/\/www.uaga.eus\/\"},{\"@type\":\"ListItem\",\"position\":2,\"name\":\"Gobierno Vasco publica el observatorio alimentario vasco del mes de noviembre\"}]},{\"@type\":\"WebSite\",\"@id\":\"https:\/\/www.uaga.eus\/#website\",\"url\":\"https:\/\/www.uaga.eus\/\",\"name\":\"UAGA\",\"description\":\"Uni\u00f3n Agroganadera de \u00c1lava - Araba Nekazarien Elkartea\",\"potentialAction\":[{\"@type\":\"SearchAction\",\"target\":{\"@type\":\"EntryPoint\",\"urlTemplate\":\"https:\/\/www.uaga.eus\/?s={search_term_string}\"},\"query-input\":\"required name=search_term_string\"}],\"inLanguage\":\"eu\"},{\"@type\":\"Person\",\"@id\":\"https:\/\/www.uaga.eus\/#\/schema\/person\/48c3cbf0f33d1b788226dbb6518689cf\",\"name\":\"Blanca S\u00e1nchez\",\"image\":{\"@type\":\"ImageObject\",\"inLanguage\":\"eu\",\"@id\":\"https:\/\/www.uaga.eus\/#\/schema\/person\/image\/\",\"url\":\"https:\/\/secure.gravatar.com\/avatar\/0dc91c20648254b1ce84877283f6751b?s=96&d=mm&r=g\",\"contentUrl\":\"https:\/\/secure.gravatar.com\/avatar\/0dc91c20648254b1ce84877283f6751b?s=96&d=mm&r=g\",\"caption\":\"Blanca S\u00e1nchez\"},\"url\":\"https:\/\/www.uaga.eus\/eu\/author\/bsanchez\/\"}]}<\/script>\n<!-- \/ Yoast SEO plugin. -->","yoast_head_json":{"title":"Gobierno Vasco publica el observatorio alimentario vasco del mes de noviembre - UAGA","robots":{"index":"index","follow":"follow","max-snippet":"max-snippet:-1","max-image-preview":"max-image-preview:large","max-video-preview":"max-video-preview:-1"},"canonical":"https:\/\/www.uaga.eus\/gobierno-vasco-publica-el-observatorio-alimentario-vasco-del-mes-de-noviembre\/","og_locale":"en_US","og_type":"article","og_title":"Gobierno Vasco publica el observatorio alimentario vasco del mes de noviembre - UAGA","og_description":"El informe de coyuntura sobre el sector agroalimentario que elabora HAZI \u00a0para el Departamento de Agricultura del Gobierno Vasco, aporta este mes informaci\u00f3n sobre los el sector forestal en el Pa\u00eds Vasco, la balanza comercial\u00a0de la Industria de la Alimentaci\u00f3n y Bebidas\u00a0vasca, la evoluci\u00f3n del sector l\u00e1cteo, o la situaci\u00f3n de los diferentes cultivos, entre [&hellip;]","og_url":"https:\/\/www.uaga.eus\/gobierno-vasco-publica-el-observatorio-alimentario-vasco-del-mes-de-noviembre\/","og_site_name":"UAGA","article_published_time":"2019-12-13T12:53:23+00:00","og_image":[{"width":787,"height":165,"url":"https:\/\/www.uaga.eus\/wp-content\/uploads\/2019\/05\/behatoki-logo.jpg","type":"image\/jpeg"}],"author":"Blanca S\u00e1nchez","twitter_card":"summary_large_image","twitter_misc":{"Written by":"Blanca S\u00e1nchez"},"schema":{"@context":"https:\/\/schema.org","@graph":[{"@type":"WebPage","@id":"https:\/\/www.uaga.eus\/gobierno-vasco-publica-el-observatorio-alimentario-vasco-del-mes-de-noviembre\/","url":"https:\/\/www.uaga.eus\/gobierno-vasco-publica-el-observatorio-alimentario-vasco-del-mes-de-noviembre\/","name":"Gobierno Vasco publica el observatorio alimentario vasco del mes de noviembre - UAGA","isPartOf":{"@id":"https:\/\/www.uaga.eus\/#website"},"datePublished":"2019-12-13T12:53:23+00:00","dateModified":"2019-12-13T12:53:23+00:00","author":{"@id":"https:\/\/www.uaga.eus\/#\/schema\/person\/48c3cbf0f33d1b788226dbb6518689cf"},"breadcrumb":{"@id":"https:\/\/www.uaga.eus\/gobierno-vasco-publica-el-observatorio-alimentario-vasco-del-mes-de-noviembre\/#breadcrumb"},"inLanguage":"eu","potentialAction":[{"@type":"ReadAction","target":["https:\/\/www.uaga.eus\/gobierno-vasco-publica-el-observatorio-alimentario-vasco-del-mes-de-noviembre\/"]}]},{"@type":"BreadcrumbList","@id":"https:\/\/www.uaga.eus\/gobierno-vasco-publica-el-observatorio-alimentario-vasco-del-mes-de-noviembre\/#breadcrumb","itemListElement":[{"@type":"ListItem","position":1,"name":"Inicio","item":"https:\/\/www.uaga.eus\/"},{"@type":"ListItem","position":2,"name":"Gobierno Vasco publica el observatorio alimentario vasco del mes de noviembre"}]},{"@type":"WebSite","@id":"https:\/\/www.uaga.eus\/#website","url":"https:\/\/www.uaga.eus\/","name":"UAGA","description":"Uni\u00f3n Agroganadera de \u00c1lava - Araba Nekazarien Elkartea","potentialAction":[{"@type":"SearchAction","target":{"@type":"EntryPoint","urlTemplate":"https:\/\/www.uaga.eus\/?s={search_term_string}"},"query-input":"required name=search_term_string"}],"inLanguage":"eu"},{"@type":"Person","@id":"https:\/\/www.uaga.eus\/#\/schema\/person\/48c3cbf0f33d1b788226dbb6518689cf","name":"Blanca S\u00e1nchez","image":{"@type":"ImageObject","inLanguage":"eu","@id":"https:\/\/www.uaga.eus\/#\/schema\/person\/image\/","url":"https:\/\/secure.gravatar.com\/avatar\/0dc91c20648254b1ce84877283f6751b?s=96&d=mm&r=g","contentUrl":"https:\/\/secure.gravatar.com\/avatar\/0dc91c20648254b1ce84877283f6751b?s=96&d=mm&r=g","caption":"Blanca S\u00e1nchez"},"url":"https:\/\/www.uaga.eus\/eu\/author\/bsanchez\/"}]}},"_links":{"self":[{"href":"https:\/\/www.uaga.eus\/eu\/wp-json\/wp\/v2\/posts\/6721"}],"collection":[{"href":"https:\/\/www.uaga.eus\/eu\/wp-json\/wp\/v2\/posts"}],"about":[{"href":"https:\/\/www.uaga.eus\/eu\/wp-json\/wp\/v2\/types\/post"}],"author":[{"embeddable":true,"href":"https:\/\/www.uaga.eus\/eu\/wp-json\/wp\/v2\/users\/4"}],"replies":[{"embeddable":true,"href":"https:\/\/www.uaga.eus\/eu\/wp-json\/wp\/v2\/comments?post=6721"}],"version-history":[{"count":1,"href":"https:\/\/www.uaga.eus\/eu\/wp-json\/wp\/v2\/posts\/6721\/revisions"}],"predecessor-version":[{"id":6722,"href":"https:\/\/www.uaga.eus\/eu\/wp-json\/wp\/v2\/posts\/6721\/revisions\/6722"}],"wp:featuredmedia":[{"embeddable":true,"href":"https:\/\/www.uaga.eus\/eu\/wp-json\/wp\/v2\/media\/6060"}],"wp:attachment":[{"href":"https:\/\/www.uaga.eus\/eu\/wp-json\/wp\/v2\/media?parent=6721"}],"wp:term":[{"taxonomy":"category","embeddable":true,"href":"https:\/\/www.uaga.eus\/eu\/wp-json\/wp\/v2\/categories?post=6721"},{"taxonomy":"post_tag","embeddable":true,"href":"https:\/\/www.uaga.eus\/eu\/wp-json\/wp\/v2\/tags?post=6721"}],"curies":[{"name":"wp","href":"https:\/\/api.w.org\/{rel}","templated":true}]}}