{"id":6710,"date":"2019-12-05T12:07:06","date_gmt":"2019-12-05T12:07:06","guid":{"rendered":"https:\/\/www.uaga.eus\/?p=6710"},"modified":"2020-03-18T11:27:19","modified_gmt":"2020-03-18T11:27:19","slug":"coag-alerta-de-que-los-precios-del-azucar-no-estan-llegando-a-los-ratios-estimados-por-azucarera-para-el-pago-de-complementos","status":"publish","type":"post","link":"https:\/\/www.uaga.eus\/eu\/coag-alerta-de-que-los-precios-del-azucar-no-estan-llegando-a-los-ratios-estimados-por-azucarera-para-el-pago-de-complementos\/","title":{"rendered":"COAG alerta de que los precios del az\u00facar no est\u00e1n llegando a los ratios estimados por Azucarera para el pago de complementos"},"content":{"rendered":"<p><span style=\"font-family: arial, helvetica neue, helvetica, sans-serif;\">COAG, organizaci\u00f3n estatal a la que pertenece UAGA, ha remitido esta semana una nota a los medios de comunicaci\u00f3n para alertar de que los precios del az\u00facar no est\u00e1n alcanzando los niveles estimados por Azucarera para el pago de los complementos. Esta situaci\u00f3n puede conllevar que, el a\u00f1o pr\u00f3ximo, los remolacheros tengan que devolver los importes percibidos durante esta campa\u00f1a como anticipo.<\/span><\/p>\n<p>COAG considera que Azucarera est\u00e1 realizando una campa\u00f1a de marketing, con el objetivo de aumentar su contrataci\u00f3n bas\u00e1ndose en estimaciones que no son otra cosa que un \u201cbrindis al sol\u201d<strong>.<\/strong><\/p>\n<p><span style=\"font-family: arial, helvetica neue, helvetica, sans-serif;\">Puedes consultar aqu\u00ed la <a href=\"https:\/\/gallery.mailchimp.com\/498b950ccfc4b8d0e600d7e48\/files\/bb5603db-1d5f-4061-a64f-2ef7abb0b474\/03122019_COAG_ante_anticipios_de_Azucarera_para_remolacha.pdf\" target=\"_blank\" rel=\"noopener\" data-cke-saved-href=\"https:\/\/gallery.mailchimp.com\/498b950ccfc4b8d0e600d7e48\/files\/bb5603db-1d5f-4061-a64f-2ef7abb0b474\/03122019_COAG_ante_anticipios_de_Azucarera_para_remolacha.pdf\">nota de prensa<\/a> de COAG<\/span><\/p>\n<p>+ info YOLANDA: 615 779 584<\/p>\n","protected":false},"excerpt":{"rendered":"<p>COAG, organizaci\u00f3n estatal a la que pertenece UAGA, ha remitido esta semana una nota a los medios de comunicaci\u00f3n para alertar de que los precios del az\u00facar no est\u00e1n alcanzando los niveles estimados por Azucarera para el pago de los complementos. Esta situaci\u00f3n puede conllevar que, el a\u00f1o pr\u00f3ximo, los remolacheros tengan que devolver los [&hellip;]<\/p>\n","protected":false},"author":4,"featured_media":2674,"comment_status":"closed","ping_status":"closed","sticky":false,"template":"","format":"standard","meta":{"footnotes":""},"categories":[7],"tags":[],"yoast_head":"<!-- This site is optimized with the Yoast SEO plugin v21.5 - https:\/\/yoast.com\/wordpress\/plugins\/seo\/ -->\n<title>COAG alerta de que los precios del az\u00facar no est\u00e1n llegando a los ratios estimados por Azucarera para el pago de complementos - UAGA<\/title>\n<meta name=\"robots\" content=\"index, follow, max-snippet:-1, max-image-preview:large, max-video-preview:-1\" \/>\n<link rel=\"canonical\" href=\"https:\/\/www.uaga.eus\/coag-alerta-de-que-los-precios-del-azucar-no-estan-llegando-a-los-ratios-estimados-por-azucarera-para-el-pago-de-complementos\/\" \/>\n<meta property=\"og:locale\" content=\"en_US\" \/>\n<meta property=\"og:type\" content=\"article\" \/>\n<meta property=\"og:title\" content=\"COAG alerta de que los precios del az\u00facar no est\u00e1n llegando a los ratios estimados por Azucarera para el pago de complementos - UAGA\" \/>\n<meta property=\"og:description\" content=\"COAG, organizaci\u00f3n estatal a la que pertenece UAGA, ha remitido esta semana una nota a los medios de comunicaci\u00f3n para alertar de que los precios del az\u00facar no est\u00e1n alcanzando los niveles estimados por Azucarera para el pago de los complementos. Esta situaci\u00f3n puede conllevar que, el a\u00f1o pr\u00f3ximo, los remolacheros tengan que devolver los [&hellip;]\" \/>\n<meta property=\"og:url\" content=\"https:\/\/www.uaga.eus\/coag-alerta-de-que-los-precios-del-azucar-no-estan-llegando-a-los-ratios-estimados-por-azucarera-para-el-pago-de-complementos\/\" \/>\n<meta property=\"og:site_name\" content=\"UAGA\" \/>\n<meta property=\"article:published_time\" content=\"2019-12-05T12:07:06+00:00\" \/>\n<meta property=\"article:modified_time\" content=\"2020-03-18T11:27:19+00:00\" \/>\n<meta property=\"og:image\" content=\"https:\/\/www.uaga.eus\/wp-content\/uploads\/2018\/04\/maquina-arrancando-remolacha.jpg\" \/>\n\t<meta property=\"og:image:width\" content=\"700\" \/>\n\t<meta property=\"og:image:height\" content=\"355\" \/>\n\t<meta property=\"og:image:type\" content=\"image\/jpeg\" \/>\n<meta name=\"author\" content=\"Blanca S\u00e1nchez\" \/>\n<meta name=\"twitter:card\" content=\"summary_large_image\" \/>\n<meta name=\"twitter:label1\" content=\"Written by\" \/>\n\t<meta name=\"twitter:data1\" content=\"Blanca S\u00e1nchez\" \/>\n\t<meta name=\"twitter:label2\" content=\"Est. reading time\" \/>\n\t<meta name=\"twitter:data2\" content=\"1 minutua\" \/>\n<script type=\"application\/ld+json\" class=\"yoast-schema-graph\">{\"@context\":\"https:\/\/schema.org\",\"@graph\":[{\"@type\":\"WebPage\",\"@id\":\"https:\/\/www.uaga.eus\/coag-alerta-de-que-los-precios-del-azucar-no-estan-llegando-a-los-ratios-estimados-por-azucarera-para-el-pago-de-complementos\/\",\"url\":\"https:\/\/www.uaga.eus\/coag-alerta-de-que-los-precios-del-azucar-no-estan-llegando-a-los-ratios-estimados-por-azucarera-para-el-pago-de-complementos\/\",\"name\":\"COAG alerta de que los precios del az\u00facar no est\u00e1n llegando a los ratios estimados por Azucarera para el pago de complementos - UAGA\",\"isPartOf\":{\"@id\":\"https:\/\/www.uaga.eus\/#website\"},\"datePublished\":\"2019-12-05T12:07:06+00:00\",\"dateModified\":\"2020-03-18T11:27:19+00:00\",\"author\":{\"@id\":\"https:\/\/www.uaga.eus\/#\/schema\/person\/48c3cbf0f33d1b788226dbb6518689cf\"},\"breadcrumb\":{\"@id\":\"https:\/\/www.uaga.eus\/coag-alerta-de-que-los-precios-del-azucar-no-estan-llegando-a-los-ratios-estimados-por-azucarera-para-el-pago-de-complementos\/#breadcrumb\"},\"inLanguage\":\"eu\",\"potentialAction\":[{\"@type\":\"ReadAction\",\"target\":[\"https:\/\/www.uaga.eus\/coag-alerta-de-que-los-precios-del-azucar-no-estan-llegando-a-los-ratios-estimados-por-azucarera-para-el-pago-de-complementos\/\"]}]},{\"@type\":\"BreadcrumbList\",\"@id\":\"https:\/\/www.uaga.eus\/coag-alerta-de-que-los-precios-del-azucar-no-estan-llegando-a-los-ratios-estimados-por-azucarera-para-el-pago-de-complementos\/#breadcrumb\",\"itemListElement\":[{\"@type\":\"ListItem\",\"position\":1,\"name\":\"Inicio\",\"item\":\"https:\/\/www.uaga.eus\/\"},{\"@type\":\"ListItem\",\"position\":2,\"name\":\"COAG alerta de que los precios del az\u00facar no est\u00e1n llegando a los ratios estimados por Azucarera para el pago de complementos\"}]},{\"@type\":\"WebSite\",\"@id\":\"https:\/\/www.uaga.eus\/#website\",\"url\":\"https:\/\/www.uaga.eus\/\",\"name\":\"UAGA\",\"description\":\"Uni\u00f3n Agroganadera de \u00c1lava - Araba Nekazarien Elkartea\",\"potentialAction\":[{\"@type\":\"SearchAction\",\"target\":{\"@type\":\"EntryPoint\",\"urlTemplate\":\"https:\/\/www.uaga.eus\/?s={search_term_string}\"},\"query-input\":\"required name=search_term_string\"}],\"inLanguage\":\"eu\"},{\"@type\":\"Person\",\"@id\":\"https:\/\/www.uaga.eus\/#\/schema\/person\/48c3cbf0f33d1b788226dbb6518689cf\",\"name\":\"Blanca S\u00e1nchez\",\"image\":{\"@type\":\"ImageObject\",\"inLanguage\":\"eu\",\"@id\":\"https:\/\/www.uaga.eus\/#\/schema\/person\/image\/\",\"url\":\"https:\/\/secure.gravatar.com\/avatar\/0dc91c20648254b1ce84877283f6751b?s=96&d=mm&r=g\",\"contentUrl\":\"https:\/\/secure.gravatar.com\/avatar\/0dc91c20648254b1ce84877283f6751b?s=96&d=mm&r=g\",\"caption\":\"Blanca S\u00e1nchez\"},\"url\":\"https:\/\/www.uaga.eus\/eu\/author\/bsanchez\/\"}]}<\/script>\n<!-- \/ Yoast SEO plugin. -->","yoast_head_json":{"title":"COAG alerta de que los precios del az\u00facar no est\u00e1n llegando a los ratios estimados por Azucarera para el pago de complementos - UAGA","robots":{"index":"index","follow":"follow","max-snippet":"max-snippet:-1","max-image-preview":"max-image-preview:large","max-video-preview":"max-video-preview:-1"},"canonical":"https:\/\/www.uaga.eus\/coag-alerta-de-que-los-precios-del-azucar-no-estan-llegando-a-los-ratios-estimados-por-azucarera-para-el-pago-de-complementos\/","og_locale":"en_US","og_type":"article","og_title":"COAG alerta de que los precios del az\u00facar no est\u00e1n llegando a los ratios estimados por Azucarera para el pago de complementos - UAGA","og_description":"COAG, organizaci\u00f3n estatal a la que pertenece UAGA, ha remitido esta semana una nota a los medios de comunicaci\u00f3n para alertar de que los precios del az\u00facar no est\u00e1n alcanzando los niveles estimados por Azucarera para el pago de los complementos. Esta situaci\u00f3n puede conllevar que, el a\u00f1o pr\u00f3ximo, los remolacheros tengan que devolver los [&hellip;]","og_url":"https:\/\/www.uaga.eus\/coag-alerta-de-que-los-precios-del-azucar-no-estan-llegando-a-los-ratios-estimados-por-azucarera-para-el-pago-de-complementos\/","og_site_name":"UAGA","article_published_time":"2019-12-05T12:07:06+00:00","article_modified_time":"2020-03-18T11:27:19+00:00","og_image":[{"width":700,"height":355,"url":"https:\/\/www.uaga.eus\/wp-content\/uploads\/2018\/04\/maquina-arrancando-remolacha.jpg","type":"image\/jpeg"}],"author":"Blanca S\u00e1nchez","twitter_card":"summary_large_image","twitter_misc":{"Written by":"Blanca S\u00e1nchez","Est. reading time":"1 minutua"},"schema":{"@context":"https:\/\/schema.org","@graph":[{"@type":"WebPage","@id":"https:\/\/www.uaga.eus\/coag-alerta-de-que-los-precios-del-azucar-no-estan-llegando-a-los-ratios-estimados-por-azucarera-para-el-pago-de-complementos\/","url":"https:\/\/www.uaga.eus\/coag-alerta-de-que-los-precios-del-azucar-no-estan-llegando-a-los-ratios-estimados-por-azucarera-para-el-pago-de-complementos\/","name":"COAG alerta de que los precios del az\u00facar no est\u00e1n llegando a los ratios estimados por Azucarera para el pago de complementos - UAGA","isPartOf":{"@id":"https:\/\/www.uaga.eus\/#website"},"datePublished":"2019-12-05T12:07:06+00:00","dateModified":"2020-03-18T11:27:19+00:00","author":{"@id":"https:\/\/www.uaga.eus\/#\/schema\/person\/48c3cbf0f33d1b788226dbb6518689cf"},"breadcrumb":{"@id":"https:\/\/www.uaga.eus\/coag-alerta-de-que-los-precios-del-azucar-no-estan-llegando-a-los-ratios-estimados-por-azucarera-para-el-pago-de-complementos\/#breadcrumb"},"inLanguage":"eu","potentialAction":[{"@type":"ReadAction","target":["https:\/\/www.uaga.eus\/coag-alerta-de-que-los-precios-del-azucar-no-estan-llegando-a-los-ratios-estimados-por-azucarera-para-el-pago-de-complementos\/"]}]},{"@type":"BreadcrumbList","@id":"https:\/\/www.uaga.eus\/coag-alerta-de-que-los-precios-del-azucar-no-estan-llegando-a-los-ratios-estimados-por-azucarera-para-el-pago-de-complementos\/#breadcrumb","itemListElement":[{"@type":"ListItem","position":1,"name":"Inicio","item":"https:\/\/www.uaga.eus\/"},{"@type":"ListItem","position":2,"name":"COAG alerta de que los precios del az\u00facar no est\u00e1n llegando a los ratios estimados por Azucarera para el pago de complementos"}]},{"@type":"WebSite","@id":"https:\/\/www.uaga.eus\/#website","url":"https:\/\/www.uaga.eus\/","name":"UAGA","description":"Uni\u00f3n Agroganadera de \u00c1lava - Araba Nekazarien Elkartea","potentialAction":[{"@type":"SearchAction","target":{"@type":"EntryPoint","urlTemplate":"https:\/\/www.uaga.eus\/?s={search_term_string}"},"query-input":"required name=search_term_string"}],"inLanguage":"eu"},{"@type":"Person","@id":"https:\/\/www.uaga.eus\/#\/schema\/person\/48c3cbf0f33d1b788226dbb6518689cf","name":"Blanca S\u00e1nchez","image":{"@type":"ImageObject","inLanguage":"eu","@id":"https:\/\/www.uaga.eus\/#\/schema\/person\/image\/","url":"https:\/\/secure.gravatar.com\/avatar\/0dc91c20648254b1ce84877283f6751b?s=96&d=mm&r=g","contentUrl":"https:\/\/secure.gravatar.com\/avatar\/0dc91c20648254b1ce84877283f6751b?s=96&d=mm&r=g","caption":"Blanca S\u00e1nchez"},"url":"https:\/\/www.uaga.eus\/eu\/author\/bsanchez\/"}]}},"_links":{"self":[{"href":"https:\/\/www.uaga.eus\/eu\/wp-json\/wp\/v2\/posts\/6710"}],"collection":[{"href":"https:\/\/www.uaga.eus\/eu\/wp-json\/wp\/v2\/posts"}],"about":[{"href":"https:\/\/www.uaga.eus\/eu\/wp-json\/wp\/v2\/types\/post"}],"author":[{"embeddable":true,"href":"https:\/\/www.uaga.eus\/eu\/wp-json\/wp\/v2\/users\/4"}],"replies":[{"embeddable":true,"href":"https:\/\/www.uaga.eus\/eu\/wp-json\/wp\/v2\/comments?post=6710"}],"version-history":[{"count":1,"href":"https:\/\/www.uaga.eus\/eu\/wp-json\/wp\/v2\/posts\/6710\/revisions"}],"predecessor-version":[{"id":6711,"href":"https:\/\/www.uaga.eus\/eu\/wp-json\/wp\/v2\/posts\/6710\/revisions\/6711"}],"wp:featuredmedia":[{"embeddable":true,"href":"https:\/\/www.uaga.eus\/eu\/wp-json\/wp\/v2\/media\/2674"}],"wp:attachment":[{"href":"https:\/\/www.uaga.eus\/eu\/wp-json\/wp\/v2\/media?parent=6710"}],"wp:term":[{"taxonomy":"category","embeddable":true,"href":"https:\/\/www.uaga.eus\/eu\/wp-json\/wp\/v2\/categories?post=6710"},{"taxonomy":"post_tag","embeddable":true,"href":"https:\/\/www.uaga.eus\/eu\/wp-json\/wp\/v2\/tags?post=6710"}],"curies":[{"name":"wp","href":"https:\/\/api.w.org\/{rel}","templated":true}]}}