{"id":6708,"date":"2019-12-05T12:05:33","date_gmt":"2019-12-05T12:05:33","guid":{"rendered":"https:\/\/www.uaga.eus\/?p=6708"},"modified":"2019-12-05T12:05:33","modified_gmt":"2019-12-05T12:05:33","slug":"uaga-participa-en-el-comite-de-seguimiento-del-pdr-de-euskadi-2015-2020","status":"publish","type":"post","link":"https:\/\/www.uaga.eus\/eu\/uaga-participa-en-el-comite-de-seguimiento-del-pdr-de-euskadi-2015-2020\/","title":{"rendered":"UAGA participa en el Comit\u00e9 de Seguimiento del PDR de Euskadi 2015-2020"},"content":{"rendered":"<p>Esta semana se ha celebrado una reuni\u00f3n del Comit\u00e9 de Seguimiento del Plan de Desarrollo Rural (PDR) de Euskadi 2015-2020, en el que ha participado\u00a0UAGA.<\/p>\n<p>El ritmo de ejecuci\u00f3n del actual programa\u00a0se sit\u00faa en una media del 61% para Euskadi\u00a0y del 58% para Araba. El nivel de ejecuci\u00f3n es superior a la media del Estado y de la Uni\u00f3n Europea. Por otra parte, el Ministerio ha reconocido el buen trabajo que est\u00e1 haciendo la Autoridad de Gesti\u00f3n del PDR del Pa\u00eds Vasco.<\/p>\n<p>Respecto del futuro de la PAC, informaron de que est\u00e1 habiendo un retraso en la programaci\u00f3n, pero s\u00ed que se vislumbra que habr\u00e1 una posible reducci\u00f3n de los presupuestos del primer pilar (PAC) y segundo pilar (PDR).<\/p>\n<p>Sobre las modificaciones del PDR, est\u00e1\u00a0abierto un nuevo plazo hasta el 31 de enero de 2020 para presentar propuestas que, en su caso, se incluir\u00edan en la 5\u00aa modificaci\u00f3n.<\/p>\n<p>Con el objeto de hacer visible para qu\u00e9 sirve el PDR, en la jornada se presentaron\u00a0varios proyectos financiados.\u00a0En concreto, Neiker present\u00f3 el proyecto de cooperaci\u00f3n \u201cActivaci\u00f3n de la cadena de valor de la cerveza de Euskadi\u201d, en el que participa UAGA.<\/p>\n<p>+ info YOLANDA: 615 779 584<\/p>\n","protected":false},"excerpt":{"rendered":"<p>Esta semana se ha celebrado una reuni\u00f3n del Comit\u00e9 de Seguimiento del Plan de Desarrollo Rural (PDR) de Euskadi 2015-2020, en el que ha participado\u00a0UAGA. El ritmo de ejecuci\u00f3n del actual programa\u00a0se sit\u00faa en una media del 61% para Euskadi\u00a0y del 58% para Araba. El nivel de ejecuci\u00f3n es superior a la media del Estado [&hellip;]<\/p>\n","protected":false},"author":4,"featured_media":3035,"comment_status":"closed","ping_status":"closed","sticky":false,"template":"","format":"standard","meta":{"footnotes":""},"categories":[37,4],"tags":[],"yoast_head":"<!-- This site is optimized with the Yoast SEO plugin v21.5 - https:\/\/yoast.com\/wordpress\/plugins\/seo\/ -->\n<title>UAGA participa en el Comit\u00e9 de Seguimiento del PDR de Euskadi 2015-2020 - UAGA<\/title>\n<meta name=\"robots\" content=\"index, follow, max-snippet:-1, max-image-preview:large, max-video-preview:-1\" \/>\n<link rel=\"canonical\" href=\"https:\/\/www.uaga.eus\/uaga-participa-en-el-comite-de-seguimiento-del-pdr-de-euskadi-2015-2020\/\" \/>\n<meta property=\"og:locale\" content=\"en_US\" \/>\n<meta property=\"og:type\" content=\"article\" \/>\n<meta property=\"og:title\" content=\"UAGA participa en el Comit\u00e9 de Seguimiento del PDR de Euskadi 2015-2020 - UAGA\" \/>\n<meta property=\"og:description\" content=\"Esta semana se ha celebrado una reuni\u00f3n del Comit\u00e9 de Seguimiento del Plan de Desarrollo Rural (PDR) de Euskadi 2015-2020, en el que ha participado\u00a0UAGA. El ritmo de ejecuci\u00f3n del actual programa\u00a0se sit\u00faa en una media del 61% para Euskadi\u00a0y del 58% para Araba. El nivel de ejecuci\u00f3n es superior a la media del Estado [&hellip;]\" \/>\n<meta property=\"og:url\" content=\"https:\/\/www.uaga.eus\/uaga-participa-en-el-comite-de-seguimiento-del-pdr-de-euskadi-2015-2020\/\" \/>\n<meta property=\"og:site_name\" content=\"UAGA\" \/>\n<meta property=\"article:published_time\" content=\"2019-12-05T12:05:33+00:00\" \/>\n<meta property=\"og:image\" content=\"https:\/\/www.uaga.eus\/wp-content\/uploads\/2018\/06\/lupulo-e1529580303241.jpg\" \/>\n\t<meta property=\"og:image:width\" content=\"696\" \/>\n\t<meta property=\"og:image:height\" content=\"337\" \/>\n\t<meta property=\"og:image:type\" content=\"image\/jpeg\" \/>\n<meta name=\"author\" content=\"Blanca S\u00e1nchez\" \/>\n<meta name=\"twitter:card\" content=\"summary_large_image\" \/>\n<meta name=\"twitter:label1\" content=\"Written by\" \/>\n\t<meta name=\"twitter:data1\" content=\"Blanca S\u00e1nchez\" \/>\n\t<meta name=\"twitter:label2\" content=\"Est. reading time\" \/>\n\t<meta name=\"twitter:data2\" content=\"1 minutua\" \/>\n<script type=\"application\/ld+json\" class=\"yoast-schema-graph\">{\"@context\":\"https:\/\/schema.org\",\"@graph\":[{\"@type\":\"WebPage\",\"@id\":\"https:\/\/www.uaga.eus\/uaga-participa-en-el-comite-de-seguimiento-del-pdr-de-euskadi-2015-2020\/\",\"url\":\"https:\/\/www.uaga.eus\/uaga-participa-en-el-comite-de-seguimiento-del-pdr-de-euskadi-2015-2020\/\",\"name\":\"UAGA participa en el Comit\u00e9 de Seguimiento del PDR de Euskadi 2015-2020 - UAGA\",\"isPartOf\":{\"@id\":\"https:\/\/www.uaga.eus\/#website\"},\"datePublished\":\"2019-12-05T12:05:33+00:00\",\"dateModified\":\"2019-12-05T12:05:33+00:00\",\"author\":{\"@id\":\"https:\/\/www.uaga.eus\/#\/schema\/person\/48c3cbf0f33d1b788226dbb6518689cf\"},\"breadcrumb\":{\"@id\":\"https:\/\/www.uaga.eus\/uaga-participa-en-el-comite-de-seguimiento-del-pdr-de-euskadi-2015-2020\/#breadcrumb\"},\"inLanguage\":\"eu\",\"potentialAction\":[{\"@type\":\"ReadAction\",\"target\":[\"https:\/\/www.uaga.eus\/uaga-participa-en-el-comite-de-seguimiento-del-pdr-de-euskadi-2015-2020\/\"]}]},{\"@type\":\"BreadcrumbList\",\"@id\":\"https:\/\/www.uaga.eus\/uaga-participa-en-el-comite-de-seguimiento-del-pdr-de-euskadi-2015-2020\/#breadcrumb\",\"itemListElement\":[{\"@type\":\"ListItem\",\"position\":1,\"name\":\"Inicio\",\"item\":\"https:\/\/www.uaga.eus\/\"},{\"@type\":\"ListItem\",\"position\":2,\"name\":\"UAGA participa en el Comit\u00e9 de Seguimiento del PDR de Euskadi 2015-2020\"}]},{\"@type\":\"WebSite\",\"@id\":\"https:\/\/www.uaga.eus\/#website\",\"url\":\"https:\/\/www.uaga.eus\/\",\"name\":\"UAGA\",\"description\":\"Uni\u00f3n Agroganadera de \u00c1lava - Araba Nekazarien Elkartea\",\"potentialAction\":[{\"@type\":\"SearchAction\",\"target\":{\"@type\":\"EntryPoint\",\"urlTemplate\":\"https:\/\/www.uaga.eus\/?s={search_term_string}\"},\"query-input\":\"required name=search_term_string\"}],\"inLanguage\":\"eu\"},{\"@type\":\"Person\",\"@id\":\"https:\/\/www.uaga.eus\/#\/schema\/person\/48c3cbf0f33d1b788226dbb6518689cf\",\"name\":\"Blanca S\u00e1nchez\",\"image\":{\"@type\":\"ImageObject\",\"inLanguage\":\"eu\",\"@id\":\"https:\/\/www.uaga.eus\/#\/schema\/person\/image\/\",\"url\":\"https:\/\/secure.gravatar.com\/avatar\/0dc91c20648254b1ce84877283f6751b?s=96&d=mm&r=g\",\"contentUrl\":\"https:\/\/secure.gravatar.com\/avatar\/0dc91c20648254b1ce84877283f6751b?s=96&d=mm&r=g\",\"caption\":\"Blanca S\u00e1nchez\"},\"url\":\"https:\/\/www.uaga.eus\/eu\/author\/bsanchez\/\"}]}<\/script>\n<!-- \/ Yoast SEO plugin. -->","yoast_head_json":{"title":"UAGA participa en el Comit\u00e9 de Seguimiento del PDR de Euskadi 2015-2020 - UAGA","robots":{"index":"index","follow":"follow","max-snippet":"max-snippet:-1","max-image-preview":"max-image-preview:large","max-video-preview":"max-video-preview:-1"},"canonical":"https:\/\/www.uaga.eus\/uaga-participa-en-el-comite-de-seguimiento-del-pdr-de-euskadi-2015-2020\/","og_locale":"en_US","og_type":"article","og_title":"UAGA participa en el Comit\u00e9 de Seguimiento del PDR de Euskadi 2015-2020 - UAGA","og_description":"Esta semana se ha celebrado una reuni\u00f3n del Comit\u00e9 de Seguimiento del Plan de Desarrollo Rural (PDR) de Euskadi 2015-2020, en el que ha participado\u00a0UAGA. El ritmo de ejecuci\u00f3n del actual programa\u00a0se sit\u00faa en una media del 61% para Euskadi\u00a0y del 58% para Araba. El nivel de ejecuci\u00f3n es superior a la media del Estado [&hellip;]","og_url":"https:\/\/www.uaga.eus\/uaga-participa-en-el-comite-de-seguimiento-del-pdr-de-euskadi-2015-2020\/","og_site_name":"UAGA","article_published_time":"2019-12-05T12:05:33+00:00","og_image":[{"width":696,"height":337,"url":"https:\/\/www.uaga.eus\/wp-content\/uploads\/2018\/06\/lupulo-e1529580303241.jpg","type":"image\/jpeg"}],"author":"Blanca S\u00e1nchez","twitter_card":"summary_large_image","twitter_misc":{"Written by":"Blanca S\u00e1nchez","Est. reading time":"1 minutua"},"schema":{"@context":"https:\/\/schema.org","@graph":[{"@type":"WebPage","@id":"https:\/\/www.uaga.eus\/uaga-participa-en-el-comite-de-seguimiento-del-pdr-de-euskadi-2015-2020\/","url":"https:\/\/www.uaga.eus\/uaga-participa-en-el-comite-de-seguimiento-del-pdr-de-euskadi-2015-2020\/","name":"UAGA participa en el Comit\u00e9 de Seguimiento del PDR de Euskadi 2015-2020 - UAGA","isPartOf":{"@id":"https:\/\/www.uaga.eus\/#website"},"datePublished":"2019-12-05T12:05:33+00:00","dateModified":"2019-12-05T12:05:33+00:00","author":{"@id":"https:\/\/www.uaga.eus\/#\/schema\/person\/48c3cbf0f33d1b788226dbb6518689cf"},"breadcrumb":{"@id":"https:\/\/www.uaga.eus\/uaga-participa-en-el-comite-de-seguimiento-del-pdr-de-euskadi-2015-2020\/#breadcrumb"},"inLanguage":"eu","potentialAction":[{"@type":"ReadAction","target":["https:\/\/www.uaga.eus\/uaga-participa-en-el-comite-de-seguimiento-del-pdr-de-euskadi-2015-2020\/"]}]},{"@type":"BreadcrumbList","@id":"https:\/\/www.uaga.eus\/uaga-participa-en-el-comite-de-seguimiento-del-pdr-de-euskadi-2015-2020\/#breadcrumb","itemListElement":[{"@type":"ListItem","position":1,"name":"Inicio","item":"https:\/\/www.uaga.eus\/"},{"@type":"ListItem","position":2,"name":"UAGA participa en el Comit\u00e9 de Seguimiento del PDR de Euskadi 2015-2020"}]},{"@type":"WebSite","@id":"https:\/\/www.uaga.eus\/#website","url":"https:\/\/www.uaga.eus\/","name":"UAGA","description":"Uni\u00f3n Agroganadera de \u00c1lava - Araba Nekazarien Elkartea","potentialAction":[{"@type":"SearchAction","target":{"@type":"EntryPoint","urlTemplate":"https:\/\/www.uaga.eus\/?s={search_term_string}"},"query-input":"required name=search_term_string"}],"inLanguage":"eu"},{"@type":"Person","@id":"https:\/\/www.uaga.eus\/#\/schema\/person\/48c3cbf0f33d1b788226dbb6518689cf","name":"Blanca S\u00e1nchez","image":{"@type":"ImageObject","inLanguage":"eu","@id":"https:\/\/www.uaga.eus\/#\/schema\/person\/image\/","url":"https:\/\/secure.gravatar.com\/avatar\/0dc91c20648254b1ce84877283f6751b?s=96&d=mm&r=g","contentUrl":"https:\/\/secure.gravatar.com\/avatar\/0dc91c20648254b1ce84877283f6751b?s=96&d=mm&r=g","caption":"Blanca S\u00e1nchez"},"url":"https:\/\/www.uaga.eus\/eu\/author\/bsanchez\/"}]}},"_links":{"self":[{"href":"https:\/\/www.uaga.eus\/eu\/wp-json\/wp\/v2\/posts\/6708"}],"collection":[{"href":"https:\/\/www.uaga.eus\/eu\/wp-json\/wp\/v2\/posts"}],"about":[{"href":"https:\/\/www.uaga.eus\/eu\/wp-json\/wp\/v2\/types\/post"}],"author":[{"embeddable":true,"href":"https:\/\/www.uaga.eus\/eu\/wp-json\/wp\/v2\/users\/4"}],"replies":[{"embeddable":true,"href":"https:\/\/www.uaga.eus\/eu\/wp-json\/wp\/v2\/comments?post=6708"}],"version-history":[{"count":1,"href":"https:\/\/www.uaga.eus\/eu\/wp-json\/wp\/v2\/posts\/6708\/revisions"}],"predecessor-version":[{"id":6709,"href":"https:\/\/www.uaga.eus\/eu\/wp-json\/wp\/v2\/posts\/6708\/revisions\/6709"}],"wp:featuredmedia":[{"embeddable":true,"href":"https:\/\/www.uaga.eus\/eu\/wp-json\/wp\/v2\/media\/3035"}],"wp:attachment":[{"href":"https:\/\/www.uaga.eus\/eu\/wp-json\/wp\/v2\/media?parent=6708"}],"wp:term":[{"taxonomy":"category","embeddable":true,"href":"https:\/\/www.uaga.eus\/eu\/wp-json\/wp\/v2\/categories?post=6708"},{"taxonomy":"post_tag","embeddable":true,"href":"https:\/\/www.uaga.eus\/eu\/wp-json\/wp\/v2\/tags?post=6708"}],"curies":[{"name":"wp","href":"https:\/\/api.w.org\/{rel}","templated":true}]}}