{"id":6701,"date":"2019-12-05T11:59:40","date_gmt":"2019-12-05T11:59:40","guid":{"rendered":"https:\/\/www.uaga.eus\/?p=6701"},"modified":"2019-12-05T11:59:40","modified_gmt":"2019-12-05T11:59:40","slug":"curso-para-formentar-la-igualdad-de-oportunidades-entre-mujeres-y-hombres-en-el-sector-primario","status":"publish","type":"post","link":"https:\/\/www.uaga.eus\/eu\/curso-para-formentar-la-igualdad-de-oportunidades-entre-mujeres-y-hombres-en-el-sector-primario\/","title":{"rendered":"Curso para formentar la igualdad de oportunidades entre mujeres y hombres en el sector primario"},"content":{"rendered":"<p>El Gobierno Vasco ha organizado un curso sobre el\u00a0\u201cCambio organizacional con igualdad de oportunidades para mujeres y hombres en las organizaciones del sector primario\u201d.<\/p>\n<p>Este curso est\u00e1 pensado para acompa\u00f1ar a las asociaciones, organizaciones profesionales, empresariales, sindicales o de otra \u00edndole que operen en el \u00e1mbito agrario en el camino hacia la presencia equilibrada en sus \u00f3rganos de direcci\u00f3n en los que se adoptan las decisiones, en cumplimiento de lo establecido en el art\u00edculo 19 del Estatuto de las Mujeres Agricultoras. El curso se\u00a0\u00a0impartir\u00e1 el curso en 4 sesiones (14 y\u00a028 de enero,11 y 18 de febrero) en horario de 9 a 14 h.<\/p>\n<p>Puedes ver el programa\u00a0<a href=\"https:\/\/gallery.mailchimp.com\/498b950ccfc4b8d0e600d7e48\/files\/f06c807a-643f-4c1a-b0ad-5499866bd8a9\/Curso_Cambio_Organizacional_con_igualdad_de_oportunidades_para_mujeres_y_hombres_.pdf\" target=\"_blank\" rel=\"noopener\" data-cke-saved-href=\"https:\/\/gallery.mailchimp.com\/498b950ccfc4b8d0e600d7e48\/files\/f06c807a-643f-4c1a-b0ad-5499866bd8a9\/Curso_Cambio_Organizacional_con_igualdad_de_oportunidades_para_mujeres_y_hombres_.pdf\">aqu\u00ed<\/a>.<\/p>\n","protected":false},"excerpt":{"rendered":"<p>El Gobierno Vasco ha organizado un curso sobre el\u00a0\u201cCambio organizacional con igualdad de oportunidades para mujeres y hombres en las organizaciones del sector primario\u201d. Este curso est\u00e1 pensado para acompa\u00f1ar a las asociaciones, organizaciones profesionales, empresariales, sindicales o de otra \u00edndole que operen en el \u00e1mbito agrario en el camino hacia la presencia equilibrada en [&hellip;]<\/p>\n","protected":false},"author":4,"featured_media":4474,"comment_status":"closed","ping_status":"closed","sticky":false,"template":"","format":"standard","meta":{"footnotes":""},"categories":[37,66],"tags":[],"yoast_head":"<!-- This site is optimized with the Yoast SEO plugin v21.5 - https:\/\/yoast.com\/wordpress\/plugins\/seo\/ -->\n<title>Curso para formentar la igualdad de oportunidades entre mujeres y hombres en el sector primario - UAGA<\/title>\n<meta name=\"robots\" content=\"index, follow, max-snippet:-1, max-image-preview:large, max-video-preview:-1\" \/>\n<link rel=\"canonical\" href=\"https:\/\/www.uaga.eus\/curso-para-formentar-la-igualdad-de-oportunidades-entre-mujeres-y-hombres-en-el-sector-primario\/\" \/>\n<meta property=\"og:locale\" content=\"en_US\" \/>\n<meta property=\"og:type\" content=\"article\" \/>\n<meta property=\"og:title\" content=\"Curso para formentar la igualdad de oportunidades entre mujeres y hombres en el sector primario - UAGA\" \/>\n<meta property=\"og:description\" content=\"El Gobierno Vasco ha organizado un curso sobre el\u00a0\u201cCambio organizacional con igualdad de oportunidades para mujeres y hombres en las organizaciones del sector primario\u201d. Este curso est\u00e1 pensado para acompa\u00f1ar a las asociaciones, organizaciones profesionales, empresariales, sindicales o de otra \u00edndole que operen en el \u00e1mbito agrario en el camino hacia la presencia equilibrada en [&hellip;]\" \/>\n<meta property=\"og:url\" content=\"https:\/\/www.uaga.eus\/curso-para-formentar-la-igualdad-de-oportunidades-entre-mujeres-y-hombres-en-el-sector-primario\/\" \/>\n<meta property=\"og:site_name\" content=\"UAGA\" \/>\n<meta property=\"article:published_time\" content=\"2019-12-05T11:59:40+00:00\" \/>\n<meta property=\"og:image\" content=\"https:\/\/www.uaga.eus\/wp-content\/uploads\/2018\/09\/haciendo-hierba.jpg\" \/>\n\t<meta property=\"og:image:width\" content=\"650\" \/>\n\t<meta property=\"og:image:height\" content=\"330\" \/>\n\t<meta property=\"og:image:type\" content=\"image\/jpeg\" \/>\n<meta name=\"author\" content=\"Blanca S\u00e1nchez\" \/>\n<meta name=\"twitter:card\" content=\"summary_large_image\" \/>\n<meta name=\"twitter:label1\" content=\"Written by\" \/>\n\t<meta name=\"twitter:data1\" content=\"Blanca S\u00e1nchez\" \/>\n\t<meta name=\"twitter:label2\" content=\"Est. reading time\" \/>\n\t<meta name=\"twitter:data2\" content=\"1 minutua\" \/>\n<script type=\"application\/ld+json\" class=\"yoast-schema-graph\">{\"@context\":\"https:\/\/schema.org\",\"@graph\":[{\"@type\":\"WebPage\",\"@id\":\"https:\/\/www.uaga.eus\/curso-para-formentar-la-igualdad-de-oportunidades-entre-mujeres-y-hombres-en-el-sector-primario\/\",\"url\":\"https:\/\/www.uaga.eus\/curso-para-formentar-la-igualdad-de-oportunidades-entre-mujeres-y-hombres-en-el-sector-primario\/\",\"name\":\"Curso para formentar la igualdad de oportunidades entre mujeres y hombres en el sector primario - UAGA\",\"isPartOf\":{\"@id\":\"https:\/\/www.uaga.eus\/#website\"},\"datePublished\":\"2019-12-05T11:59:40+00:00\",\"dateModified\":\"2019-12-05T11:59:40+00:00\",\"author\":{\"@id\":\"https:\/\/www.uaga.eus\/#\/schema\/person\/48c3cbf0f33d1b788226dbb6518689cf\"},\"breadcrumb\":{\"@id\":\"https:\/\/www.uaga.eus\/curso-para-formentar-la-igualdad-de-oportunidades-entre-mujeres-y-hombres-en-el-sector-primario\/#breadcrumb\"},\"inLanguage\":\"eu\",\"potentialAction\":[{\"@type\":\"ReadAction\",\"target\":[\"https:\/\/www.uaga.eus\/curso-para-formentar-la-igualdad-de-oportunidades-entre-mujeres-y-hombres-en-el-sector-primario\/\"]}]},{\"@type\":\"BreadcrumbList\",\"@id\":\"https:\/\/www.uaga.eus\/curso-para-formentar-la-igualdad-de-oportunidades-entre-mujeres-y-hombres-en-el-sector-primario\/#breadcrumb\",\"itemListElement\":[{\"@type\":\"ListItem\",\"position\":1,\"name\":\"Inicio\",\"item\":\"https:\/\/www.uaga.eus\/\"},{\"@type\":\"ListItem\",\"position\":2,\"name\":\"Curso para formentar la igualdad de oportunidades entre mujeres y hombres en el sector primario\"}]},{\"@type\":\"WebSite\",\"@id\":\"https:\/\/www.uaga.eus\/#website\",\"url\":\"https:\/\/www.uaga.eus\/\",\"name\":\"UAGA\",\"description\":\"Uni\u00f3n Agroganadera de \u00c1lava - Araba Nekazarien Elkartea\",\"potentialAction\":[{\"@type\":\"SearchAction\",\"target\":{\"@type\":\"EntryPoint\",\"urlTemplate\":\"https:\/\/www.uaga.eus\/?s={search_term_string}\"},\"query-input\":\"required name=search_term_string\"}],\"inLanguage\":\"eu\"},{\"@type\":\"Person\",\"@id\":\"https:\/\/www.uaga.eus\/#\/schema\/person\/48c3cbf0f33d1b788226dbb6518689cf\",\"name\":\"Blanca S\u00e1nchez\",\"image\":{\"@type\":\"ImageObject\",\"inLanguage\":\"eu\",\"@id\":\"https:\/\/www.uaga.eus\/#\/schema\/person\/image\/\",\"url\":\"https:\/\/secure.gravatar.com\/avatar\/0dc91c20648254b1ce84877283f6751b?s=96&d=mm&r=g\",\"contentUrl\":\"https:\/\/secure.gravatar.com\/avatar\/0dc91c20648254b1ce84877283f6751b?s=96&d=mm&r=g\",\"caption\":\"Blanca S\u00e1nchez\"},\"url\":\"https:\/\/www.uaga.eus\/eu\/author\/bsanchez\/\"}]}<\/script>\n<!-- \/ Yoast SEO plugin. -->","yoast_head_json":{"title":"Curso para formentar la igualdad de oportunidades entre mujeres y hombres en el sector primario - UAGA","robots":{"index":"index","follow":"follow","max-snippet":"max-snippet:-1","max-image-preview":"max-image-preview:large","max-video-preview":"max-video-preview:-1"},"canonical":"https:\/\/www.uaga.eus\/curso-para-formentar-la-igualdad-de-oportunidades-entre-mujeres-y-hombres-en-el-sector-primario\/","og_locale":"en_US","og_type":"article","og_title":"Curso para formentar la igualdad de oportunidades entre mujeres y hombres en el sector primario - UAGA","og_description":"El Gobierno Vasco ha organizado un curso sobre el\u00a0\u201cCambio organizacional con igualdad de oportunidades para mujeres y hombres en las organizaciones del sector primario\u201d. Este curso est\u00e1 pensado para acompa\u00f1ar a las asociaciones, organizaciones profesionales, empresariales, sindicales o de otra \u00edndole que operen en el \u00e1mbito agrario en el camino hacia la presencia equilibrada en [&hellip;]","og_url":"https:\/\/www.uaga.eus\/curso-para-formentar-la-igualdad-de-oportunidades-entre-mujeres-y-hombres-en-el-sector-primario\/","og_site_name":"UAGA","article_published_time":"2019-12-05T11:59:40+00:00","og_image":[{"width":650,"height":330,"url":"https:\/\/www.uaga.eus\/wp-content\/uploads\/2018\/09\/haciendo-hierba.jpg","type":"image\/jpeg"}],"author":"Blanca S\u00e1nchez","twitter_card":"summary_large_image","twitter_misc":{"Written by":"Blanca S\u00e1nchez","Est. reading time":"1 minutua"},"schema":{"@context":"https:\/\/schema.org","@graph":[{"@type":"WebPage","@id":"https:\/\/www.uaga.eus\/curso-para-formentar-la-igualdad-de-oportunidades-entre-mujeres-y-hombres-en-el-sector-primario\/","url":"https:\/\/www.uaga.eus\/curso-para-formentar-la-igualdad-de-oportunidades-entre-mujeres-y-hombres-en-el-sector-primario\/","name":"Curso para formentar la igualdad de oportunidades entre mujeres y hombres en el sector primario - UAGA","isPartOf":{"@id":"https:\/\/www.uaga.eus\/#website"},"datePublished":"2019-12-05T11:59:40+00:00","dateModified":"2019-12-05T11:59:40+00:00","author":{"@id":"https:\/\/www.uaga.eus\/#\/schema\/person\/48c3cbf0f33d1b788226dbb6518689cf"},"breadcrumb":{"@id":"https:\/\/www.uaga.eus\/curso-para-formentar-la-igualdad-de-oportunidades-entre-mujeres-y-hombres-en-el-sector-primario\/#breadcrumb"},"inLanguage":"eu","potentialAction":[{"@type":"ReadAction","target":["https:\/\/www.uaga.eus\/curso-para-formentar-la-igualdad-de-oportunidades-entre-mujeres-y-hombres-en-el-sector-primario\/"]}]},{"@type":"BreadcrumbList","@id":"https:\/\/www.uaga.eus\/curso-para-formentar-la-igualdad-de-oportunidades-entre-mujeres-y-hombres-en-el-sector-primario\/#breadcrumb","itemListElement":[{"@type":"ListItem","position":1,"name":"Inicio","item":"https:\/\/www.uaga.eus\/"},{"@type":"ListItem","position":2,"name":"Curso para formentar la igualdad de oportunidades entre mujeres y hombres en el sector primario"}]},{"@type":"WebSite","@id":"https:\/\/www.uaga.eus\/#website","url":"https:\/\/www.uaga.eus\/","name":"UAGA","description":"Uni\u00f3n Agroganadera de \u00c1lava - Araba Nekazarien Elkartea","potentialAction":[{"@type":"SearchAction","target":{"@type":"EntryPoint","urlTemplate":"https:\/\/www.uaga.eus\/?s={search_term_string}"},"query-input":"required name=search_term_string"}],"inLanguage":"eu"},{"@type":"Person","@id":"https:\/\/www.uaga.eus\/#\/schema\/person\/48c3cbf0f33d1b788226dbb6518689cf","name":"Blanca S\u00e1nchez","image":{"@type":"ImageObject","inLanguage":"eu","@id":"https:\/\/www.uaga.eus\/#\/schema\/person\/image\/","url":"https:\/\/secure.gravatar.com\/avatar\/0dc91c20648254b1ce84877283f6751b?s=96&d=mm&r=g","contentUrl":"https:\/\/secure.gravatar.com\/avatar\/0dc91c20648254b1ce84877283f6751b?s=96&d=mm&r=g","caption":"Blanca S\u00e1nchez"},"url":"https:\/\/www.uaga.eus\/eu\/author\/bsanchez\/"}]}},"_links":{"self":[{"href":"https:\/\/www.uaga.eus\/eu\/wp-json\/wp\/v2\/posts\/6701"}],"collection":[{"href":"https:\/\/www.uaga.eus\/eu\/wp-json\/wp\/v2\/posts"}],"about":[{"href":"https:\/\/www.uaga.eus\/eu\/wp-json\/wp\/v2\/types\/post"}],"author":[{"embeddable":true,"href":"https:\/\/www.uaga.eus\/eu\/wp-json\/wp\/v2\/users\/4"}],"replies":[{"embeddable":true,"href":"https:\/\/www.uaga.eus\/eu\/wp-json\/wp\/v2\/comments?post=6701"}],"version-history":[{"count":1,"href":"https:\/\/www.uaga.eus\/eu\/wp-json\/wp\/v2\/posts\/6701\/revisions"}],"predecessor-version":[{"id":6702,"href":"https:\/\/www.uaga.eus\/eu\/wp-json\/wp\/v2\/posts\/6701\/revisions\/6702"}],"wp:featuredmedia":[{"embeddable":true,"href":"https:\/\/www.uaga.eus\/eu\/wp-json\/wp\/v2\/media\/4474"}],"wp:attachment":[{"href":"https:\/\/www.uaga.eus\/eu\/wp-json\/wp\/v2\/media?parent=6701"}],"wp:term":[{"taxonomy":"category","embeddable":true,"href":"https:\/\/www.uaga.eus\/eu\/wp-json\/wp\/v2\/categories?post=6701"},{"taxonomy":"post_tag","embeddable":true,"href":"https:\/\/www.uaga.eus\/eu\/wp-json\/wp\/v2\/tags?post=6701"}],"curies":[{"name":"wp","href":"https:\/\/api.w.org\/{rel}","templated":true}]}}