{"id":6697,"date":"2019-12-05T11:55:07","date_gmt":"2019-12-05T11:55:07","guid":{"rendered":"https:\/\/www.uaga.eus\/?p=6697"},"modified":"2019-12-05T11:55:07","modified_gmt":"2019-12-05T11:55:07","slug":"el-12-de-diciembre-jornadas-sobre-alimentacion-saludable-en-el-palacio-europa-de-vitoria-gasteiz","status":"publish","type":"post","link":"https:\/\/www.uaga.eus\/eu\/el-12-de-diciembre-jornadas-sobre-alimentacion-saludable-en-el-palacio-europa-de-vitoria-gasteiz\/","title":{"rendered":"El 12 de diciembre, jornadas sobre alimentaci\u00f3n saludable en el Palacio Europa de Vitoria-Gasteiz"},"content":{"rendered":"<p>El Departamento de Salud de Gobierno Vasco ha organizado\u00a0para el pr\u00f3ximo 12 de diciembre la jornada\u00a0\u201c365 d\u00edas m\u00e1s impulsando la alimentaci\u00f3n saludable en Euskadi\u201d. Se celebrar\u00e1 en el\u00a0 \u00a0\u201cAuditorio Francisco de Vitoria\u201d del Palacio de Congresos Europa en Vitoria-Gasteiz.<\/p>\n<p>El objetivo de la jornada es difundir los avances de este\u00a0proyecto y presentar las primeras iniciativas adheridas al programa.<\/p>\n<p>Puedes inscribirte <a href=\"https:\/\/docs.google.com\/forms\/d\/e\/1FAIpQLSeMlkbZOeXLqOMxNdSXfP1eMVzKWAEwTvTNswx5l5PQREy96g\/viewform\" target=\"_blank\" rel=\"noopener\" data-cke-saved-href=\"https:\/\/docs.google.com\/forms\/d\/e\/1FAIpQLSeMlkbZOeXLqOMxNdSXfP1eMVzKWAEwTvTNswx5l5PQREy96g\/viewform\">aqu\u00ed<\/a>.<\/p>\n","protected":false},"excerpt":{"rendered":"<p>El Departamento de Salud de Gobierno Vasco ha organizado\u00a0para el pr\u00f3ximo 12 de diciembre la jornada\u00a0\u201c365 d\u00edas m\u00e1s impulsando la alimentaci\u00f3n saludable en Euskadi\u201d. Se celebrar\u00e1 en el\u00a0 \u00a0\u201cAuditorio Francisco de Vitoria\u201d del Palacio de Congresos Europa en Vitoria-Gasteiz. El objetivo de la jornada es difundir los avances de este\u00a0proyecto y presentar las primeras iniciativas [&hellip;]<\/p>\n","protected":false},"author":4,"featured_media":4564,"comment_status":"closed","ping_status":"closed","sticky":false,"template":"","format":"standard","meta":{"footnotes":""},"categories":[7,8,11],"tags":[],"yoast_head":"<!-- This site is optimized with the Yoast SEO plugin v21.5 - https:\/\/yoast.com\/wordpress\/plugins\/seo\/ -->\n<title>El 12 de diciembre, jornadas sobre alimentaci\u00f3n saludable en el Palacio Europa de Vitoria-Gasteiz - UAGA<\/title>\n<meta name=\"robots\" content=\"index, follow, max-snippet:-1, max-image-preview:large, max-video-preview:-1\" \/>\n<link rel=\"canonical\" href=\"https:\/\/www.uaga.eus\/el-12-de-diciembre-jornadas-sobre-alimentacion-saludable-en-el-palacio-europa-de-vitoria-gasteiz\/\" \/>\n<meta property=\"og:locale\" content=\"en_US\" \/>\n<meta property=\"og:type\" content=\"article\" \/>\n<meta property=\"og:title\" content=\"El 12 de diciembre, jornadas sobre alimentaci\u00f3n saludable en el Palacio Europa de Vitoria-Gasteiz - UAGA\" \/>\n<meta property=\"og:description\" content=\"El Departamento de Salud de Gobierno Vasco ha organizado\u00a0para el pr\u00f3ximo 12 de diciembre la jornada\u00a0\u201c365 d\u00edas m\u00e1s impulsando la alimentaci\u00f3n saludable en Euskadi\u201d. Se celebrar\u00e1 en el\u00a0 \u00a0\u201cAuditorio Francisco de Vitoria\u201d del Palacio de Congresos Europa en Vitoria-Gasteiz. El objetivo de la jornada es difundir los avances de este\u00a0proyecto y presentar las primeras iniciativas [&hellip;]\" \/>\n<meta property=\"og:url\" content=\"https:\/\/www.uaga.eus\/el-12-de-diciembre-jornadas-sobre-alimentacion-saludable-en-el-palacio-europa-de-vitoria-gasteiz\/\" \/>\n<meta property=\"og:site_name\" content=\"UAGA\" \/>\n<meta property=\"article:published_time\" content=\"2019-12-05T11:55:07+00:00\" \/>\n<meta property=\"og:image\" content=\"https:\/\/www.uaga.eus\/wp-content\/uploads\/2018\/10\/Elikadura-osasungarrirako-ekimenak-Iniciativas-alimentaci\u00f3n-saludable-001.jpg\" \/>\n\t<meta property=\"og:image:width\" content=\"1188\" \/>\n\t<meta property=\"og:image:height\" content=\"242\" \/>\n\t<meta property=\"og:image:type\" content=\"image\/jpeg\" \/>\n<meta name=\"author\" content=\"Blanca S\u00e1nchez\" \/>\n<meta name=\"twitter:card\" content=\"summary_large_image\" \/>\n<meta name=\"twitter:label1\" content=\"Written by\" \/>\n\t<meta name=\"twitter:data1\" content=\"Blanca S\u00e1nchez\" \/>\n<script type=\"application\/ld+json\" class=\"yoast-schema-graph\">{\"@context\":\"https:\/\/schema.org\",\"@graph\":[{\"@type\":\"WebPage\",\"@id\":\"https:\/\/www.uaga.eus\/el-12-de-diciembre-jornadas-sobre-alimentacion-saludable-en-el-palacio-europa-de-vitoria-gasteiz\/\",\"url\":\"https:\/\/www.uaga.eus\/el-12-de-diciembre-jornadas-sobre-alimentacion-saludable-en-el-palacio-europa-de-vitoria-gasteiz\/\",\"name\":\"El 12 de diciembre, jornadas sobre alimentaci\u00f3n saludable en el Palacio Europa de Vitoria-Gasteiz - UAGA\",\"isPartOf\":{\"@id\":\"https:\/\/www.uaga.eus\/#website\"},\"datePublished\":\"2019-12-05T11:55:07+00:00\",\"dateModified\":\"2019-12-05T11:55:07+00:00\",\"author\":{\"@id\":\"https:\/\/www.uaga.eus\/#\/schema\/person\/48c3cbf0f33d1b788226dbb6518689cf\"},\"breadcrumb\":{\"@id\":\"https:\/\/www.uaga.eus\/el-12-de-diciembre-jornadas-sobre-alimentacion-saludable-en-el-palacio-europa-de-vitoria-gasteiz\/#breadcrumb\"},\"inLanguage\":\"eu\",\"potentialAction\":[{\"@type\":\"ReadAction\",\"target\":[\"https:\/\/www.uaga.eus\/el-12-de-diciembre-jornadas-sobre-alimentacion-saludable-en-el-palacio-europa-de-vitoria-gasteiz\/\"]}]},{\"@type\":\"BreadcrumbList\",\"@id\":\"https:\/\/www.uaga.eus\/el-12-de-diciembre-jornadas-sobre-alimentacion-saludable-en-el-palacio-europa-de-vitoria-gasteiz\/#breadcrumb\",\"itemListElement\":[{\"@type\":\"ListItem\",\"position\":1,\"name\":\"Inicio\",\"item\":\"https:\/\/www.uaga.eus\/\"},{\"@type\":\"ListItem\",\"position\":2,\"name\":\"El 12 de diciembre, jornadas sobre alimentaci\u00f3n saludable en el Palacio Europa de Vitoria-Gasteiz\"}]},{\"@type\":\"WebSite\",\"@id\":\"https:\/\/www.uaga.eus\/#website\",\"url\":\"https:\/\/www.uaga.eus\/\",\"name\":\"UAGA\",\"description\":\"Uni\u00f3n Agroganadera de \u00c1lava - Araba Nekazarien Elkartea\",\"potentialAction\":[{\"@type\":\"SearchAction\",\"target\":{\"@type\":\"EntryPoint\",\"urlTemplate\":\"https:\/\/www.uaga.eus\/?s={search_term_string}\"},\"query-input\":\"required name=search_term_string\"}],\"inLanguage\":\"eu\"},{\"@type\":\"Person\",\"@id\":\"https:\/\/www.uaga.eus\/#\/schema\/person\/48c3cbf0f33d1b788226dbb6518689cf\",\"name\":\"Blanca S\u00e1nchez\",\"image\":{\"@type\":\"ImageObject\",\"inLanguage\":\"eu\",\"@id\":\"https:\/\/www.uaga.eus\/#\/schema\/person\/image\/\",\"url\":\"https:\/\/secure.gravatar.com\/avatar\/0dc91c20648254b1ce84877283f6751b?s=96&d=mm&r=g\",\"contentUrl\":\"https:\/\/secure.gravatar.com\/avatar\/0dc91c20648254b1ce84877283f6751b?s=96&d=mm&r=g\",\"caption\":\"Blanca S\u00e1nchez\"},\"url\":\"https:\/\/www.uaga.eus\/eu\/author\/bsanchez\/\"}]}<\/script>\n<!-- \/ Yoast SEO plugin. -->","yoast_head_json":{"title":"El 12 de diciembre, jornadas sobre alimentaci\u00f3n saludable en el Palacio Europa de Vitoria-Gasteiz - UAGA","robots":{"index":"index","follow":"follow","max-snippet":"max-snippet:-1","max-image-preview":"max-image-preview:large","max-video-preview":"max-video-preview:-1"},"canonical":"https:\/\/www.uaga.eus\/el-12-de-diciembre-jornadas-sobre-alimentacion-saludable-en-el-palacio-europa-de-vitoria-gasteiz\/","og_locale":"en_US","og_type":"article","og_title":"El 12 de diciembre, jornadas sobre alimentaci\u00f3n saludable en el Palacio Europa de Vitoria-Gasteiz - UAGA","og_description":"El Departamento de Salud de Gobierno Vasco ha organizado\u00a0para el pr\u00f3ximo 12 de diciembre la jornada\u00a0\u201c365 d\u00edas m\u00e1s impulsando la alimentaci\u00f3n saludable en Euskadi\u201d. Se celebrar\u00e1 en el\u00a0 \u00a0\u201cAuditorio Francisco de Vitoria\u201d del Palacio de Congresos Europa en Vitoria-Gasteiz. El objetivo de la jornada es difundir los avances de este\u00a0proyecto y presentar las primeras iniciativas [&hellip;]","og_url":"https:\/\/www.uaga.eus\/el-12-de-diciembre-jornadas-sobre-alimentacion-saludable-en-el-palacio-europa-de-vitoria-gasteiz\/","og_site_name":"UAGA","article_published_time":"2019-12-05T11:55:07+00:00","og_image":[{"width":1188,"height":242,"url":"https:\/\/www.uaga.eus\/wp-content\/uploads\/2018\/10\/Elikadura-osasungarrirako-ekimenak-Iniciativas-alimentaci\u00f3n-saludable-001.jpg","type":"image\/jpeg"}],"author":"Blanca S\u00e1nchez","twitter_card":"summary_large_image","twitter_misc":{"Written by":"Blanca S\u00e1nchez"},"schema":{"@context":"https:\/\/schema.org","@graph":[{"@type":"WebPage","@id":"https:\/\/www.uaga.eus\/el-12-de-diciembre-jornadas-sobre-alimentacion-saludable-en-el-palacio-europa-de-vitoria-gasteiz\/","url":"https:\/\/www.uaga.eus\/el-12-de-diciembre-jornadas-sobre-alimentacion-saludable-en-el-palacio-europa-de-vitoria-gasteiz\/","name":"El 12 de diciembre, jornadas sobre alimentaci\u00f3n saludable en el Palacio Europa de Vitoria-Gasteiz - UAGA","isPartOf":{"@id":"https:\/\/www.uaga.eus\/#website"},"datePublished":"2019-12-05T11:55:07+00:00","dateModified":"2019-12-05T11:55:07+00:00","author":{"@id":"https:\/\/www.uaga.eus\/#\/schema\/person\/48c3cbf0f33d1b788226dbb6518689cf"},"breadcrumb":{"@id":"https:\/\/www.uaga.eus\/el-12-de-diciembre-jornadas-sobre-alimentacion-saludable-en-el-palacio-europa-de-vitoria-gasteiz\/#breadcrumb"},"inLanguage":"eu","potentialAction":[{"@type":"ReadAction","target":["https:\/\/www.uaga.eus\/el-12-de-diciembre-jornadas-sobre-alimentacion-saludable-en-el-palacio-europa-de-vitoria-gasteiz\/"]}]},{"@type":"BreadcrumbList","@id":"https:\/\/www.uaga.eus\/el-12-de-diciembre-jornadas-sobre-alimentacion-saludable-en-el-palacio-europa-de-vitoria-gasteiz\/#breadcrumb","itemListElement":[{"@type":"ListItem","position":1,"name":"Inicio","item":"https:\/\/www.uaga.eus\/"},{"@type":"ListItem","position":2,"name":"El 12 de diciembre, jornadas sobre alimentaci\u00f3n saludable en el Palacio Europa de Vitoria-Gasteiz"}]},{"@type":"WebSite","@id":"https:\/\/www.uaga.eus\/#website","url":"https:\/\/www.uaga.eus\/","name":"UAGA","description":"Uni\u00f3n Agroganadera de \u00c1lava - Araba Nekazarien Elkartea","potentialAction":[{"@type":"SearchAction","target":{"@type":"EntryPoint","urlTemplate":"https:\/\/www.uaga.eus\/?s={search_term_string}"},"query-input":"required name=search_term_string"}],"inLanguage":"eu"},{"@type":"Person","@id":"https:\/\/www.uaga.eus\/#\/schema\/person\/48c3cbf0f33d1b788226dbb6518689cf","name":"Blanca S\u00e1nchez","image":{"@type":"ImageObject","inLanguage":"eu","@id":"https:\/\/www.uaga.eus\/#\/schema\/person\/image\/","url":"https:\/\/secure.gravatar.com\/avatar\/0dc91c20648254b1ce84877283f6751b?s=96&d=mm&r=g","contentUrl":"https:\/\/secure.gravatar.com\/avatar\/0dc91c20648254b1ce84877283f6751b?s=96&d=mm&r=g","caption":"Blanca S\u00e1nchez"},"url":"https:\/\/www.uaga.eus\/eu\/author\/bsanchez\/"}]}},"_links":{"self":[{"href":"https:\/\/www.uaga.eus\/eu\/wp-json\/wp\/v2\/posts\/6697"}],"collection":[{"href":"https:\/\/www.uaga.eus\/eu\/wp-json\/wp\/v2\/posts"}],"about":[{"href":"https:\/\/www.uaga.eus\/eu\/wp-json\/wp\/v2\/types\/post"}],"author":[{"embeddable":true,"href":"https:\/\/www.uaga.eus\/eu\/wp-json\/wp\/v2\/users\/4"}],"replies":[{"embeddable":true,"href":"https:\/\/www.uaga.eus\/eu\/wp-json\/wp\/v2\/comments?post=6697"}],"version-history":[{"count":1,"href":"https:\/\/www.uaga.eus\/eu\/wp-json\/wp\/v2\/posts\/6697\/revisions"}],"predecessor-version":[{"id":6698,"href":"https:\/\/www.uaga.eus\/eu\/wp-json\/wp\/v2\/posts\/6697\/revisions\/6698"}],"wp:featuredmedia":[{"embeddable":true,"href":"https:\/\/www.uaga.eus\/eu\/wp-json\/wp\/v2\/media\/4564"}],"wp:attachment":[{"href":"https:\/\/www.uaga.eus\/eu\/wp-json\/wp\/v2\/media?parent=6697"}],"wp:term":[{"taxonomy":"category","embeddable":true,"href":"https:\/\/www.uaga.eus\/eu\/wp-json\/wp\/v2\/categories?post=6697"},{"taxonomy":"post_tag","embeddable":true,"href":"https:\/\/www.uaga.eus\/eu\/wp-json\/wp\/v2\/tags?post=6697"}],"curies":[{"name":"wp","href":"https:\/\/api.w.org\/{rel}","templated":true}]}}