{"id":6692,"date":"2019-11-28T13:22:58","date_gmt":"2019-11-28T13:22:58","guid":{"rendered":"https:\/\/www.uaga.eus\/?p=6692"},"modified":"2019-11-28T13:24:29","modified_gmt":"2019-11-28T13:24:29","slug":"uaga-te-invita-a-participar-en-la-jornada-de-lanzamiento-del-decenio-para-la-agricultura-familiar-2019-2028-en-euskadi-el-5-de-diciembre-en-el-palacio-europa-de-vitoria-gasteiz","status":"publish","type":"post","link":"https:\/\/www.uaga.eus\/eu\/uaga-te-invita-a-participar-en-la-jornada-de-lanzamiento-del-decenio-para-la-agricultura-familiar-2019-2028-en-euskadi-el-5-de-diciembre-en-el-palacio-europa-de-vitoria-gasteiz\/","title":{"rendered":"UAGA te invita a participar en la jornada de lanzamiento del Decenio para la Agricultura Familiar 2019-2028 en Euskadi, el 5 de diciembre en el Palacio Europa de Vitoria-Gasteiz"},"content":{"rendered":"<p>En 2017 la Asamblea General de las Naciones Unidas declaraba 2019-2028 como <strong>Decenio de las Naciones Unidas para la Agricultura Familiar.<\/strong><\/p>\n<p><strong>UAGA es socia del Foro Rural Mundial (FRM) desde 2016 y adem\u00e1s forma parte del Comit\u00e9 Ejecutivo desde 2019<\/strong>. Hemos participado recientemente en la presentaci\u00f3n del Decenio de la Agricultura Familiar primero en la FAO en Roma y posteriormente al Lehendakari y otros miembros del Departamento de Agricultura del Gobierno Vasco.<\/p>\n<p>Todo ello es el resultado de una campa\u00f1a liderada por organizaciones de la agricultura familiar y otras organizaciones de la sociedad civil para <strong>lograr mejorar la calidad de vida de agricultores y agricultoras familiares del mundo.<\/strong><\/p>\n<p>Pr\u00f3ximamente se va a constituir el <strong>Comit\u00e9 Regional de Agricultura Familiar de Euskadi<\/strong>, en el que tambi\u00e9n participaremos desde UAGA.<\/p>\n<p><strong>El 5 de diciembre se presenta el Decenio de la Agricultura Familiar en Euskadi, en Vitoria-Gasteiz, que tendr\u00e1 lugar en el Palacio Europa de 9 h. a 13:30 h. Pueden consultar aqu\u00ed el <a href=\"https:\/\/gallery.mailchimp.com\/498b950ccfc4b8d0e600d7e48\/files\/652d0ec8-ed12-4927-b0fa-bd3485fd0400\/20191205_PROGRAMA_JORNADA_FRM_1_.pdf\" target=\"_blank\" rel=\"noopener\" data-cke-saved-href=\"https:\/\/gallery.mailchimp.com\/498b950ccfc4b8d0e600d7e48\/files\/652d0ec8-ed12-4927-b0fa-bd3485fd0400\/20191205_PROGRAMA_JORNADA_FRM_1_.pdf\">programa<\/a>.<\/strong><\/p>\n<p>Se ha definido un <strong>Plan de Acci\u00f3n Global<\/strong> oficial adoptado por organizaciones internacionales y gobiernos que se estructura en <strong>7 pilares<\/strong> en apoyo a la agricultura familiar:<\/p>\n<ul>\n<li>PILAR 1: Crear un entorno pol\u00edtico propicio para fortalecer la agricultura familiar<\/li>\n<li>PILAR 2: Apoyar a los j\u00f3venes y asegurar la sostenibilidad generacional de la agricultura familiar<\/li>\n<li>PILAR 3: Promover la equidad de g\u00e9nero en la agricultura familiar y el papel de liderazgo de las mujeres sin espacio<\/li>\n<li>PILAR 4: Fortalecer las organizaciones de los agricultores familiares y su capacidad para generar conocimiento, representar a sus miembros y prestar servicios inclusivos en el continuo urbano-rural<\/li>\n<li>PILAR 5: Mejorar la inclusi\u00f3n socioecon\u00f3mica, la resiliencia y el bienestar de los agricultores familiares y los hogares y comunidades rurales<\/li>\n<li>PILAR 6: Promover la sostenibilidad de la agricultura familiar para conseguir sistemas alimentarios resilientes al cambio clim\u00e1tico<\/li>\n<li>PILAR 7: Fortalecer la multidimensionalidad de la agricultura familiar para lograr innovaciones sociales que contribuyan al desarrollo territorial y a sistemas alimentarios que salvaguarden la biodiversidad, el medio ambiente y la cultura<\/li>\n<\/ul>\n<p>+info NURIA: 635 704 866<\/p>\n","protected":false},"excerpt":{"rendered":"<p>En 2017 la Asamblea General de las Naciones Unidas declaraba 2019-2028 como Decenio de las Naciones Unidas para la Agricultura Familiar. UAGA es socia del Foro Rural Mundial (FRM) desde 2016 y adem\u00e1s forma parte del Comit\u00e9 Ejecutivo desde 2019. Hemos participado recientemente en la presentaci\u00f3n del Decenio de la Agricultura Familiar primero en la [&hellip;]<\/p>\n","protected":false},"author":4,"featured_media":6676,"comment_status":"closed","ping_status":"closed","sticky":false,"template":"","format":"standard","meta":{"footnotes":""},"categories":[7,37,8],"tags":[],"yoast_head":"<!-- This site is optimized with the Yoast SEO plugin v21.5 - https:\/\/yoast.com\/wordpress\/plugins\/seo\/ -->\n<title>UAGA te invita a participar en la jornada de lanzamiento del Decenio para la Agricultura Familiar 2019-2028 en Euskadi, el 5 de diciembre en el Palacio Europa de Vitoria-Gasteiz - UAGA<\/title>\n<meta name=\"robots\" content=\"index, follow, max-snippet:-1, max-image-preview:large, max-video-preview:-1\" \/>\n<link rel=\"canonical\" href=\"https:\/\/www.uaga.eus\/uaga-te-invita-a-participar-en-la-jornada-de-lanzamiento-del-decenio-para-la-agricultura-familiar-2019-2028-en-euskadi-el-5-de-diciembre-en-el-palacio-europa-de-vitoria-gasteiz\/\" \/>\n<meta property=\"og:locale\" content=\"en_US\" \/>\n<meta property=\"og:type\" content=\"article\" \/>\n<meta property=\"og:title\" content=\"UAGA te invita a participar en la jornada de lanzamiento del Decenio para la Agricultura Familiar 2019-2028 en Euskadi, el 5 de diciembre en el Palacio Europa de Vitoria-Gasteiz - UAGA\" \/>\n<meta property=\"og:description\" content=\"En 2017 la Asamblea General de las Naciones Unidas declaraba 2019-2028 como Decenio de las Naciones Unidas para la Agricultura Familiar. UAGA es socia del Foro Rural Mundial (FRM) desde 2016 y adem\u00e1s forma parte del Comit\u00e9 Ejecutivo desde 2019. Hemos participado recientemente en la presentaci\u00f3n del Decenio de la Agricultura Familiar primero en la [&hellip;]\" \/>\n<meta property=\"og:url\" content=\"https:\/\/www.uaga.eus\/uaga-te-invita-a-participar-en-la-jornada-de-lanzamiento-del-decenio-para-la-agricultura-familiar-2019-2028-en-euskadi-el-5-de-diciembre-en-el-palacio-europa-de-vitoria-gasteiz\/\" \/>\n<meta property=\"og:site_name\" content=\"UAGA\" \/>\n<meta property=\"article:published_time\" content=\"2019-11-28T13:22:58+00:00\" \/>\n<meta property=\"article:modified_time\" content=\"2019-11-28T13:24:29+00:00\" \/>\n<meta property=\"og:image\" content=\"https:\/\/www.uaga.eus\/wp-content\/uploads\/2019\/11\/20191205-PROGRAMA-JORNADA-FRM-1_pages-to-jpg-0001-e1574947443894.jpg\" \/>\n\t<meta property=\"og:image:width\" content=\"650\" \/>\n\t<meta property=\"og:image:height\" content=\"243\" \/>\n\t<meta property=\"og:image:type\" content=\"image\/jpeg\" \/>\n<meta name=\"author\" content=\"Blanca S\u00e1nchez\" \/>\n<meta name=\"twitter:card\" content=\"summary_large_image\" \/>\n<meta name=\"twitter:label1\" content=\"Written by\" \/>\n\t<meta name=\"twitter:data1\" content=\"Blanca S\u00e1nchez\" \/>\n\t<meta name=\"twitter:label2\" content=\"Est. reading time\" \/>\n\t<meta name=\"twitter:data2\" content=\"2 minutua\" \/>\n<script type=\"application\/ld+json\" class=\"yoast-schema-graph\">{\"@context\":\"https:\/\/schema.org\",\"@graph\":[{\"@type\":\"WebPage\",\"@id\":\"https:\/\/www.uaga.eus\/uaga-te-invita-a-participar-en-la-jornada-de-lanzamiento-del-decenio-para-la-agricultura-familiar-2019-2028-en-euskadi-el-5-de-diciembre-en-el-palacio-europa-de-vitoria-gasteiz\/\",\"url\":\"https:\/\/www.uaga.eus\/uaga-te-invita-a-participar-en-la-jornada-de-lanzamiento-del-decenio-para-la-agricultura-familiar-2019-2028-en-euskadi-el-5-de-diciembre-en-el-palacio-europa-de-vitoria-gasteiz\/\",\"name\":\"UAGA te invita a participar en la jornada de lanzamiento del Decenio para la Agricultura Familiar 2019-2028 en Euskadi, el 5 de diciembre en el Palacio Europa de Vitoria-Gasteiz - UAGA\",\"isPartOf\":{\"@id\":\"https:\/\/www.uaga.eus\/#website\"},\"datePublished\":\"2019-11-28T13:22:58+00:00\",\"dateModified\":\"2019-11-28T13:24:29+00:00\",\"author\":{\"@id\":\"https:\/\/www.uaga.eus\/#\/schema\/person\/48c3cbf0f33d1b788226dbb6518689cf\"},\"breadcrumb\":{\"@id\":\"https:\/\/www.uaga.eus\/uaga-te-invita-a-participar-en-la-jornada-de-lanzamiento-del-decenio-para-la-agricultura-familiar-2019-2028-en-euskadi-el-5-de-diciembre-en-el-palacio-europa-de-vitoria-gasteiz\/#breadcrumb\"},\"inLanguage\":\"eu\",\"potentialAction\":[{\"@type\":\"ReadAction\",\"target\":[\"https:\/\/www.uaga.eus\/uaga-te-invita-a-participar-en-la-jornada-de-lanzamiento-del-decenio-para-la-agricultura-familiar-2019-2028-en-euskadi-el-5-de-diciembre-en-el-palacio-europa-de-vitoria-gasteiz\/\"]}]},{\"@type\":\"BreadcrumbList\",\"@id\":\"https:\/\/www.uaga.eus\/uaga-te-invita-a-participar-en-la-jornada-de-lanzamiento-del-decenio-para-la-agricultura-familiar-2019-2028-en-euskadi-el-5-de-diciembre-en-el-palacio-europa-de-vitoria-gasteiz\/#breadcrumb\",\"itemListElement\":[{\"@type\":\"ListItem\",\"position\":1,\"name\":\"Inicio\",\"item\":\"https:\/\/www.uaga.eus\/\"},{\"@type\":\"ListItem\",\"position\":2,\"name\":\"UAGA te invita a participar en la jornada de lanzamiento del Decenio para la Agricultura Familiar 2019-2028 en Euskadi, el 5 de diciembre en el Palacio Europa de Vitoria-Gasteiz\"}]},{\"@type\":\"WebSite\",\"@id\":\"https:\/\/www.uaga.eus\/#website\",\"url\":\"https:\/\/www.uaga.eus\/\",\"name\":\"UAGA\",\"description\":\"Uni\u00f3n Agroganadera de \u00c1lava - Araba Nekazarien Elkartea\",\"potentialAction\":[{\"@type\":\"SearchAction\",\"target\":{\"@type\":\"EntryPoint\",\"urlTemplate\":\"https:\/\/www.uaga.eus\/?s={search_term_string}\"},\"query-input\":\"required name=search_term_string\"}],\"inLanguage\":\"eu\"},{\"@type\":\"Person\",\"@id\":\"https:\/\/www.uaga.eus\/#\/schema\/person\/48c3cbf0f33d1b788226dbb6518689cf\",\"name\":\"Blanca S\u00e1nchez\",\"image\":{\"@type\":\"ImageObject\",\"inLanguage\":\"eu\",\"@id\":\"https:\/\/www.uaga.eus\/#\/schema\/person\/image\/\",\"url\":\"https:\/\/secure.gravatar.com\/avatar\/0dc91c20648254b1ce84877283f6751b?s=96&d=mm&r=g\",\"contentUrl\":\"https:\/\/secure.gravatar.com\/avatar\/0dc91c20648254b1ce84877283f6751b?s=96&d=mm&r=g\",\"caption\":\"Blanca S\u00e1nchez\"},\"url\":\"https:\/\/www.uaga.eus\/eu\/author\/bsanchez\/\"}]}<\/script>\n<!-- \/ Yoast SEO plugin. -->","yoast_head_json":{"title":"UAGA te invita a participar en la jornada de lanzamiento del Decenio para la Agricultura Familiar 2019-2028 en Euskadi, el 5 de diciembre en el Palacio Europa de Vitoria-Gasteiz - UAGA","robots":{"index":"index","follow":"follow","max-snippet":"max-snippet:-1","max-image-preview":"max-image-preview:large","max-video-preview":"max-video-preview:-1"},"canonical":"https:\/\/www.uaga.eus\/uaga-te-invita-a-participar-en-la-jornada-de-lanzamiento-del-decenio-para-la-agricultura-familiar-2019-2028-en-euskadi-el-5-de-diciembre-en-el-palacio-europa-de-vitoria-gasteiz\/","og_locale":"en_US","og_type":"article","og_title":"UAGA te invita a participar en la jornada de lanzamiento del Decenio para la Agricultura Familiar 2019-2028 en Euskadi, el 5 de diciembre en el Palacio Europa de Vitoria-Gasteiz - UAGA","og_description":"En 2017 la Asamblea General de las Naciones Unidas declaraba 2019-2028 como Decenio de las Naciones Unidas para la Agricultura Familiar. UAGA es socia del Foro Rural Mundial (FRM) desde 2016 y adem\u00e1s forma parte del Comit\u00e9 Ejecutivo desde 2019. Hemos participado recientemente en la presentaci\u00f3n del Decenio de la Agricultura Familiar primero en la [&hellip;]","og_url":"https:\/\/www.uaga.eus\/uaga-te-invita-a-participar-en-la-jornada-de-lanzamiento-del-decenio-para-la-agricultura-familiar-2019-2028-en-euskadi-el-5-de-diciembre-en-el-palacio-europa-de-vitoria-gasteiz\/","og_site_name":"UAGA","article_published_time":"2019-11-28T13:22:58+00:00","article_modified_time":"2019-11-28T13:24:29+00:00","og_image":[{"width":650,"height":243,"url":"https:\/\/www.uaga.eus\/wp-content\/uploads\/2019\/11\/20191205-PROGRAMA-JORNADA-FRM-1_pages-to-jpg-0001-e1574947443894.jpg","type":"image\/jpeg"}],"author":"Blanca S\u00e1nchez","twitter_card":"summary_large_image","twitter_misc":{"Written by":"Blanca S\u00e1nchez","Est. reading time":"2 minutua"},"schema":{"@context":"https:\/\/schema.org","@graph":[{"@type":"WebPage","@id":"https:\/\/www.uaga.eus\/uaga-te-invita-a-participar-en-la-jornada-de-lanzamiento-del-decenio-para-la-agricultura-familiar-2019-2028-en-euskadi-el-5-de-diciembre-en-el-palacio-europa-de-vitoria-gasteiz\/","url":"https:\/\/www.uaga.eus\/uaga-te-invita-a-participar-en-la-jornada-de-lanzamiento-del-decenio-para-la-agricultura-familiar-2019-2028-en-euskadi-el-5-de-diciembre-en-el-palacio-europa-de-vitoria-gasteiz\/","name":"UAGA te invita a participar en la jornada de lanzamiento del Decenio para la Agricultura Familiar 2019-2028 en Euskadi, el 5 de diciembre en el Palacio Europa de Vitoria-Gasteiz - UAGA","isPartOf":{"@id":"https:\/\/www.uaga.eus\/#website"},"datePublished":"2019-11-28T13:22:58+00:00","dateModified":"2019-11-28T13:24:29+00:00","author":{"@id":"https:\/\/www.uaga.eus\/#\/schema\/person\/48c3cbf0f33d1b788226dbb6518689cf"},"breadcrumb":{"@id":"https:\/\/www.uaga.eus\/uaga-te-invita-a-participar-en-la-jornada-de-lanzamiento-del-decenio-para-la-agricultura-familiar-2019-2028-en-euskadi-el-5-de-diciembre-en-el-palacio-europa-de-vitoria-gasteiz\/#breadcrumb"},"inLanguage":"eu","potentialAction":[{"@type":"ReadAction","target":["https:\/\/www.uaga.eus\/uaga-te-invita-a-participar-en-la-jornada-de-lanzamiento-del-decenio-para-la-agricultura-familiar-2019-2028-en-euskadi-el-5-de-diciembre-en-el-palacio-europa-de-vitoria-gasteiz\/"]}]},{"@type":"BreadcrumbList","@id":"https:\/\/www.uaga.eus\/uaga-te-invita-a-participar-en-la-jornada-de-lanzamiento-del-decenio-para-la-agricultura-familiar-2019-2028-en-euskadi-el-5-de-diciembre-en-el-palacio-europa-de-vitoria-gasteiz\/#breadcrumb","itemListElement":[{"@type":"ListItem","position":1,"name":"Inicio","item":"https:\/\/www.uaga.eus\/"},{"@type":"ListItem","position":2,"name":"UAGA te invita a participar en la jornada de lanzamiento del Decenio para la Agricultura Familiar 2019-2028 en Euskadi, el 5 de diciembre en el Palacio Europa de Vitoria-Gasteiz"}]},{"@type":"WebSite","@id":"https:\/\/www.uaga.eus\/#website","url":"https:\/\/www.uaga.eus\/","name":"UAGA","description":"Uni\u00f3n Agroganadera de \u00c1lava - Araba Nekazarien Elkartea","potentialAction":[{"@type":"SearchAction","target":{"@type":"EntryPoint","urlTemplate":"https:\/\/www.uaga.eus\/?s={search_term_string}"},"query-input":"required name=search_term_string"}],"inLanguage":"eu"},{"@type":"Person","@id":"https:\/\/www.uaga.eus\/#\/schema\/person\/48c3cbf0f33d1b788226dbb6518689cf","name":"Blanca S\u00e1nchez","image":{"@type":"ImageObject","inLanguage":"eu","@id":"https:\/\/www.uaga.eus\/#\/schema\/person\/image\/","url":"https:\/\/secure.gravatar.com\/avatar\/0dc91c20648254b1ce84877283f6751b?s=96&d=mm&r=g","contentUrl":"https:\/\/secure.gravatar.com\/avatar\/0dc91c20648254b1ce84877283f6751b?s=96&d=mm&r=g","caption":"Blanca S\u00e1nchez"},"url":"https:\/\/www.uaga.eus\/eu\/author\/bsanchez\/"}]}},"_links":{"self":[{"href":"https:\/\/www.uaga.eus\/eu\/wp-json\/wp\/v2\/posts\/6692"}],"collection":[{"href":"https:\/\/www.uaga.eus\/eu\/wp-json\/wp\/v2\/posts"}],"about":[{"href":"https:\/\/www.uaga.eus\/eu\/wp-json\/wp\/v2\/types\/post"}],"author":[{"embeddable":true,"href":"https:\/\/www.uaga.eus\/eu\/wp-json\/wp\/v2\/users\/4"}],"replies":[{"embeddable":true,"href":"https:\/\/www.uaga.eus\/eu\/wp-json\/wp\/v2\/comments?post=6692"}],"version-history":[{"count":2,"href":"https:\/\/www.uaga.eus\/eu\/wp-json\/wp\/v2\/posts\/6692\/revisions"}],"predecessor-version":[{"id":6695,"href":"https:\/\/www.uaga.eus\/eu\/wp-json\/wp\/v2\/posts\/6692\/revisions\/6695"}],"wp:featuredmedia":[{"embeddable":true,"href":"https:\/\/www.uaga.eus\/eu\/wp-json\/wp\/v2\/media\/6676"}],"wp:attachment":[{"href":"https:\/\/www.uaga.eus\/eu\/wp-json\/wp\/v2\/media?parent=6692"}],"wp:term":[{"taxonomy":"category","embeddable":true,"href":"https:\/\/www.uaga.eus\/eu\/wp-json\/wp\/v2\/categories?post=6692"},{"taxonomy":"post_tag","embeddable":true,"href":"https:\/\/www.uaga.eus\/eu\/wp-json\/wp\/v2\/tags?post=6692"}],"curies":[{"name":"wp","href":"https:\/\/api.w.org\/{rel}","templated":true}]}}