{"id":6690,"date":"2019-11-28T13:21:16","date_gmt":"2019-11-28T13:21:16","guid":{"rendered":"https:\/\/www.uaga.eus\/?p=6690"},"modified":"2020-03-18T11:28:01","modified_gmt":"2020-03-18T11:28:01","slug":"asamblea-del-colectivo-de-maiz-de-uaga","status":"publish","type":"post","link":"https:\/\/www.uaga.eus\/eu\/asamblea-del-colectivo-de-maiz-de-uaga\/","title":{"rendered":"Asamblea del colectivo de ma\u00edz de UAGA"},"content":{"rendered":"<p>Esta semana se ha celebrado en Respaldiza la asamblea del colectivo de ma\u00edz de UAGA, integrado por 11 explotaciones agr\u00edcolas y 15 ganaderas para hacer balance de la campa\u00f1a 2019.<\/p>\n<p>Se han presentado los resultados de la campa\u00f1a 2019 en la que la media de producci\u00f3n ha sido superior a la de campa\u00f1as anteriores y se han entregado cerca de 4.000 toneladas. Se han recordado las bases de organizaci\u00f3n del colectivo y se han recogido los puntos de mejora para las siguientes campa\u00f1as.<\/p>\n<p>Para finalizar, se ha confirmado la continuidad de los integrantes de la Junta del Ma\u00edz que ser\u00e1n los encargados de acordar el precio y condiciones para la pr\u00f3xima campa\u00f1a.<\/p>\n<p>+info SUGOI: 675 707 696<\/p>\n","protected":false},"excerpt":{"rendered":"<p>Esta semana se ha celebrado en Respaldiza la asamblea del colectivo de ma\u00edz de UAGA, integrado por 11 explotaciones agr\u00edcolas y 15 ganaderas para hacer balance de la campa\u00f1a 2019. Se han presentado los resultados de la campa\u00f1a 2019 en la que la media de producci\u00f3n ha sido superior a la de campa\u00f1as anteriores y [&hellip;]<\/p>\n","protected":false},"author":4,"featured_media":6474,"comment_status":"closed","ping_status":"closed","sticky":false,"template":"","format":"standard","meta":{"footnotes":""},"categories":[7,8],"tags":[],"yoast_head":"<!-- This site is optimized with the Yoast SEO plugin v21.5 - https:\/\/yoast.com\/wordpress\/plugins\/seo\/ -->\n<title>Asamblea del colectivo de ma\u00edz de UAGA - UAGA<\/title>\n<meta name=\"robots\" content=\"index, follow, max-snippet:-1, max-image-preview:large, max-video-preview:-1\" \/>\n<link rel=\"canonical\" href=\"https:\/\/www.uaga.eus\/asamblea-del-colectivo-de-maiz-de-uaga\/\" \/>\n<meta property=\"og:locale\" content=\"en_US\" \/>\n<meta property=\"og:type\" content=\"article\" \/>\n<meta property=\"og:title\" content=\"Asamblea del colectivo de ma\u00edz de UAGA - UAGA\" \/>\n<meta property=\"og:description\" content=\"Esta semana se ha celebrado en Respaldiza la asamblea del colectivo de ma\u00edz de UAGA, integrado por 11 explotaciones agr\u00edcolas y 15 ganaderas para hacer balance de la campa\u00f1a 2019. Se han presentado los resultados de la campa\u00f1a 2019 en la que la media de producci\u00f3n ha sido superior a la de campa\u00f1as anteriores y [&hellip;]\" \/>\n<meta property=\"og:url\" content=\"https:\/\/www.uaga.eus\/asamblea-del-colectivo-de-maiz-de-uaga\/\" \/>\n<meta property=\"og:site_name\" content=\"UAGA\" \/>\n<meta property=\"article:published_time\" content=\"2019-11-28T13:21:16+00:00\" \/>\n<meta property=\"article:modified_time\" content=\"2020-03-18T11:28:01+00:00\" \/>\n<meta property=\"og:image\" content=\"https:\/\/www.uaga.eus\/wp-content\/uploads\/2019\/09\/cosecha-ma\u00edz-2019-e1568374241373.jpeg\" \/>\n\t<meta property=\"og:image:width\" content=\"698\" \/>\n\t<meta property=\"og:image:height\" content=\"369\" \/>\n\t<meta property=\"og:image:type\" content=\"image\/jpeg\" \/>\n<meta name=\"author\" content=\"Blanca S\u00e1nchez\" \/>\n<meta name=\"twitter:card\" content=\"summary_large_image\" \/>\n<meta name=\"twitter:label1\" content=\"Written by\" \/>\n\t<meta name=\"twitter:data1\" content=\"Blanca S\u00e1nchez\" \/>\n\t<meta name=\"twitter:label2\" content=\"Est. reading time\" \/>\n\t<meta name=\"twitter:data2\" content=\"1 minutua\" \/>\n<script type=\"application\/ld+json\" class=\"yoast-schema-graph\">{\"@context\":\"https:\/\/schema.org\",\"@graph\":[{\"@type\":\"WebPage\",\"@id\":\"https:\/\/www.uaga.eus\/asamblea-del-colectivo-de-maiz-de-uaga\/\",\"url\":\"https:\/\/www.uaga.eus\/asamblea-del-colectivo-de-maiz-de-uaga\/\",\"name\":\"Asamblea del colectivo de ma\u00edz de UAGA - UAGA\",\"isPartOf\":{\"@id\":\"https:\/\/www.uaga.eus\/#website\"},\"datePublished\":\"2019-11-28T13:21:16+00:00\",\"dateModified\":\"2020-03-18T11:28:01+00:00\",\"author\":{\"@id\":\"https:\/\/www.uaga.eus\/#\/schema\/person\/48c3cbf0f33d1b788226dbb6518689cf\"},\"breadcrumb\":{\"@id\":\"https:\/\/www.uaga.eus\/asamblea-del-colectivo-de-maiz-de-uaga\/#breadcrumb\"},\"inLanguage\":\"eu\",\"potentialAction\":[{\"@type\":\"ReadAction\",\"target\":[\"https:\/\/www.uaga.eus\/asamblea-del-colectivo-de-maiz-de-uaga\/\"]}]},{\"@type\":\"BreadcrumbList\",\"@id\":\"https:\/\/www.uaga.eus\/asamblea-del-colectivo-de-maiz-de-uaga\/#breadcrumb\",\"itemListElement\":[{\"@type\":\"ListItem\",\"position\":1,\"name\":\"Inicio\",\"item\":\"https:\/\/www.uaga.eus\/\"},{\"@type\":\"ListItem\",\"position\":2,\"name\":\"Asamblea del colectivo de ma\u00edz de UAGA\"}]},{\"@type\":\"WebSite\",\"@id\":\"https:\/\/www.uaga.eus\/#website\",\"url\":\"https:\/\/www.uaga.eus\/\",\"name\":\"UAGA\",\"description\":\"Uni\u00f3n Agroganadera de \u00c1lava - Araba Nekazarien Elkartea\",\"potentialAction\":[{\"@type\":\"SearchAction\",\"target\":{\"@type\":\"EntryPoint\",\"urlTemplate\":\"https:\/\/www.uaga.eus\/?s={search_term_string}\"},\"query-input\":\"required name=search_term_string\"}],\"inLanguage\":\"eu\"},{\"@type\":\"Person\",\"@id\":\"https:\/\/www.uaga.eus\/#\/schema\/person\/48c3cbf0f33d1b788226dbb6518689cf\",\"name\":\"Blanca S\u00e1nchez\",\"image\":{\"@type\":\"ImageObject\",\"inLanguage\":\"eu\",\"@id\":\"https:\/\/www.uaga.eus\/#\/schema\/person\/image\/\",\"url\":\"https:\/\/secure.gravatar.com\/avatar\/0dc91c20648254b1ce84877283f6751b?s=96&d=mm&r=g\",\"contentUrl\":\"https:\/\/secure.gravatar.com\/avatar\/0dc91c20648254b1ce84877283f6751b?s=96&d=mm&r=g\",\"caption\":\"Blanca S\u00e1nchez\"},\"url\":\"https:\/\/www.uaga.eus\/eu\/author\/bsanchez\/\"}]}<\/script>\n<!-- \/ Yoast SEO plugin. -->","yoast_head_json":{"title":"Asamblea del colectivo de ma\u00edz de UAGA - UAGA","robots":{"index":"index","follow":"follow","max-snippet":"max-snippet:-1","max-image-preview":"max-image-preview:large","max-video-preview":"max-video-preview:-1"},"canonical":"https:\/\/www.uaga.eus\/asamblea-del-colectivo-de-maiz-de-uaga\/","og_locale":"en_US","og_type":"article","og_title":"Asamblea del colectivo de ma\u00edz de UAGA - UAGA","og_description":"Esta semana se ha celebrado en Respaldiza la asamblea del colectivo de ma\u00edz de UAGA, integrado por 11 explotaciones agr\u00edcolas y 15 ganaderas para hacer balance de la campa\u00f1a 2019. Se han presentado los resultados de la campa\u00f1a 2019 en la que la media de producci\u00f3n ha sido superior a la de campa\u00f1as anteriores y [&hellip;]","og_url":"https:\/\/www.uaga.eus\/asamblea-del-colectivo-de-maiz-de-uaga\/","og_site_name":"UAGA","article_published_time":"2019-11-28T13:21:16+00:00","article_modified_time":"2020-03-18T11:28:01+00:00","og_image":[{"width":698,"height":369,"url":"https:\/\/www.uaga.eus\/wp-content\/uploads\/2019\/09\/cosecha-ma\u00edz-2019-e1568374241373.jpeg","type":"image\/jpeg"}],"author":"Blanca S\u00e1nchez","twitter_card":"summary_large_image","twitter_misc":{"Written by":"Blanca S\u00e1nchez","Est. reading time":"1 minutua"},"schema":{"@context":"https:\/\/schema.org","@graph":[{"@type":"WebPage","@id":"https:\/\/www.uaga.eus\/asamblea-del-colectivo-de-maiz-de-uaga\/","url":"https:\/\/www.uaga.eus\/asamblea-del-colectivo-de-maiz-de-uaga\/","name":"Asamblea del colectivo de ma\u00edz de UAGA - UAGA","isPartOf":{"@id":"https:\/\/www.uaga.eus\/#website"},"datePublished":"2019-11-28T13:21:16+00:00","dateModified":"2020-03-18T11:28:01+00:00","author":{"@id":"https:\/\/www.uaga.eus\/#\/schema\/person\/48c3cbf0f33d1b788226dbb6518689cf"},"breadcrumb":{"@id":"https:\/\/www.uaga.eus\/asamblea-del-colectivo-de-maiz-de-uaga\/#breadcrumb"},"inLanguage":"eu","potentialAction":[{"@type":"ReadAction","target":["https:\/\/www.uaga.eus\/asamblea-del-colectivo-de-maiz-de-uaga\/"]}]},{"@type":"BreadcrumbList","@id":"https:\/\/www.uaga.eus\/asamblea-del-colectivo-de-maiz-de-uaga\/#breadcrumb","itemListElement":[{"@type":"ListItem","position":1,"name":"Inicio","item":"https:\/\/www.uaga.eus\/"},{"@type":"ListItem","position":2,"name":"Asamblea del colectivo de ma\u00edz de UAGA"}]},{"@type":"WebSite","@id":"https:\/\/www.uaga.eus\/#website","url":"https:\/\/www.uaga.eus\/","name":"UAGA","description":"Uni\u00f3n Agroganadera de \u00c1lava - Araba Nekazarien Elkartea","potentialAction":[{"@type":"SearchAction","target":{"@type":"EntryPoint","urlTemplate":"https:\/\/www.uaga.eus\/?s={search_term_string}"},"query-input":"required name=search_term_string"}],"inLanguage":"eu"},{"@type":"Person","@id":"https:\/\/www.uaga.eus\/#\/schema\/person\/48c3cbf0f33d1b788226dbb6518689cf","name":"Blanca S\u00e1nchez","image":{"@type":"ImageObject","inLanguage":"eu","@id":"https:\/\/www.uaga.eus\/#\/schema\/person\/image\/","url":"https:\/\/secure.gravatar.com\/avatar\/0dc91c20648254b1ce84877283f6751b?s=96&d=mm&r=g","contentUrl":"https:\/\/secure.gravatar.com\/avatar\/0dc91c20648254b1ce84877283f6751b?s=96&d=mm&r=g","caption":"Blanca S\u00e1nchez"},"url":"https:\/\/www.uaga.eus\/eu\/author\/bsanchez\/"}]}},"_links":{"self":[{"href":"https:\/\/www.uaga.eus\/eu\/wp-json\/wp\/v2\/posts\/6690"}],"collection":[{"href":"https:\/\/www.uaga.eus\/eu\/wp-json\/wp\/v2\/posts"}],"about":[{"href":"https:\/\/www.uaga.eus\/eu\/wp-json\/wp\/v2\/types\/post"}],"author":[{"embeddable":true,"href":"https:\/\/www.uaga.eus\/eu\/wp-json\/wp\/v2\/users\/4"}],"replies":[{"embeddable":true,"href":"https:\/\/www.uaga.eus\/eu\/wp-json\/wp\/v2\/comments?post=6690"}],"version-history":[{"count":1,"href":"https:\/\/www.uaga.eus\/eu\/wp-json\/wp\/v2\/posts\/6690\/revisions"}],"predecessor-version":[{"id":6691,"href":"https:\/\/www.uaga.eus\/eu\/wp-json\/wp\/v2\/posts\/6690\/revisions\/6691"}],"wp:featuredmedia":[{"embeddable":true,"href":"https:\/\/www.uaga.eus\/eu\/wp-json\/wp\/v2\/media\/6474"}],"wp:attachment":[{"href":"https:\/\/www.uaga.eus\/eu\/wp-json\/wp\/v2\/media?parent=6690"}],"wp:term":[{"taxonomy":"category","embeddable":true,"href":"https:\/\/www.uaga.eus\/eu\/wp-json\/wp\/v2\/categories?post=6690"},{"taxonomy":"post_tag","embeddable":true,"href":"https:\/\/www.uaga.eus\/eu\/wp-json\/wp\/v2\/tags?post=6690"}],"curies":[{"name":"wp","href":"https:\/\/api.w.org\/{rel}","templated":true}]}}