{"id":6663,"date":"2019-11-22T12:47:21","date_gmt":"2019-11-22T12:47:21","guid":{"rendered":"https:\/\/www.uaga.eus\/?p=6663"},"modified":"2020-01-17T08:33:03","modified_gmt":"2020-01-17T08:33:03","slug":"el-comite-de-jovenes-de-uaga-participa-en-la-escuela-de-accion-campesina-de-coag","status":"publish","type":"post","link":"https:\/\/www.uaga.eus\/eu\/el-comite-de-jovenes-de-uaga-participa-en-la-escuela-de-accion-campesina-de-coag\/","title":{"rendered":"El Comit\u00e9 de J\u00f3venes de UAGA participa en la Escuela de Acci\u00f3n Campesina de COAG"},"content":{"rendered":"<p>La Escuela de Acci\u00f3n Campesina es un espacio de formaci\u00f3n \u00a0permanente dirigido a personas \u00a0j\u00f3venes pertenecientes al sector agroganadero. Los objetivos est\u00e1n orientados a potenciar el liderazgo, la dinamizaci\u00f3n, argumentaci\u00f3n y defensa de los intereses del sector. Tres personas integrantes del Comit\u00e9 de J\u00f3venes de UAGA participan en este proyecto formativo, que se realiza anualmente.<\/p>\n<p>Para ello recibir\u00e1n la formaci\u00f3n durante cuatro seminarios que incluyen tem\u00e1tica relativa a pol\u00edticas agrarias, dinamizaci\u00f3n y participaci\u00f3n grupal, modelos de producci\u00f3n, soberan\u00eda alimentaria, agroecolog\u00eda, perspectiva de g\u00e9nero o j\u00f3venes y medio rural.<\/p>\n<p>Desde UAGA queremos animar a cualquier persona joven del sector a participar en pr\u00f3ximas ediciones.<\/p>\n<p>+info: GUSTAVO:635 704 866\u00a0 \/ SUGOI: 675 707 696<\/p>\n","protected":false},"excerpt":{"rendered":"<p>La Escuela de Acci\u00f3n Campesina es un espacio de formaci\u00f3n \u00a0permanente dirigido a personas \u00a0j\u00f3venes pertenecientes al sector agroganadero. Los objetivos est\u00e1n orientados a potenciar el liderazgo, la dinamizaci\u00f3n, argumentaci\u00f3n y defensa de los intereses del sector. Tres personas integrantes del Comit\u00e9 de J\u00f3venes de UAGA participan en este proyecto formativo, que se realiza anualmente. [&hellip;]<\/p>\n","protected":false},"author":4,"featured_media":6665,"comment_status":"closed","ping_status":"closed","sticky":false,"template":"","format":"standard","meta":{"footnotes":""},"categories":[66,3],"tags":[],"yoast_head":"<!-- This site is optimized with the Yoast SEO plugin v21.5 - https:\/\/yoast.com\/wordpress\/plugins\/seo\/ -->\n<title>El Comit\u00e9 de J\u00f3venes de UAGA participa en la Escuela de Acci\u00f3n Campesina de COAG - UAGA<\/title>\n<meta name=\"robots\" content=\"index, follow, max-snippet:-1, max-image-preview:large, max-video-preview:-1\" \/>\n<link rel=\"canonical\" href=\"https:\/\/www.uaga.eus\/el-comite-de-jovenes-de-uaga-participa-en-la-escuela-de-accion-campesina-de-coag\/\" \/>\n<meta property=\"og:locale\" content=\"en_US\" \/>\n<meta property=\"og:type\" content=\"article\" \/>\n<meta property=\"og:title\" content=\"El Comit\u00e9 de J\u00f3venes de UAGA participa en la Escuela de Acci\u00f3n Campesina de COAG - UAGA\" \/>\n<meta property=\"og:description\" content=\"La Escuela de Acci\u00f3n Campesina es un espacio de formaci\u00f3n \u00a0permanente dirigido a personas \u00a0j\u00f3venes pertenecientes al sector agroganadero. Los objetivos est\u00e1n orientados a potenciar el liderazgo, la dinamizaci\u00f3n, argumentaci\u00f3n y defensa de los intereses del sector. Tres personas integrantes del Comit\u00e9 de J\u00f3venes de UAGA participan en este proyecto formativo, que se realiza anualmente. [&hellip;]\" \/>\n<meta property=\"og:url\" content=\"https:\/\/www.uaga.eus\/el-comite-de-jovenes-de-uaga-participa-en-la-escuela-de-accion-campesina-de-coag\/\" \/>\n<meta property=\"og:site_name\" content=\"UAGA\" \/>\n<meta property=\"article:published_time\" content=\"2019-11-22T12:47:21+00:00\" \/>\n<meta property=\"article:modified_time\" content=\"2020-01-17T08:33:03+00:00\" \/>\n<meta property=\"og:image\" content=\"https:\/\/www.uaga.eus\/wp-content\/uploads\/2019\/11\/59e67b5d-2b08-4df4-a7fd-dfb523a140c7.jpg\" \/>\n\t<meta property=\"og:image:width\" content=\"1594\" \/>\n\t<meta property=\"og:image:height\" content=\"897\" \/>\n\t<meta property=\"og:image:type\" content=\"image\/jpeg\" \/>\n<meta name=\"author\" content=\"Blanca S\u00e1nchez\" \/>\n<meta name=\"twitter:card\" content=\"summary_large_image\" \/>\n<meta name=\"twitter:label1\" content=\"Written by\" \/>\n\t<meta name=\"twitter:data1\" content=\"Blanca S\u00e1nchez\" \/>\n\t<meta name=\"twitter:label2\" content=\"Est. reading time\" \/>\n\t<meta name=\"twitter:data2\" content=\"1 minutua\" \/>\n<script type=\"application\/ld+json\" class=\"yoast-schema-graph\">{\"@context\":\"https:\/\/schema.org\",\"@graph\":[{\"@type\":\"WebPage\",\"@id\":\"https:\/\/www.uaga.eus\/el-comite-de-jovenes-de-uaga-participa-en-la-escuela-de-accion-campesina-de-coag\/\",\"url\":\"https:\/\/www.uaga.eus\/el-comite-de-jovenes-de-uaga-participa-en-la-escuela-de-accion-campesina-de-coag\/\",\"name\":\"El Comit\u00e9 de J\u00f3venes de UAGA participa en la Escuela de Acci\u00f3n Campesina de COAG - UAGA\",\"isPartOf\":{\"@id\":\"https:\/\/www.uaga.eus\/#website\"},\"datePublished\":\"2019-11-22T12:47:21+00:00\",\"dateModified\":\"2020-01-17T08:33:03+00:00\",\"author\":{\"@id\":\"https:\/\/www.uaga.eus\/#\/schema\/person\/48c3cbf0f33d1b788226dbb6518689cf\"},\"breadcrumb\":{\"@id\":\"https:\/\/www.uaga.eus\/el-comite-de-jovenes-de-uaga-participa-en-la-escuela-de-accion-campesina-de-coag\/#breadcrumb\"},\"inLanguage\":\"eu\",\"potentialAction\":[{\"@type\":\"ReadAction\",\"target\":[\"https:\/\/www.uaga.eus\/el-comite-de-jovenes-de-uaga-participa-en-la-escuela-de-accion-campesina-de-coag\/\"]}]},{\"@type\":\"BreadcrumbList\",\"@id\":\"https:\/\/www.uaga.eus\/el-comite-de-jovenes-de-uaga-participa-en-la-escuela-de-accion-campesina-de-coag\/#breadcrumb\",\"itemListElement\":[{\"@type\":\"ListItem\",\"position\":1,\"name\":\"Inicio\",\"item\":\"https:\/\/www.uaga.eus\/\"},{\"@type\":\"ListItem\",\"position\":2,\"name\":\"El Comit\u00e9 de J\u00f3venes de UAGA participa en la Escuela de Acci\u00f3n Campesina de COAG\"}]},{\"@type\":\"WebSite\",\"@id\":\"https:\/\/www.uaga.eus\/#website\",\"url\":\"https:\/\/www.uaga.eus\/\",\"name\":\"UAGA\",\"description\":\"Uni\u00f3n Agroganadera de \u00c1lava - Araba Nekazarien Elkartea\",\"potentialAction\":[{\"@type\":\"SearchAction\",\"target\":{\"@type\":\"EntryPoint\",\"urlTemplate\":\"https:\/\/www.uaga.eus\/?s={search_term_string}\"},\"query-input\":\"required name=search_term_string\"}],\"inLanguage\":\"eu\"},{\"@type\":\"Person\",\"@id\":\"https:\/\/www.uaga.eus\/#\/schema\/person\/48c3cbf0f33d1b788226dbb6518689cf\",\"name\":\"Blanca S\u00e1nchez\",\"image\":{\"@type\":\"ImageObject\",\"inLanguage\":\"eu\",\"@id\":\"https:\/\/www.uaga.eus\/#\/schema\/person\/image\/\",\"url\":\"https:\/\/secure.gravatar.com\/avatar\/0dc91c20648254b1ce84877283f6751b?s=96&d=mm&r=g\",\"contentUrl\":\"https:\/\/secure.gravatar.com\/avatar\/0dc91c20648254b1ce84877283f6751b?s=96&d=mm&r=g\",\"caption\":\"Blanca S\u00e1nchez\"},\"url\":\"https:\/\/www.uaga.eus\/eu\/author\/bsanchez\/\"}]}<\/script>\n<!-- \/ Yoast SEO plugin. -->","yoast_head_json":{"title":"El Comit\u00e9 de J\u00f3venes de UAGA participa en la Escuela de Acci\u00f3n Campesina de COAG - UAGA","robots":{"index":"index","follow":"follow","max-snippet":"max-snippet:-1","max-image-preview":"max-image-preview:large","max-video-preview":"max-video-preview:-1"},"canonical":"https:\/\/www.uaga.eus\/el-comite-de-jovenes-de-uaga-participa-en-la-escuela-de-accion-campesina-de-coag\/","og_locale":"en_US","og_type":"article","og_title":"El Comit\u00e9 de J\u00f3venes de UAGA participa en la Escuela de Acci\u00f3n Campesina de COAG - UAGA","og_description":"La Escuela de Acci\u00f3n Campesina es un espacio de formaci\u00f3n \u00a0permanente dirigido a personas \u00a0j\u00f3venes pertenecientes al sector agroganadero. Los objetivos est\u00e1n orientados a potenciar el liderazgo, la dinamizaci\u00f3n, argumentaci\u00f3n y defensa de los intereses del sector. Tres personas integrantes del Comit\u00e9 de J\u00f3venes de UAGA participan en este proyecto formativo, que se realiza anualmente. [&hellip;]","og_url":"https:\/\/www.uaga.eus\/el-comite-de-jovenes-de-uaga-participa-en-la-escuela-de-accion-campesina-de-coag\/","og_site_name":"UAGA","article_published_time":"2019-11-22T12:47:21+00:00","article_modified_time":"2020-01-17T08:33:03+00:00","og_image":[{"width":1594,"height":897,"url":"https:\/\/www.uaga.eus\/wp-content\/uploads\/2019\/11\/59e67b5d-2b08-4df4-a7fd-dfb523a140c7.jpg","type":"image\/jpeg"}],"author":"Blanca S\u00e1nchez","twitter_card":"summary_large_image","twitter_misc":{"Written by":"Blanca S\u00e1nchez","Est. reading time":"1 minutua"},"schema":{"@context":"https:\/\/schema.org","@graph":[{"@type":"WebPage","@id":"https:\/\/www.uaga.eus\/el-comite-de-jovenes-de-uaga-participa-en-la-escuela-de-accion-campesina-de-coag\/","url":"https:\/\/www.uaga.eus\/el-comite-de-jovenes-de-uaga-participa-en-la-escuela-de-accion-campesina-de-coag\/","name":"El Comit\u00e9 de J\u00f3venes de UAGA participa en la Escuela de Acci\u00f3n Campesina de COAG - UAGA","isPartOf":{"@id":"https:\/\/www.uaga.eus\/#website"},"datePublished":"2019-11-22T12:47:21+00:00","dateModified":"2020-01-17T08:33:03+00:00","author":{"@id":"https:\/\/www.uaga.eus\/#\/schema\/person\/48c3cbf0f33d1b788226dbb6518689cf"},"breadcrumb":{"@id":"https:\/\/www.uaga.eus\/el-comite-de-jovenes-de-uaga-participa-en-la-escuela-de-accion-campesina-de-coag\/#breadcrumb"},"inLanguage":"eu","potentialAction":[{"@type":"ReadAction","target":["https:\/\/www.uaga.eus\/el-comite-de-jovenes-de-uaga-participa-en-la-escuela-de-accion-campesina-de-coag\/"]}]},{"@type":"BreadcrumbList","@id":"https:\/\/www.uaga.eus\/el-comite-de-jovenes-de-uaga-participa-en-la-escuela-de-accion-campesina-de-coag\/#breadcrumb","itemListElement":[{"@type":"ListItem","position":1,"name":"Inicio","item":"https:\/\/www.uaga.eus\/"},{"@type":"ListItem","position":2,"name":"El Comit\u00e9 de J\u00f3venes de UAGA participa en la Escuela de Acci\u00f3n Campesina de COAG"}]},{"@type":"WebSite","@id":"https:\/\/www.uaga.eus\/#website","url":"https:\/\/www.uaga.eus\/","name":"UAGA","description":"Uni\u00f3n Agroganadera de \u00c1lava - Araba Nekazarien Elkartea","potentialAction":[{"@type":"SearchAction","target":{"@type":"EntryPoint","urlTemplate":"https:\/\/www.uaga.eus\/?s={search_term_string}"},"query-input":"required name=search_term_string"}],"inLanguage":"eu"},{"@type":"Person","@id":"https:\/\/www.uaga.eus\/#\/schema\/person\/48c3cbf0f33d1b788226dbb6518689cf","name":"Blanca S\u00e1nchez","image":{"@type":"ImageObject","inLanguage":"eu","@id":"https:\/\/www.uaga.eus\/#\/schema\/person\/image\/","url":"https:\/\/secure.gravatar.com\/avatar\/0dc91c20648254b1ce84877283f6751b?s=96&d=mm&r=g","contentUrl":"https:\/\/secure.gravatar.com\/avatar\/0dc91c20648254b1ce84877283f6751b?s=96&d=mm&r=g","caption":"Blanca S\u00e1nchez"},"url":"https:\/\/www.uaga.eus\/eu\/author\/bsanchez\/"}]}},"_links":{"self":[{"href":"https:\/\/www.uaga.eus\/eu\/wp-json\/wp\/v2\/posts\/6663"}],"collection":[{"href":"https:\/\/www.uaga.eus\/eu\/wp-json\/wp\/v2\/posts"}],"about":[{"href":"https:\/\/www.uaga.eus\/eu\/wp-json\/wp\/v2\/types\/post"}],"author":[{"embeddable":true,"href":"https:\/\/www.uaga.eus\/eu\/wp-json\/wp\/v2\/users\/4"}],"replies":[{"embeddable":true,"href":"https:\/\/www.uaga.eus\/eu\/wp-json\/wp\/v2\/comments?post=6663"}],"version-history":[{"count":1,"href":"https:\/\/www.uaga.eus\/eu\/wp-json\/wp\/v2\/posts\/6663\/revisions"}],"predecessor-version":[{"id":6664,"href":"https:\/\/www.uaga.eus\/eu\/wp-json\/wp\/v2\/posts\/6663\/revisions\/6664"}],"wp:featuredmedia":[{"embeddable":true,"href":"https:\/\/www.uaga.eus\/eu\/wp-json\/wp\/v2\/media\/6665"}],"wp:attachment":[{"href":"https:\/\/www.uaga.eus\/eu\/wp-json\/wp\/v2\/media?parent=6663"}],"wp:term":[{"taxonomy":"category","embeddable":true,"href":"https:\/\/www.uaga.eus\/eu\/wp-json\/wp\/v2\/categories?post=6663"},{"taxonomy":"post_tag","embeddable":true,"href":"https:\/\/www.uaga.eus\/eu\/wp-json\/wp\/v2\/tags?post=6663"}],"curies":[{"name":"wp","href":"https:\/\/api.w.org\/{rel}","templated":true}]}}