{"id":6646,"date":"2019-11-15T12:20:33","date_gmt":"2019-11-15T12:20:33","guid":{"rendered":"https:\/\/www.uaga.eus\/?p=6646"},"modified":"2019-11-16T14:02:17","modified_gmt":"2019-11-16T14:02:17","slug":"el-comite-de-jovenes-de-uaga-anima-a-otros-jovenes-a-participar","status":"publish","type":"post","link":"https:\/\/www.uaga.eus\/eu\/el-comite-de-jovenes-de-uaga-anima-a-otros-jovenes-a-participar\/","title":{"rendered":"El Comit\u00e9 de j\u00f3venes de UAGA \u00a0anima a otros j\u00f3venes a participar"},"content":{"rendered":"<p>En la reuni\u00f3n que ha mantenido el Comit\u00e9 de J\u00f3venes de UAGA esta semana, se ha avanzado en la concreci\u00f3n del proyecto de dinamizaci\u00f3n de j\u00f3venes del sector agroganadero.<\/p>\n<p>Los objetivos principales son aumentar la participaci\u00f3n de m\u00e1s personas j\u00f3venes, conseguir mayor presencia social e incidir en la necesidad del relevo generacional para garantizar el futuro del sector.<\/p>\n<p>Una de las prioridades es conseguir acercarnos a las personas j\u00f3venes de todas las comarcas, especialmente a Trevi\u00f1o y Rioja Alavesa, para fomentar su incorporaci\u00f3n al colectivo y al Comit\u00e9 de J\u00f3venes de UAGA.<\/p>\n<p>+info GUSTAVO: 635 704 866 \/ SUGOI: 675 707 696<\/p>\n","protected":false},"excerpt":{"rendered":"<p>En la reuni\u00f3n que ha mantenido el Comit\u00e9 de J\u00f3venes de UAGA esta semana, se ha avanzado en la concreci\u00f3n del proyecto de dinamizaci\u00f3n de j\u00f3venes del sector agroganadero. Los objetivos principales son aumentar la participaci\u00f3n de m\u00e1s personas j\u00f3venes, conseguir mayor presencia social e incidir en la necesidad del relevo generacional para garantizar el [&hellip;]<\/p>\n","protected":false},"author":4,"featured_media":6647,"comment_status":"closed","ping_status":"closed","sticky":false,"template":"","format":"standard","meta":{"footnotes":""},"categories":[3],"tags":[],"yoast_head":"<!-- This site is optimized with the Yoast SEO plugin v21.5 - https:\/\/yoast.com\/wordpress\/plugins\/seo\/ -->\n<title>El Comit\u00e9 de j\u00f3venes de UAGA \u00a0anima a otros j\u00f3venes a participar - UAGA<\/title>\n<meta name=\"robots\" content=\"index, follow, max-snippet:-1, max-image-preview:large, max-video-preview:-1\" \/>\n<link rel=\"canonical\" href=\"https:\/\/www.uaga.eus\/el-comite-de-jovenes-de-uaga-anima-a-otros-jovenes-a-participar\/\" \/>\n<meta property=\"og:locale\" content=\"en_US\" \/>\n<meta property=\"og:type\" content=\"article\" \/>\n<meta property=\"og:title\" content=\"El Comit\u00e9 de j\u00f3venes de UAGA \u00a0anima a otros j\u00f3venes a participar - UAGA\" \/>\n<meta property=\"og:description\" content=\"En la reuni\u00f3n que ha mantenido el Comit\u00e9 de J\u00f3venes de UAGA esta semana, se ha avanzado en la concreci\u00f3n del proyecto de dinamizaci\u00f3n de j\u00f3venes del sector agroganadero. Los objetivos principales son aumentar la participaci\u00f3n de m\u00e1s personas j\u00f3venes, conseguir mayor presencia social e incidir en la necesidad del relevo generacional para garantizar el [&hellip;]\" \/>\n<meta property=\"og:url\" content=\"https:\/\/www.uaga.eus\/el-comite-de-jovenes-de-uaga-anima-a-otros-jovenes-a-participar\/\" \/>\n<meta property=\"og:site_name\" content=\"UAGA\" \/>\n<meta property=\"article:published_time\" content=\"2019-11-15T12:20:33+00:00\" \/>\n<meta property=\"article:modified_time\" content=\"2019-11-16T14:02:17+00:00\" \/>\n<meta property=\"og:image\" content=\"https:\/\/www.uaga.eus\/wp-content\/uploads\/2019\/11\/jovenes.jpg\" \/>\n\t<meta property=\"og:image:width\" content=\"650\" \/>\n\t<meta property=\"og:image:height\" content=\"366\" \/>\n\t<meta property=\"og:image:type\" content=\"image\/jpeg\" \/>\n<meta name=\"author\" content=\"Blanca S\u00e1nchez\" \/>\n<meta name=\"twitter:card\" content=\"summary_large_image\" \/>\n<meta name=\"twitter:label1\" content=\"Written by\" \/>\n\t<meta name=\"twitter:data1\" content=\"Blanca S\u00e1nchez\" \/>\n\t<meta name=\"twitter:label2\" content=\"Est. reading time\" \/>\n\t<meta name=\"twitter:data2\" content=\"1 minutua\" \/>\n<script type=\"application\/ld+json\" class=\"yoast-schema-graph\">{\"@context\":\"https:\/\/schema.org\",\"@graph\":[{\"@type\":\"WebPage\",\"@id\":\"https:\/\/www.uaga.eus\/el-comite-de-jovenes-de-uaga-anima-a-otros-jovenes-a-participar\/\",\"url\":\"https:\/\/www.uaga.eus\/el-comite-de-jovenes-de-uaga-anima-a-otros-jovenes-a-participar\/\",\"name\":\"El Comit\u00e9 de j\u00f3venes de UAGA \u00a0anima a otros j\u00f3venes a participar - UAGA\",\"isPartOf\":{\"@id\":\"https:\/\/www.uaga.eus\/#website\"},\"datePublished\":\"2019-11-15T12:20:33+00:00\",\"dateModified\":\"2019-11-16T14:02:17+00:00\",\"author\":{\"@id\":\"https:\/\/www.uaga.eus\/#\/schema\/person\/48c3cbf0f33d1b788226dbb6518689cf\"},\"breadcrumb\":{\"@id\":\"https:\/\/www.uaga.eus\/el-comite-de-jovenes-de-uaga-anima-a-otros-jovenes-a-participar\/#breadcrumb\"},\"inLanguage\":\"eu\",\"potentialAction\":[{\"@type\":\"ReadAction\",\"target\":[\"https:\/\/www.uaga.eus\/el-comite-de-jovenes-de-uaga-anima-a-otros-jovenes-a-participar\/\"]}]},{\"@type\":\"BreadcrumbList\",\"@id\":\"https:\/\/www.uaga.eus\/el-comite-de-jovenes-de-uaga-anima-a-otros-jovenes-a-participar\/#breadcrumb\",\"itemListElement\":[{\"@type\":\"ListItem\",\"position\":1,\"name\":\"Inicio\",\"item\":\"https:\/\/www.uaga.eus\/\"},{\"@type\":\"ListItem\",\"position\":2,\"name\":\"El Comit\u00e9 de j\u00f3venes de UAGA \u00a0anima a otros j\u00f3venes a participar\"}]},{\"@type\":\"WebSite\",\"@id\":\"https:\/\/www.uaga.eus\/#website\",\"url\":\"https:\/\/www.uaga.eus\/\",\"name\":\"UAGA\",\"description\":\"Uni\u00f3n Agroganadera de \u00c1lava - Araba Nekazarien Elkartea\",\"potentialAction\":[{\"@type\":\"SearchAction\",\"target\":{\"@type\":\"EntryPoint\",\"urlTemplate\":\"https:\/\/www.uaga.eus\/?s={search_term_string}\"},\"query-input\":\"required name=search_term_string\"}],\"inLanguage\":\"eu\"},{\"@type\":\"Person\",\"@id\":\"https:\/\/www.uaga.eus\/#\/schema\/person\/48c3cbf0f33d1b788226dbb6518689cf\",\"name\":\"Blanca S\u00e1nchez\",\"image\":{\"@type\":\"ImageObject\",\"inLanguage\":\"eu\",\"@id\":\"https:\/\/www.uaga.eus\/#\/schema\/person\/image\/\",\"url\":\"https:\/\/secure.gravatar.com\/avatar\/0dc91c20648254b1ce84877283f6751b?s=96&d=mm&r=g\",\"contentUrl\":\"https:\/\/secure.gravatar.com\/avatar\/0dc91c20648254b1ce84877283f6751b?s=96&d=mm&r=g\",\"caption\":\"Blanca S\u00e1nchez\"},\"url\":\"https:\/\/www.uaga.eus\/eu\/author\/bsanchez\/\"}]}<\/script>\n<!-- \/ Yoast SEO plugin. -->","yoast_head_json":{"title":"El Comit\u00e9 de j\u00f3venes de UAGA \u00a0anima a otros j\u00f3venes a participar - UAGA","robots":{"index":"index","follow":"follow","max-snippet":"max-snippet:-1","max-image-preview":"max-image-preview:large","max-video-preview":"max-video-preview:-1"},"canonical":"https:\/\/www.uaga.eus\/el-comite-de-jovenes-de-uaga-anima-a-otros-jovenes-a-participar\/","og_locale":"en_US","og_type":"article","og_title":"El Comit\u00e9 de j\u00f3venes de UAGA \u00a0anima a otros j\u00f3venes a participar - UAGA","og_description":"En la reuni\u00f3n que ha mantenido el Comit\u00e9 de J\u00f3venes de UAGA esta semana, se ha avanzado en la concreci\u00f3n del proyecto de dinamizaci\u00f3n de j\u00f3venes del sector agroganadero. Los objetivos principales son aumentar la participaci\u00f3n de m\u00e1s personas j\u00f3venes, conseguir mayor presencia social e incidir en la necesidad del relevo generacional para garantizar el [&hellip;]","og_url":"https:\/\/www.uaga.eus\/el-comite-de-jovenes-de-uaga-anima-a-otros-jovenes-a-participar\/","og_site_name":"UAGA","article_published_time":"2019-11-15T12:20:33+00:00","article_modified_time":"2019-11-16T14:02:17+00:00","og_image":[{"width":650,"height":366,"url":"https:\/\/www.uaga.eus\/wp-content\/uploads\/2019\/11\/jovenes.jpg","type":"image\/jpeg"}],"author":"Blanca S\u00e1nchez","twitter_card":"summary_large_image","twitter_misc":{"Written by":"Blanca S\u00e1nchez","Est. reading time":"1 minutua"},"schema":{"@context":"https:\/\/schema.org","@graph":[{"@type":"WebPage","@id":"https:\/\/www.uaga.eus\/el-comite-de-jovenes-de-uaga-anima-a-otros-jovenes-a-participar\/","url":"https:\/\/www.uaga.eus\/el-comite-de-jovenes-de-uaga-anima-a-otros-jovenes-a-participar\/","name":"El Comit\u00e9 de j\u00f3venes de UAGA \u00a0anima a otros j\u00f3venes a participar - UAGA","isPartOf":{"@id":"https:\/\/www.uaga.eus\/#website"},"datePublished":"2019-11-15T12:20:33+00:00","dateModified":"2019-11-16T14:02:17+00:00","author":{"@id":"https:\/\/www.uaga.eus\/#\/schema\/person\/48c3cbf0f33d1b788226dbb6518689cf"},"breadcrumb":{"@id":"https:\/\/www.uaga.eus\/el-comite-de-jovenes-de-uaga-anima-a-otros-jovenes-a-participar\/#breadcrumb"},"inLanguage":"eu","potentialAction":[{"@type":"ReadAction","target":["https:\/\/www.uaga.eus\/el-comite-de-jovenes-de-uaga-anima-a-otros-jovenes-a-participar\/"]}]},{"@type":"BreadcrumbList","@id":"https:\/\/www.uaga.eus\/el-comite-de-jovenes-de-uaga-anima-a-otros-jovenes-a-participar\/#breadcrumb","itemListElement":[{"@type":"ListItem","position":1,"name":"Inicio","item":"https:\/\/www.uaga.eus\/"},{"@type":"ListItem","position":2,"name":"El Comit\u00e9 de j\u00f3venes de UAGA \u00a0anima a otros j\u00f3venes a participar"}]},{"@type":"WebSite","@id":"https:\/\/www.uaga.eus\/#website","url":"https:\/\/www.uaga.eus\/","name":"UAGA","description":"Uni\u00f3n Agroganadera de \u00c1lava - Araba Nekazarien Elkartea","potentialAction":[{"@type":"SearchAction","target":{"@type":"EntryPoint","urlTemplate":"https:\/\/www.uaga.eus\/?s={search_term_string}"},"query-input":"required name=search_term_string"}],"inLanguage":"eu"},{"@type":"Person","@id":"https:\/\/www.uaga.eus\/#\/schema\/person\/48c3cbf0f33d1b788226dbb6518689cf","name":"Blanca S\u00e1nchez","image":{"@type":"ImageObject","inLanguage":"eu","@id":"https:\/\/www.uaga.eus\/#\/schema\/person\/image\/","url":"https:\/\/secure.gravatar.com\/avatar\/0dc91c20648254b1ce84877283f6751b?s=96&d=mm&r=g","contentUrl":"https:\/\/secure.gravatar.com\/avatar\/0dc91c20648254b1ce84877283f6751b?s=96&d=mm&r=g","caption":"Blanca S\u00e1nchez"},"url":"https:\/\/www.uaga.eus\/eu\/author\/bsanchez\/"}]}},"_links":{"self":[{"href":"https:\/\/www.uaga.eus\/eu\/wp-json\/wp\/v2\/posts\/6646"}],"collection":[{"href":"https:\/\/www.uaga.eus\/eu\/wp-json\/wp\/v2\/posts"}],"about":[{"href":"https:\/\/www.uaga.eus\/eu\/wp-json\/wp\/v2\/types\/post"}],"author":[{"embeddable":true,"href":"https:\/\/www.uaga.eus\/eu\/wp-json\/wp\/v2\/users\/4"}],"replies":[{"embeddable":true,"href":"https:\/\/www.uaga.eus\/eu\/wp-json\/wp\/v2\/comments?post=6646"}],"version-history":[{"count":1,"href":"https:\/\/www.uaga.eus\/eu\/wp-json\/wp\/v2\/posts\/6646\/revisions"}],"predecessor-version":[{"id":6649,"href":"https:\/\/www.uaga.eus\/eu\/wp-json\/wp\/v2\/posts\/6646\/revisions\/6649"}],"wp:featuredmedia":[{"embeddable":true,"href":"https:\/\/www.uaga.eus\/eu\/wp-json\/wp\/v2\/media\/6647"}],"wp:attachment":[{"href":"https:\/\/www.uaga.eus\/eu\/wp-json\/wp\/v2\/media?parent=6646"}],"wp:term":[{"taxonomy":"category","embeddable":true,"href":"https:\/\/www.uaga.eus\/eu\/wp-json\/wp\/v2\/categories?post=6646"},{"taxonomy":"post_tag","embeddable":true,"href":"https:\/\/www.uaga.eus\/eu\/wp-json\/wp\/v2\/tags?post=6646"}],"curies":[{"name":"wp","href":"https:\/\/api.w.org\/{rel}","templated":true}]}}