{"id":6644,"date":"2019-11-15T12:18:46","date_gmt":"2019-11-15T12:18:46","guid":{"rendered":"https:\/\/www.uaga.eus\/?p=6644"},"modified":"2019-11-15T12:18:46","modified_gmt":"2019-11-15T12:18:46","slug":"uaga-ha-celebrado-una-asamblea-de-temporerismo-del-sector-patata","status":"publish","type":"post","link":"https:\/\/www.uaga.eus\/eu\/uaga-ha-celebrado-una-asamblea-de-temporerismo-del-sector-patata\/","title":{"rendered":"UAGA ha celebrado una Asamblea de Temporerismo del sector patata\u00a0"},"content":{"rendered":"<p>UAGA ha celebrado esta semana una asamblea de temporerismo del sector patata, para informar sobre los datos de contrataci\u00f3n \u00a0y valorar la campa\u00f1a<\/p>\n<p>El n\u00famero de contratos ha sido similar al a\u00f1o anterior, con 180 contratos frente a los 198 del a\u00f1o pasado; el n\u00famero de d\u00edas trabajados se ha reducido un 15%.<\/p>\n<p>La asamblea valor\u00f3 muy positivamente a las personas temporeras profesionales, que llevan a\u00f1os trabajando en el proyecto de UAGA; \u00e9stas personas se han alojado en el albergue de Agurain, y a pesar de que aumenta el gasto por el \u00a0alojamiento en datos finales sale m\u00e1s bajo el coste del kilo de patatas recogido.<\/p>\n<p>Ante la falta de alojamientos para personas temporeras en la zona de patata, se acord\u00f3 como plan de mejora para \u00a02020 adelantar a mayo la reuni\u00f3n de personas interesadas en contratar a personal temporero para la recogida de patatas . De esta forma se podr\u00e1 analizar la demanda real y ver la posibilidad de optimizar el albergue \u00a0de Agurain, contratando personas profesionales que vengan de otras campa\u00f1a del resto del Estado.<\/p>\n<p>Por otra parte tambi\u00e9n informamos que en enero se publicar\u00e1 el Plan de Ayudas a alojamientos, para que cada uno valore las posibilidades de acogerse al mismo.<\/p>\n<p>Por \u00faltimo se acord\u00f3 nombrar a Jos\u00e9 Antonio Portilla como responsable de patata en la junta de temporerismo.<\/p>\n<p>+info NURIA: 635 704 866<\/p>\n","protected":false},"excerpt":{"rendered":"<p>UAGA ha celebrado esta semana una asamblea de temporerismo del sector patata, para informar sobre los datos de contrataci\u00f3n \u00a0y valorar la campa\u00f1a El n\u00famero de contratos ha sido similar al a\u00f1o anterior, con 180 contratos frente a los 198 del a\u00f1o pasado; el n\u00famero de d\u00edas trabajados se ha reducido un 15%. La asamblea [&hellip;]<\/p>\n","protected":false},"author":4,"featured_media":2956,"comment_status":"closed","ping_status":"closed","sticky":false,"template":"","format":"standard","meta":{"footnotes":""},"categories":[7,9],"tags":[],"yoast_head":"<!-- This site is optimized with the Yoast SEO plugin v21.5 - https:\/\/yoast.com\/wordpress\/plugins\/seo\/ -->\n<title>UAGA ha celebrado una Asamblea de Temporerismo del sector patata\u00a0 - UAGA<\/title>\n<meta name=\"robots\" content=\"index, follow, max-snippet:-1, max-image-preview:large, max-video-preview:-1\" \/>\n<link rel=\"canonical\" href=\"https:\/\/www.uaga.eus\/uaga-ha-celebrado-una-asamblea-de-temporerismo-del-sector-patata\/\" \/>\n<meta property=\"og:locale\" content=\"en_US\" \/>\n<meta property=\"og:type\" content=\"article\" \/>\n<meta property=\"og:title\" content=\"UAGA ha celebrado una Asamblea de Temporerismo del sector patata\u00a0 - UAGA\" \/>\n<meta property=\"og:description\" content=\"UAGA ha celebrado esta semana una asamblea de temporerismo del sector patata, para informar sobre los datos de contrataci\u00f3n \u00a0y valorar la campa\u00f1a El n\u00famero de contratos ha sido similar al a\u00f1o anterior, con 180 contratos frente a los 198 del a\u00f1o pasado; el n\u00famero de d\u00edas trabajados se ha reducido un 15%. La asamblea [&hellip;]\" \/>\n<meta property=\"og:url\" content=\"https:\/\/www.uaga.eus\/uaga-ha-celebrado-una-asamblea-de-temporerismo-del-sector-patata\/\" \/>\n<meta property=\"og:site_name\" content=\"UAGA\" \/>\n<meta property=\"article:published_time\" content=\"2019-11-15T12:18:46+00:00\" \/>\n<meta property=\"og:image\" content=\"https:\/\/www.uaga.eus\/wp-content\/uploads\/2018\/06\/patatas-en-tierra-e1528444529562.jpg\" \/>\n\t<meta property=\"og:image:width\" content=\"700\" \/>\n\t<meta property=\"og:image:height\" content=\"383\" \/>\n\t<meta property=\"og:image:type\" content=\"image\/jpeg\" \/>\n<meta name=\"author\" content=\"Blanca S\u00e1nchez\" \/>\n<meta name=\"twitter:card\" content=\"summary_large_image\" \/>\n<meta name=\"twitter:label1\" content=\"Written by\" \/>\n\t<meta name=\"twitter:data1\" content=\"Blanca S\u00e1nchez\" \/>\n\t<meta name=\"twitter:label2\" content=\"Est. reading time\" \/>\n\t<meta name=\"twitter:data2\" content=\"1 minutua\" \/>\n<script type=\"application\/ld+json\" class=\"yoast-schema-graph\">{\"@context\":\"https:\/\/schema.org\",\"@graph\":[{\"@type\":\"WebPage\",\"@id\":\"https:\/\/www.uaga.eus\/uaga-ha-celebrado-una-asamblea-de-temporerismo-del-sector-patata\/\",\"url\":\"https:\/\/www.uaga.eus\/uaga-ha-celebrado-una-asamblea-de-temporerismo-del-sector-patata\/\",\"name\":\"UAGA ha celebrado una Asamblea de Temporerismo del sector patata\u00a0 - UAGA\",\"isPartOf\":{\"@id\":\"https:\/\/www.uaga.eus\/#website\"},\"datePublished\":\"2019-11-15T12:18:46+00:00\",\"dateModified\":\"2019-11-15T12:18:46+00:00\",\"author\":{\"@id\":\"https:\/\/www.uaga.eus\/#\/schema\/person\/48c3cbf0f33d1b788226dbb6518689cf\"},\"breadcrumb\":{\"@id\":\"https:\/\/www.uaga.eus\/uaga-ha-celebrado-una-asamblea-de-temporerismo-del-sector-patata\/#breadcrumb\"},\"inLanguage\":\"eu\",\"potentialAction\":[{\"@type\":\"ReadAction\",\"target\":[\"https:\/\/www.uaga.eus\/uaga-ha-celebrado-una-asamblea-de-temporerismo-del-sector-patata\/\"]}]},{\"@type\":\"BreadcrumbList\",\"@id\":\"https:\/\/www.uaga.eus\/uaga-ha-celebrado-una-asamblea-de-temporerismo-del-sector-patata\/#breadcrumb\",\"itemListElement\":[{\"@type\":\"ListItem\",\"position\":1,\"name\":\"Inicio\",\"item\":\"https:\/\/www.uaga.eus\/\"},{\"@type\":\"ListItem\",\"position\":2,\"name\":\"UAGA ha celebrado una Asamblea de Temporerismo del sector patata\u00a0\"}]},{\"@type\":\"WebSite\",\"@id\":\"https:\/\/www.uaga.eus\/#website\",\"url\":\"https:\/\/www.uaga.eus\/\",\"name\":\"UAGA\",\"description\":\"Uni\u00f3n Agroganadera de \u00c1lava - Araba Nekazarien Elkartea\",\"potentialAction\":[{\"@type\":\"SearchAction\",\"target\":{\"@type\":\"EntryPoint\",\"urlTemplate\":\"https:\/\/www.uaga.eus\/?s={search_term_string}\"},\"query-input\":\"required name=search_term_string\"}],\"inLanguage\":\"eu\"},{\"@type\":\"Person\",\"@id\":\"https:\/\/www.uaga.eus\/#\/schema\/person\/48c3cbf0f33d1b788226dbb6518689cf\",\"name\":\"Blanca S\u00e1nchez\",\"image\":{\"@type\":\"ImageObject\",\"inLanguage\":\"eu\",\"@id\":\"https:\/\/www.uaga.eus\/#\/schema\/person\/image\/\",\"url\":\"https:\/\/secure.gravatar.com\/avatar\/0dc91c20648254b1ce84877283f6751b?s=96&d=mm&r=g\",\"contentUrl\":\"https:\/\/secure.gravatar.com\/avatar\/0dc91c20648254b1ce84877283f6751b?s=96&d=mm&r=g\",\"caption\":\"Blanca S\u00e1nchez\"},\"url\":\"https:\/\/www.uaga.eus\/eu\/author\/bsanchez\/\"}]}<\/script>\n<!-- \/ Yoast SEO plugin. -->","yoast_head_json":{"title":"UAGA ha celebrado una Asamblea de Temporerismo del sector patata\u00a0 - UAGA","robots":{"index":"index","follow":"follow","max-snippet":"max-snippet:-1","max-image-preview":"max-image-preview:large","max-video-preview":"max-video-preview:-1"},"canonical":"https:\/\/www.uaga.eus\/uaga-ha-celebrado-una-asamblea-de-temporerismo-del-sector-patata\/","og_locale":"en_US","og_type":"article","og_title":"UAGA ha celebrado una Asamblea de Temporerismo del sector patata\u00a0 - UAGA","og_description":"UAGA ha celebrado esta semana una asamblea de temporerismo del sector patata, para informar sobre los datos de contrataci\u00f3n \u00a0y valorar la campa\u00f1a El n\u00famero de contratos ha sido similar al a\u00f1o anterior, con 180 contratos frente a los 198 del a\u00f1o pasado; el n\u00famero de d\u00edas trabajados se ha reducido un 15%. La asamblea [&hellip;]","og_url":"https:\/\/www.uaga.eus\/uaga-ha-celebrado-una-asamblea-de-temporerismo-del-sector-patata\/","og_site_name":"UAGA","article_published_time":"2019-11-15T12:18:46+00:00","og_image":[{"width":700,"height":383,"url":"https:\/\/www.uaga.eus\/wp-content\/uploads\/2018\/06\/patatas-en-tierra-e1528444529562.jpg","type":"image\/jpeg"}],"author":"Blanca S\u00e1nchez","twitter_card":"summary_large_image","twitter_misc":{"Written by":"Blanca S\u00e1nchez","Est. reading time":"1 minutua"},"schema":{"@context":"https:\/\/schema.org","@graph":[{"@type":"WebPage","@id":"https:\/\/www.uaga.eus\/uaga-ha-celebrado-una-asamblea-de-temporerismo-del-sector-patata\/","url":"https:\/\/www.uaga.eus\/uaga-ha-celebrado-una-asamblea-de-temporerismo-del-sector-patata\/","name":"UAGA ha celebrado una Asamblea de Temporerismo del sector patata\u00a0 - UAGA","isPartOf":{"@id":"https:\/\/www.uaga.eus\/#website"},"datePublished":"2019-11-15T12:18:46+00:00","dateModified":"2019-11-15T12:18:46+00:00","author":{"@id":"https:\/\/www.uaga.eus\/#\/schema\/person\/48c3cbf0f33d1b788226dbb6518689cf"},"breadcrumb":{"@id":"https:\/\/www.uaga.eus\/uaga-ha-celebrado-una-asamblea-de-temporerismo-del-sector-patata\/#breadcrumb"},"inLanguage":"eu","potentialAction":[{"@type":"ReadAction","target":["https:\/\/www.uaga.eus\/uaga-ha-celebrado-una-asamblea-de-temporerismo-del-sector-patata\/"]}]},{"@type":"BreadcrumbList","@id":"https:\/\/www.uaga.eus\/uaga-ha-celebrado-una-asamblea-de-temporerismo-del-sector-patata\/#breadcrumb","itemListElement":[{"@type":"ListItem","position":1,"name":"Inicio","item":"https:\/\/www.uaga.eus\/"},{"@type":"ListItem","position":2,"name":"UAGA ha celebrado una Asamblea de Temporerismo del sector patata\u00a0"}]},{"@type":"WebSite","@id":"https:\/\/www.uaga.eus\/#website","url":"https:\/\/www.uaga.eus\/","name":"UAGA","description":"Uni\u00f3n Agroganadera de \u00c1lava - Araba Nekazarien Elkartea","potentialAction":[{"@type":"SearchAction","target":{"@type":"EntryPoint","urlTemplate":"https:\/\/www.uaga.eus\/?s={search_term_string}"},"query-input":"required name=search_term_string"}],"inLanguage":"eu"},{"@type":"Person","@id":"https:\/\/www.uaga.eus\/#\/schema\/person\/48c3cbf0f33d1b788226dbb6518689cf","name":"Blanca S\u00e1nchez","image":{"@type":"ImageObject","inLanguage":"eu","@id":"https:\/\/www.uaga.eus\/#\/schema\/person\/image\/","url":"https:\/\/secure.gravatar.com\/avatar\/0dc91c20648254b1ce84877283f6751b?s=96&d=mm&r=g","contentUrl":"https:\/\/secure.gravatar.com\/avatar\/0dc91c20648254b1ce84877283f6751b?s=96&d=mm&r=g","caption":"Blanca S\u00e1nchez"},"url":"https:\/\/www.uaga.eus\/eu\/author\/bsanchez\/"}]}},"_links":{"self":[{"href":"https:\/\/www.uaga.eus\/eu\/wp-json\/wp\/v2\/posts\/6644"}],"collection":[{"href":"https:\/\/www.uaga.eus\/eu\/wp-json\/wp\/v2\/posts"}],"about":[{"href":"https:\/\/www.uaga.eus\/eu\/wp-json\/wp\/v2\/types\/post"}],"author":[{"embeddable":true,"href":"https:\/\/www.uaga.eus\/eu\/wp-json\/wp\/v2\/users\/4"}],"replies":[{"embeddable":true,"href":"https:\/\/www.uaga.eus\/eu\/wp-json\/wp\/v2\/comments?post=6644"}],"version-history":[{"count":1,"href":"https:\/\/www.uaga.eus\/eu\/wp-json\/wp\/v2\/posts\/6644\/revisions"}],"predecessor-version":[{"id":6645,"href":"https:\/\/www.uaga.eus\/eu\/wp-json\/wp\/v2\/posts\/6644\/revisions\/6645"}],"wp:featuredmedia":[{"embeddable":true,"href":"https:\/\/www.uaga.eus\/eu\/wp-json\/wp\/v2\/media\/2956"}],"wp:attachment":[{"href":"https:\/\/www.uaga.eus\/eu\/wp-json\/wp\/v2\/media?parent=6644"}],"wp:term":[{"taxonomy":"category","embeddable":true,"href":"https:\/\/www.uaga.eus\/eu\/wp-json\/wp\/v2\/categories?post=6644"},{"taxonomy":"post_tag","embeddable":true,"href":"https:\/\/www.uaga.eus\/eu\/wp-json\/wp\/v2\/tags?post=6644"}],"curies":[{"name":"wp","href":"https:\/\/api.w.org\/{rel}","templated":true}]}}