{"id":6580,"date":"2019-10-18T11:11:06","date_gmt":"2019-10-18T11:11:06","guid":{"rendered":"https:\/\/www.uaga.eus\/?p=6580"},"modified":"2019-10-18T11:11:06","modified_gmt":"2019-10-18T11:11:06","slug":"finaliza-la-campana-de-maiz-del-colectivo-de-uaga-2","status":"publish","type":"post","link":"https:\/\/www.uaga.eus\/eu\/finaliza-la-campana-de-maiz-del-colectivo-de-uaga-2\/","title":{"rendered":"Finaliza la campa\u00f1a de ma\u00edz del colectivo de UAGA"},"content":{"rendered":"<p>El colectivo de ma\u00edz de UAGA, integrado por 11 explotaciones agr\u00edcolas y 15 ganaderas, termin\u00f3 el pasado viernes la campa\u00f1a de cosecha de ma\u00edz iniciada el 12 de septiembre. La ejecuci\u00f3n ha sido r\u00e1pida y no se han tenido que realizar paros significativos por inclemencias del tiempo o log\u00edsticos. Por lo general, los rendimientos han superado las 55 toneladas\/ha.<\/p>\n<p>A pesar de que los trabajos iniciales se realizaron en las fechas id\u00f3neas para cada zona, la meteorolog\u00eda durante el desarrollo del cultivo ha hecho que la maduraci\u00f3n iguale el momento \u00f3ptimo de cosecha en las distintas zonas.<\/p>\n<p>Se han entregado 3.937 toneladas, con una materia seca media de 29%, un valor similar al del a\u00f1o pasado. Adem\u00e1s, el colectivo ha sido capaz de absorber toda la producci\u00f3n, cuando las necesidades iniciales eran en torno a 3.500 toneladas, lo que demuestra que es un sistema flexible con capacidad de adaptaci\u00f3n a las variaciones de la producci\u00f3n final.<\/p>\n<p>+ info SUGOI: 675 707 696<\/p>\n","protected":false},"excerpt":{"rendered":"<p>El colectivo de ma\u00edz de UAGA, integrado por 11 explotaciones agr\u00edcolas y 15 ganaderas, termin\u00f3 el pasado viernes la campa\u00f1a de cosecha de ma\u00edz iniciada el 12 de septiembre. La ejecuci\u00f3n ha sido r\u00e1pida y no se han tenido que realizar paros significativos por inclemencias del tiempo o log\u00edsticos. Por lo general, los rendimientos han [&hellip;]<\/p>\n","protected":false},"author":4,"featured_media":6474,"comment_status":"closed","ping_status":"closed","sticky":false,"template":"","format":"standard","meta":{"footnotes":""},"categories":[7,8],"tags":[],"yoast_head":"<!-- This site is optimized with the Yoast SEO plugin v21.5 - https:\/\/yoast.com\/wordpress\/plugins\/seo\/ -->\n<title>Finaliza la campa\u00f1a de ma\u00edz del colectivo de UAGA - UAGA<\/title>\n<meta name=\"robots\" content=\"index, follow, max-snippet:-1, max-image-preview:large, max-video-preview:-1\" \/>\n<link rel=\"canonical\" href=\"https:\/\/www.uaga.eus\/finaliza-la-campana-de-maiz-del-colectivo-de-uaga-2\/\" \/>\n<meta property=\"og:locale\" content=\"en_US\" \/>\n<meta property=\"og:type\" content=\"article\" \/>\n<meta property=\"og:title\" content=\"Finaliza la campa\u00f1a de ma\u00edz del colectivo de UAGA - UAGA\" \/>\n<meta property=\"og:description\" content=\"El colectivo de ma\u00edz de UAGA, integrado por 11 explotaciones agr\u00edcolas y 15 ganaderas, termin\u00f3 el pasado viernes la campa\u00f1a de cosecha de ma\u00edz iniciada el 12 de septiembre. La ejecuci\u00f3n ha sido r\u00e1pida y no se han tenido que realizar paros significativos por inclemencias del tiempo o log\u00edsticos. Por lo general, los rendimientos han [&hellip;]\" \/>\n<meta property=\"og:url\" content=\"https:\/\/www.uaga.eus\/finaliza-la-campana-de-maiz-del-colectivo-de-uaga-2\/\" \/>\n<meta property=\"og:site_name\" content=\"UAGA\" \/>\n<meta property=\"article:published_time\" content=\"2019-10-18T11:11:06+00:00\" \/>\n<meta property=\"og:image\" content=\"https:\/\/www.uaga.eus\/wp-content\/uploads\/2019\/09\/cosecha-ma\u00edz-2019-e1568374241373.jpeg\" \/>\n\t<meta property=\"og:image:width\" content=\"698\" \/>\n\t<meta property=\"og:image:height\" content=\"369\" \/>\n\t<meta property=\"og:image:type\" content=\"image\/jpeg\" \/>\n<meta name=\"author\" content=\"Blanca S\u00e1nchez\" \/>\n<meta name=\"twitter:card\" content=\"summary_large_image\" \/>\n<meta name=\"twitter:label1\" content=\"Written by\" \/>\n\t<meta name=\"twitter:data1\" content=\"Blanca S\u00e1nchez\" \/>\n\t<meta name=\"twitter:label2\" content=\"Est. reading time\" \/>\n\t<meta name=\"twitter:data2\" content=\"1 minutua\" \/>\n<script type=\"application\/ld+json\" class=\"yoast-schema-graph\">{\"@context\":\"https:\/\/schema.org\",\"@graph\":[{\"@type\":\"WebPage\",\"@id\":\"https:\/\/www.uaga.eus\/finaliza-la-campana-de-maiz-del-colectivo-de-uaga-2\/\",\"url\":\"https:\/\/www.uaga.eus\/finaliza-la-campana-de-maiz-del-colectivo-de-uaga-2\/\",\"name\":\"Finaliza la campa\u00f1a de ma\u00edz del colectivo de UAGA - UAGA\",\"isPartOf\":{\"@id\":\"https:\/\/www.uaga.eus\/#website\"},\"datePublished\":\"2019-10-18T11:11:06+00:00\",\"dateModified\":\"2019-10-18T11:11:06+00:00\",\"author\":{\"@id\":\"https:\/\/www.uaga.eus\/#\/schema\/person\/48c3cbf0f33d1b788226dbb6518689cf\"},\"breadcrumb\":{\"@id\":\"https:\/\/www.uaga.eus\/finaliza-la-campana-de-maiz-del-colectivo-de-uaga-2\/#breadcrumb\"},\"inLanguage\":\"eu\",\"potentialAction\":[{\"@type\":\"ReadAction\",\"target\":[\"https:\/\/www.uaga.eus\/finaliza-la-campana-de-maiz-del-colectivo-de-uaga-2\/\"]}]},{\"@type\":\"BreadcrumbList\",\"@id\":\"https:\/\/www.uaga.eus\/finaliza-la-campana-de-maiz-del-colectivo-de-uaga-2\/#breadcrumb\",\"itemListElement\":[{\"@type\":\"ListItem\",\"position\":1,\"name\":\"Inicio\",\"item\":\"https:\/\/www.uaga.eus\/\"},{\"@type\":\"ListItem\",\"position\":2,\"name\":\"Finaliza la campa\u00f1a de ma\u00edz del colectivo de UAGA\"}]},{\"@type\":\"WebSite\",\"@id\":\"https:\/\/www.uaga.eus\/#website\",\"url\":\"https:\/\/www.uaga.eus\/\",\"name\":\"UAGA\",\"description\":\"Uni\u00f3n Agroganadera de \u00c1lava - Araba Nekazarien Elkartea\",\"potentialAction\":[{\"@type\":\"SearchAction\",\"target\":{\"@type\":\"EntryPoint\",\"urlTemplate\":\"https:\/\/www.uaga.eus\/?s={search_term_string}\"},\"query-input\":\"required name=search_term_string\"}],\"inLanguage\":\"eu\"},{\"@type\":\"Person\",\"@id\":\"https:\/\/www.uaga.eus\/#\/schema\/person\/48c3cbf0f33d1b788226dbb6518689cf\",\"name\":\"Blanca S\u00e1nchez\",\"image\":{\"@type\":\"ImageObject\",\"inLanguage\":\"eu\",\"@id\":\"https:\/\/www.uaga.eus\/#\/schema\/person\/image\/\",\"url\":\"https:\/\/secure.gravatar.com\/avatar\/0dc91c20648254b1ce84877283f6751b?s=96&d=mm&r=g\",\"contentUrl\":\"https:\/\/secure.gravatar.com\/avatar\/0dc91c20648254b1ce84877283f6751b?s=96&d=mm&r=g\",\"caption\":\"Blanca S\u00e1nchez\"},\"url\":\"https:\/\/www.uaga.eus\/eu\/author\/bsanchez\/\"}]}<\/script>\n<!-- \/ Yoast SEO plugin. -->","yoast_head_json":{"title":"Finaliza la campa\u00f1a de ma\u00edz del colectivo de UAGA - UAGA","robots":{"index":"index","follow":"follow","max-snippet":"max-snippet:-1","max-image-preview":"max-image-preview:large","max-video-preview":"max-video-preview:-1"},"canonical":"https:\/\/www.uaga.eus\/finaliza-la-campana-de-maiz-del-colectivo-de-uaga-2\/","og_locale":"en_US","og_type":"article","og_title":"Finaliza la campa\u00f1a de ma\u00edz del colectivo de UAGA - UAGA","og_description":"El colectivo de ma\u00edz de UAGA, integrado por 11 explotaciones agr\u00edcolas y 15 ganaderas, termin\u00f3 el pasado viernes la campa\u00f1a de cosecha de ma\u00edz iniciada el 12 de septiembre. La ejecuci\u00f3n ha sido r\u00e1pida y no se han tenido que realizar paros significativos por inclemencias del tiempo o log\u00edsticos. Por lo general, los rendimientos han [&hellip;]","og_url":"https:\/\/www.uaga.eus\/finaliza-la-campana-de-maiz-del-colectivo-de-uaga-2\/","og_site_name":"UAGA","article_published_time":"2019-10-18T11:11:06+00:00","og_image":[{"width":698,"height":369,"url":"https:\/\/www.uaga.eus\/wp-content\/uploads\/2019\/09\/cosecha-ma\u00edz-2019-e1568374241373.jpeg","type":"image\/jpeg"}],"author":"Blanca S\u00e1nchez","twitter_card":"summary_large_image","twitter_misc":{"Written by":"Blanca S\u00e1nchez","Est. reading time":"1 minutua"},"schema":{"@context":"https:\/\/schema.org","@graph":[{"@type":"WebPage","@id":"https:\/\/www.uaga.eus\/finaliza-la-campana-de-maiz-del-colectivo-de-uaga-2\/","url":"https:\/\/www.uaga.eus\/finaliza-la-campana-de-maiz-del-colectivo-de-uaga-2\/","name":"Finaliza la campa\u00f1a de ma\u00edz del colectivo de UAGA - UAGA","isPartOf":{"@id":"https:\/\/www.uaga.eus\/#website"},"datePublished":"2019-10-18T11:11:06+00:00","dateModified":"2019-10-18T11:11:06+00:00","author":{"@id":"https:\/\/www.uaga.eus\/#\/schema\/person\/48c3cbf0f33d1b788226dbb6518689cf"},"breadcrumb":{"@id":"https:\/\/www.uaga.eus\/finaliza-la-campana-de-maiz-del-colectivo-de-uaga-2\/#breadcrumb"},"inLanguage":"eu","potentialAction":[{"@type":"ReadAction","target":["https:\/\/www.uaga.eus\/finaliza-la-campana-de-maiz-del-colectivo-de-uaga-2\/"]}]},{"@type":"BreadcrumbList","@id":"https:\/\/www.uaga.eus\/finaliza-la-campana-de-maiz-del-colectivo-de-uaga-2\/#breadcrumb","itemListElement":[{"@type":"ListItem","position":1,"name":"Inicio","item":"https:\/\/www.uaga.eus\/"},{"@type":"ListItem","position":2,"name":"Finaliza la campa\u00f1a de ma\u00edz del colectivo de UAGA"}]},{"@type":"WebSite","@id":"https:\/\/www.uaga.eus\/#website","url":"https:\/\/www.uaga.eus\/","name":"UAGA","description":"Uni\u00f3n Agroganadera de \u00c1lava - Araba Nekazarien Elkartea","potentialAction":[{"@type":"SearchAction","target":{"@type":"EntryPoint","urlTemplate":"https:\/\/www.uaga.eus\/?s={search_term_string}"},"query-input":"required name=search_term_string"}],"inLanguage":"eu"},{"@type":"Person","@id":"https:\/\/www.uaga.eus\/#\/schema\/person\/48c3cbf0f33d1b788226dbb6518689cf","name":"Blanca S\u00e1nchez","image":{"@type":"ImageObject","inLanguage":"eu","@id":"https:\/\/www.uaga.eus\/#\/schema\/person\/image\/","url":"https:\/\/secure.gravatar.com\/avatar\/0dc91c20648254b1ce84877283f6751b?s=96&d=mm&r=g","contentUrl":"https:\/\/secure.gravatar.com\/avatar\/0dc91c20648254b1ce84877283f6751b?s=96&d=mm&r=g","caption":"Blanca S\u00e1nchez"},"url":"https:\/\/www.uaga.eus\/eu\/author\/bsanchez\/"}]}},"_links":{"self":[{"href":"https:\/\/www.uaga.eus\/eu\/wp-json\/wp\/v2\/posts\/6580"}],"collection":[{"href":"https:\/\/www.uaga.eus\/eu\/wp-json\/wp\/v2\/posts"}],"about":[{"href":"https:\/\/www.uaga.eus\/eu\/wp-json\/wp\/v2\/types\/post"}],"author":[{"embeddable":true,"href":"https:\/\/www.uaga.eus\/eu\/wp-json\/wp\/v2\/users\/4"}],"replies":[{"embeddable":true,"href":"https:\/\/www.uaga.eus\/eu\/wp-json\/wp\/v2\/comments?post=6580"}],"version-history":[{"count":1,"href":"https:\/\/www.uaga.eus\/eu\/wp-json\/wp\/v2\/posts\/6580\/revisions"}],"predecessor-version":[{"id":6581,"href":"https:\/\/www.uaga.eus\/eu\/wp-json\/wp\/v2\/posts\/6580\/revisions\/6581"}],"wp:featuredmedia":[{"embeddable":true,"href":"https:\/\/www.uaga.eus\/eu\/wp-json\/wp\/v2\/media\/6474"}],"wp:attachment":[{"href":"https:\/\/www.uaga.eus\/eu\/wp-json\/wp\/v2\/media?parent=6580"}],"wp:term":[{"taxonomy":"category","embeddable":true,"href":"https:\/\/www.uaga.eus\/eu\/wp-json\/wp\/v2\/categories?post=6580"},{"taxonomy":"post_tag","embeddable":true,"href":"https:\/\/www.uaga.eus\/eu\/wp-json\/wp\/v2\/tags?post=6580"}],"curies":[{"name":"wp","href":"https:\/\/api.w.org\/{rel}","templated":true}]}}