{"id":6544,"date":"2019-10-11T11:30:15","date_gmt":"2019-10-11T11:30:15","guid":{"rendered":"https:\/\/www.uaga.eus\/?p=6544"},"modified":"2019-11-12T13:46:57","modified_gmt":"2019-11-12T13:46:57","slug":"uaga-participa-en-la-reunion-de-gobierno-vasco-con-el-sector-vitivinicola-para-abordar-la-situacion-del-mercado-internacional","status":"publish","type":"post","link":"https:\/\/www.uaga.eus\/eu\/uaga-participa-en-la-reunion-de-gobierno-vasco-con-el-sector-vitivinicola-para-abordar-la-situacion-del-mercado-internacional\/","title":{"rendered":"UAGA participa en la reuni\u00f3n de Gobierno Vasco con el sector vitivin\u00edcola para abordar la situaci\u00f3n del mercado internacional"},"content":{"rendered":"<p>UAGA ha participado esta semana en la reuni\u00f3n que la Consejera Arantza Tapia ha mantenido\u00a0con representantes del sector vitivin\u00edcola de Euskadi para analizar diferentes\u00a0medidas en el \u00e1mbito de la exportaci\u00f3n y la diversificaci\u00f3n de mercados.<\/p>\n<p>La reuni\u00f3n ha venido motivada por la\u00a0preocupaci\u00f3n ante el anuncio del presidente de EEUU, Donald Trump, de aplicar\u00a0aranceles a los productos vitivin\u00edcolas, sumada a la incertidumbre existente ante las consecuencias del\u00a0<em>Brexit.<\/em><\/p>\n<p>El Gobierno Vasco ha anunciado al sector que ha acelerado el ritmo del trabajo para poner en marcha una oficina de apoyo para la excelencia del sector vitivin\u00edcola de Euskadi. La labor de la oficina -denominada\u00a0ARDOA, Basque Wine Office- ser\u00e1 reforzar la estrategia que las bodegas de Rioja Alavesa y las tres Denominaciones de Txakoli est\u00e1n llevando a cabo tanto en el mercado nacional y estatal como en el internacional. Asimismo el Gobierno Vasco activar\u00e1 nuevas medidas para hacer frente a las dificultades del mercado internacional.<\/p>\n<p>UAGA record\u00f3 en la reuni\u00f3n que las consecuencias de estas pol\u00edticas arancelarias no deben recaer \u00fanicamente sobre el eslab\u00f3n m\u00e1s d\u00e9bil de la cadena, que es el sector agrario.<\/p>\n<p>Puedes ver aqu\u00ed la <a href=\"http:\/\/www.euskadi.eus\/gobierno-vasco\/-\/noticia\/2019\/el-gobierno-vasco-refuerza-su-estrategia-de-apoyo-al-sector-vitivinicola-ante-las-dificultades-del-mercado-internacional\/\" target=\"_blank\" rel=\"noopener\" data-cke-saved-href=\"http:\/\/www.euskadi.eus\/gobierno-vasco\/-\/noticia\/2019\/el-gobierno-vasco-refuerza-su-estrategia-de-apoyo-al-sector-vitivinicola-ante-las-dificultades-del-mercado-internacional\/\">nota de prensa<\/a> de Gobierno Vasco sobre las actuaciones que va a\u00a0 poner en marcha<\/p>\n<p>En <a href=\"https:\/\/www.eitb.tv\/es\/video\/teleberri\/4109346449001\/152255\/teleberri--10-10-2019-\/\" target=\"_blank\" rel=\"noopener\" data-cke-saved-href=\"https:\/\/www.eitb.tv\/es\/video\/teleberri\/4109346449001\/152255\/teleberri--10-10-2019-\/\">este enlace<\/a>, a partir del minuto 22\u00b422&#8243; puedes ver la noticia emitida en Eitb al respecto, con declaraciones del presidente de UAGA, Javi Torre.<\/p>\n","protected":false},"excerpt":{"rendered":"<p>UAGA ha participado esta semana en la reuni\u00f3n que la Consejera Arantza Tapia ha mantenido\u00a0con representantes del sector vitivin\u00edcola de Euskadi para analizar diferentes\u00a0medidas en el \u00e1mbito de la exportaci\u00f3n y la diversificaci\u00f3n de mercados. La reuni\u00f3n ha venido motivada por la\u00a0preocupaci\u00f3n ante el anuncio del presidente de EEUU, Donald Trump, de aplicar\u00a0aranceles a los [&hellip;]<\/p>\n","protected":false},"author":4,"featured_media":6533,"comment_status":"closed","ping_status":"closed","sticky":false,"template":"","format":"standard","meta":{"footnotes":""},"categories":[7,12],"tags":[],"yoast_head":"<!-- This site is optimized with the Yoast SEO plugin v21.5 - https:\/\/yoast.com\/wordpress\/plugins\/seo\/ -->\n<title>UAGA participa en la reuni\u00f3n de Gobierno Vasco con el sector vitivin\u00edcola para abordar la situaci\u00f3n del mercado internacional - UAGA<\/title>\n<meta name=\"robots\" content=\"index, follow, max-snippet:-1, max-image-preview:large, max-video-preview:-1\" \/>\n<link rel=\"canonical\" href=\"https:\/\/www.uaga.eus\/uaga-participa-en-la-reunion-de-gobierno-vasco-con-el-sector-vitivinicola-para-abordar-la-situacion-del-mercado-internacional\/\" \/>\n<meta property=\"og:locale\" content=\"en_US\" \/>\n<meta property=\"og:type\" content=\"article\" \/>\n<meta property=\"og:title\" content=\"UAGA participa en la reuni\u00f3n de Gobierno Vasco con el sector vitivin\u00edcola para abordar la situaci\u00f3n del mercado internacional - UAGA\" \/>\n<meta property=\"og:description\" content=\"UAGA ha participado esta semana en la reuni\u00f3n que la Consejera Arantza Tapia ha mantenido\u00a0con representantes del sector vitivin\u00edcola de Euskadi para analizar diferentes\u00a0medidas en el \u00e1mbito de la exportaci\u00f3n y la diversificaci\u00f3n de mercados. La reuni\u00f3n ha venido motivada por la\u00a0preocupaci\u00f3n ante el anuncio del presidente de EEUU, Donald Trump, de aplicar\u00a0aranceles a los [&hellip;]\" \/>\n<meta property=\"og:url\" content=\"https:\/\/www.uaga.eus\/uaga-participa-en-la-reunion-de-gobierno-vasco-con-el-sector-vitivinicola-para-abordar-la-situacion-del-mercado-internacional\/\" \/>\n<meta property=\"og:site_name\" content=\"UAGA\" \/>\n<meta property=\"article:published_time\" content=\"2019-10-11T11:30:15+00:00\" \/>\n<meta property=\"article:modified_time\" content=\"2019-11-12T13:46:57+00:00\" \/>\n<meta property=\"og:image\" content=\"https:\/\/www.uaga.eus\/wp-content\/uploads\/2019\/10\/191010-reunion-GV-sector-vitivinicola.jpeg\" \/>\n\t<meta property=\"og:image:width\" content=\"770\" \/>\n\t<meta property=\"og:image:height\" content=\"399\" \/>\n\t<meta property=\"og:image:type\" content=\"image\/jpeg\" \/>\n<meta name=\"author\" content=\"Blanca S\u00e1nchez\" \/>\n<meta name=\"twitter:card\" content=\"summary_large_image\" \/>\n<meta name=\"twitter:label1\" content=\"Written by\" \/>\n\t<meta name=\"twitter:data1\" content=\"Blanca S\u00e1nchez\" \/>\n\t<meta name=\"twitter:label2\" content=\"Est. reading time\" \/>\n\t<meta name=\"twitter:data2\" content=\"1 minutua\" \/>\n<script type=\"application\/ld+json\" class=\"yoast-schema-graph\">{\"@context\":\"https:\/\/schema.org\",\"@graph\":[{\"@type\":\"WebPage\",\"@id\":\"https:\/\/www.uaga.eus\/uaga-participa-en-la-reunion-de-gobierno-vasco-con-el-sector-vitivinicola-para-abordar-la-situacion-del-mercado-internacional\/\",\"url\":\"https:\/\/www.uaga.eus\/uaga-participa-en-la-reunion-de-gobierno-vasco-con-el-sector-vitivinicola-para-abordar-la-situacion-del-mercado-internacional\/\",\"name\":\"UAGA participa en la reuni\u00f3n de Gobierno Vasco con el sector vitivin\u00edcola para abordar la situaci\u00f3n del mercado internacional - UAGA\",\"isPartOf\":{\"@id\":\"https:\/\/www.uaga.eus\/#website\"},\"datePublished\":\"2019-10-11T11:30:15+00:00\",\"dateModified\":\"2019-11-12T13:46:57+00:00\",\"author\":{\"@id\":\"https:\/\/www.uaga.eus\/#\/schema\/person\/48c3cbf0f33d1b788226dbb6518689cf\"},\"breadcrumb\":{\"@id\":\"https:\/\/www.uaga.eus\/uaga-participa-en-la-reunion-de-gobierno-vasco-con-el-sector-vitivinicola-para-abordar-la-situacion-del-mercado-internacional\/#breadcrumb\"},\"inLanguage\":\"eu\",\"potentialAction\":[{\"@type\":\"ReadAction\",\"target\":[\"https:\/\/www.uaga.eus\/uaga-participa-en-la-reunion-de-gobierno-vasco-con-el-sector-vitivinicola-para-abordar-la-situacion-del-mercado-internacional\/\"]}]},{\"@type\":\"BreadcrumbList\",\"@id\":\"https:\/\/www.uaga.eus\/uaga-participa-en-la-reunion-de-gobierno-vasco-con-el-sector-vitivinicola-para-abordar-la-situacion-del-mercado-internacional\/#breadcrumb\",\"itemListElement\":[{\"@type\":\"ListItem\",\"position\":1,\"name\":\"Inicio\",\"item\":\"https:\/\/www.uaga.eus\/\"},{\"@type\":\"ListItem\",\"position\":2,\"name\":\"UAGA participa en la reuni\u00f3n de Gobierno Vasco con el sector vitivin\u00edcola para abordar la situaci\u00f3n del mercado internacional\"}]},{\"@type\":\"WebSite\",\"@id\":\"https:\/\/www.uaga.eus\/#website\",\"url\":\"https:\/\/www.uaga.eus\/\",\"name\":\"UAGA\",\"description\":\"Uni\u00f3n Agroganadera de \u00c1lava - Araba Nekazarien Elkartea\",\"potentialAction\":[{\"@type\":\"SearchAction\",\"target\":{\"@type\":\"EntryPoint\",\"urlTemplate\":\"https:\/\/www.uaga.eus\/?s={search_term_string}\"},\"query-input\":\"required name=search_term_string\"}],\"inLanguage\":\"eu\"},{\"@type\":\"Person\",\"@id\":\"https:\/\/www.uaga.eus\/#\/schema\/person\/48c3cbf0f33d1b788226dbb6518689cf\",\"name\":\"Blanca S\u00e1nchez\",\"image\":{\"@type\":\"ImageObject\",\"inLanguage\":\"eu\",\"@id\":\"https:\/\/www.uaga.eus\/#\/schema\/person\/image\/\",\"url\":\"https:\/\/secure.gravatar.com\/avatar\/0dc91c20648254b1ce84877283f6751b?s=96&d=mm&r=g\",\"contentUrl\":\"https:\/\/secure.gravatar.com\/avatar\/0dc91c20648254b1ce84877283f6751b?s=96&d=mm&r=g\",\"caption\":\"Blanca S\u00e1nchez\"},\"url\":\"https:\/\/www.uaga.eus\/eu\/author\/bsanchez\/\"}]}<\/script>\n<!-- \/ Yoast SEO plugin. -->","yoast_head_json":{"title":"UAGA participa en la reuni\u00f3n de Gobierno Vasco con el sector vitivin\u00edcola para abordar la situaci\u00f3n del mercado internacional - UAGA","robots":{"index":"index","follow":"follow","max-snippet":"max-snippet:-1","max-image-preview":"max-image-preview:large","max-video-preview":"max-video-preview:-1"},"canonical":"https:\/\/www.uaga.eus\/uaga-participa-en-la-reunion-de-gobierno-vasco-con-el-sector-vitivinicola-para-abordar-la-situacion-del-mercado-internacional\/","og_locale":"en_US","og_type":"article","og_title":"UAGA participa en la reuni\u00f3n de Gobierno Vasco con el sector vitivin\u00edcola para abordar la situaci\u00f3n del mercado internacional - UAGA","og_description":"UAGA ha participado esta semana en la reuni\u00f3n que la Consejera Arantza Tapia ha mantenido\u00a0con representantes del sector vitivin\u00edcola de Euskadi para analizar diferentes\u00a0medidas en el \u00e1mbito de la exportaci\u00f3n y la diversificaci\u00f3n de mercados. La reuni\u00f3n ha venido motivada por la\u00a0preocupaci\u00f3n ante el anuncio del presidente de EEUU, Donald Trump, de aplicar\u00a0aranceles a los [&hellip;]","og_url":"https:\/\/www.uaga.eus\/uaga-participa-en-la-reunion-de-gobierno-vasco-con-el-sector-vitivinicola-para-abordar-la-situacion-del-mercado-internacional\/","og_site_name":"UAGA","article_published_time":"2019-10-11T11:30:15+00:00","article_modified_time":"2019-11-12T13:46:57+00:00","og_image":[{"width":770,"height":399,"url":"https:\/\/www.uaga.eus\/wp-content\/uploads\/2019\/10\/191010-reunion-GV-sector-vitivinicola.jpeg","type":"image\/jpeg"}],"author":"Blanca S\u00e1nchez","twitter_card":"summary_large_image","twitter_misc":{"Written by":"Blanca S\u00e1nchez","Est. reading time":"1 minutua"},"schema":{"@context":"https:\/\/schema.org","@graph":[{"@type":"WebPage","@id":"https:\/\/www.uaga.eus\/uaga-participa-en-la-reunion-de-gobierno-vasco-con-el-sector-vitivinicola-para-abordar-la-situacion-del-mercado-internacional\/","url":"https:\/\/www.uaga.eus\/uaga-participa-en-la-reunion-de-gobierno-vasco-con-el-sector-vitivinicola-para-abordar-la-situacion-del-mercado-internacional\/","name":"UAGA participa en la reuni\u00f3n de Gobierno Vasco con el sector vitivin\u00edcola para abordar la situaci\u00f3n del mercado internacional - UAGA","isPartOf":{"@id":"https:\/\/www.uaga.eus\/#website"},"datePublished":"2019-10-11T11:30:15+00:00","dateModified":"2019-11-12T13:46:57+00:00","author":{"@id":"https:\/\/www.uaga.eus\/#\/schema\/person\/48c3cbf0f33d1b788226dbb6518689cf"},"breadcrumb":{"@id":"https:\/\/www.uaga.eus\/uaga-participa-en-la-reunion-de-gobierno-vasco-con-el-sector-vitivinicola-para-abordar-la-situacion-del-mercado-internacional\/#breadcrumb"},"inLanguage":"eu","potentialAction":[{"@type":"ReadAction","target":["https:\/\/www.uaga.eus\/uaga-participa-en-la-reunion-de-gobierno-vasco-con-el-sector-vitivinicola-para-abordar-la-situacion-del-mercado-internacional\/"]}]},{"@type":"BreadcrumbList","@id":"https:\/\/www.uaga.eus\/uaga-participa-en-la-reunion-de-gobierno-vasco-con-el-sector-vitivinicola-para-abordar-la-situacion-del-mercado-internacional\/#breadcrumb","itemListElement":[{"@type":"ListItem","position":1,"name":"Inicio","item":"https:\/\/www.uaga.eus\/"},{"@type":"ListItem","position":2,"name":"UAGA participa en la reuni\u00f3n de Gobierno Vasco con el sector vitivin\u00edcola para abordar la situaci\u00f3n del mercado internacional"}]},{"@type":"WebSite","@id":"https:\/\/www.uaga.eus\/#website","url":"https:\/\/www.uaga.eus\/","name":"UAGA","description":"Uni\u00f3n Agroganadera de \u00c1lava - Araba Nekazarien Elkartea","potentialAction":[{"@type":"SearchAction","target":{"@type":"EntryPoint","urlTemplate":"https:\/\/www.uaga.eus\/?s={search_term_string}"},"query-input":"required name=search_term_string"}],"inLanguage":"eu"},{"@type":"Person","@id":"https:\/\/www.uaga.eus\/#\/schema\/person\/48c3cbf0f33d1b788226dbb6518689cf","name":"Blanca S\u00e1nchez","image":{"@type":"ImageObject","inLanguage":"eu","@id":"https:\/\/www.uaga.eus\/#\/schema\/person\/image\/","url":"https:\/\/secure.gravatar.com\/avatar\/0dc91c20648254b1ce84877283f6751b?s=96&d=mm&r=g","contentUrl":"https:\/\/secure.gravatar.com\/avatar\/0dc91c20648254b1ce84877283f6751b?s=96&d=mm&r=g","caption":"Blanca S\u00e1nchez"},"url":"https:\/\/www.uaga.eus\/eu\/author\/bsanchez\/"}]}},"_links":{"self":[{"href":"https:\/\/www.uaga.eus\/eu\/wp-json\/wp\/v2\/posts\/6544"}],"collection":[{"href":"https:\/\/www.uaga.eus\/eu\/wp-json\/wp\/v2\/posts"}],"about":[{"href":"https:\/\/www.uaga.eus\/eu\/wp-json\/wp\/v2\/types\/post"}],"author":[{"embeddable":true,"href":"https:\/\/www.uaga.eus\/eu\/wp-json\/wp\/v2\/users\/4"}],"replies":[{"embeddable":true,"href":"https:\/\/www.uaga.eus\/eu\/wp-json\/wp\/v2\/comments?post=6544"}],"version-history":[{"count":3,"href":"https:\/\/www.uaga.eus\/eu\/wp-json\/wp\/v2\/posts\/6544\/revisions"}],"predecessor-version":[{"id":6547,"href":"https:\/\/www.uaga.eus\/eu\/wp-json\/wp\/v2\/posts\/6544\/revisions\/6547"}],"wp:featuredmedia":[{"embeddable":true,"href":"https:\/\/www.uaga.eus\/eu\/wp-json\/wp\/v2\/media\/6533"}],"wp:attachment":[{"href":"https:\/\/www.uaga.eus\/eu\/wp-json\/wp\/v2\/media?parent=6544"}],"wp:term":[{"taxonomy":"category","embeddable":true,"href":"https:\/\/www.uaga.eus\/eu\/wp-json\/wp\/v2\/categories?post=6544"},{"taxonomy":"post_tag","embeddable":true,"href":"https:\/\/www.uaga.eus\/eu\/wp-json\/wp\/v2\/tags?post=6544"}],"curies":[{"name":"wp","href":"https:\/\/api.w.org\/{rel}","templated":true}]}}