{"id":6540,"date":"2019-10-11T11:21:05","date_gmt":"2019-10-11T11:21:05","guid":{"rendered":"https:\/\/www.uaga.eus\/?p=6540"},"modified":"2019-10-15T06:52:44","modified_gmt":"2019-10-15T06:52:44","slug":"uaga-te-convoca-a-la-asamblea-general-del-sector-de-remolacha-el-18-de-octubre","status":"publish","type":"post","link":"https:\/\/www.uaga.eus\/eu\/uaga-te-convoca-a-la-asamblea-general-del-sector-de-remolacha-el-18-de-octubre\/","title":{"rendered":"UAGA te convoca a la Asamblea General del sector de remolacha el 18 de octubre"},"content":{"rendered":"<p>UAGA ha celebrado esta semana una reuni\u00f3n de la Junta Sectorial de remolacha en la que se ha preparado el contenido de la pr\u00f3xima Asamblea General del sector, que se ha convocado para el pr\u00f3ximo viernes 18 de octubre, a las 8 de la tarde en el restaurante Aldaia en Ari\u00f1ez.<\/p>\n<p>La Asamblea contar\u00e1 con el habitual <a href=\"https:\/\/gallery.mailchimp.com\/498b950ccfc4b8d0e600d7e48\/files\/fe32a320-f768-4620-9165-32f52f75923c\/ConvocatoriaAsamblea_SectorRemolachaUAGA_18octubre2019.pdf\" target=\"_blank\" rel=\"noopener\" data-cke-saved-href=\"https:\/\/gallery.mailchimp.com\/498b950ccfc4b8d0e600d7e48\/files\/fe32a320-f768-4620-9165-32f52f75923c\/ConvocatoriaAsamblea_SectorRemolachaUAGA_18octubre2019.pdf\">orden del d\u00eda<\/a>, centrado en la\u00a0preparaci\u00f3n de la pr\u00f3xima campa\u00f1a de entregas de remolacha. Est\u00e1 previsto que la f\u00e1brica abra el 29 de octubre.<\/p>\n<p>Adem\u00e1s se ha a\u00f1adido un nuevo punto en el orden del d\u00eda para valorar la nueva oferta comercial presentada por la Azucarera para la campa\u00f1a 2020-2021.<\/p>\n<p>Sobre este asunto, la Junta del sector ha ratificado la postura mantenida por el sindicato de no sembrar remolacha\u00a0por debajo de 30 euros por tonelada. Puedes consultar <a href=\"https:\/\/gallery.mailchimp.com\/498b950ccfc4b8d0e600d7e48\/files\/fa8dff68-92e5-43c7-ac5b-c7bce8c884ff\/191009_remolacha.pdf\" target=\"_blank\" rel=\"noopener\" data-cke-saved-href=\"https:\/\/gallery.mailchimp.com\/498b950ccfc4b8d0e600d7e48\/files\/fa8dff68-92e5-43c7-ac5b-c7bce8c884ff\/191009_remolacha.pdf\">aqu\u00ed<\/a> la nota de prensa que se ha enviado esta semana a los medios de comunicaci\u00f3n.<\/p>\n<p>Tambi\u00e9n puedes escuchar <a href=\"https:\/\/www.eitb.eus\/es\/radio\/radio-vitoria\/programas\/herrian\/detalle\/6726753\/audio-el-sector-remolachero-uaga-lanza-ordago-azucarera\/?utm_source=botonmovil&amp;utm_medium=whatsapp&amp;utm_campaign=whatsapp\" target=\"_blank\" rel=\"noopener\" data-cke-saved-href=\"https:\/\/www.eitb.eus\/es\/radio\/radio-vitoria\/programas\/herrian\/detalle\/6726753\/audio-el-sector-remolachero-uaga-lanza-ordago-azucarera\/?utm_source=botonmovil&amp;utm_medium=whatsapp&amp;utm_campaign=whatsapp\">aqu\u00ed<\/a> el audio del programa\u00a0 Herrian, de Radio Vitoria, que esta semana se dedic\u00f3 a la situaci\u00f3n del sector remolachero.<\/p>\n<p>+ info YOLANDA: 615 779 584<\/p>\n<hr \/>\n<p><br data-cke-eol=\"1\" \/><\/p>","protected":false},"excerpt":{"rendered":"<p>UAGA ha celebrado esta semana una reuni\u00f3n de la Junta Sectorial de remolacha en la que se ha preparado el contenido de la pr\u00f3xima Asamblea General del sector, que se ha convocado para el pr\u00f3ximo viernes 18 de octubre, a las 8 de la tarde en el restaurante Aldaia en Ari\u00f1ez. La Asamblea contar\u00e1 con [&hellip;]<\/p>\n","protected":false},"author":4,"featured_media":6534,"comment_status":"closed","ping_status":"closed","sticky":false,"template":"","format":"standard","meta":{"footnotes":""},"categories":[7],"tags":[],"yoast_head":"<!-- This site is optimized with the Yoast SEO plugin v21.5 - https:\/\/yoast.com\/wordpress\/plugins\/seo\/ -->\n<title>UAGA te convoca a la Asamblea General del sector de remolacha el 18 de octubre - UAGA<\/title>\n<meta name=\"robots\" content=\"index, follow, max-snippet:-1, max-image-preview:large, max-video-preview:-1\" \/>\n<link rel=\"canonical\" href=\"https:\/\/www.uaga.eus\/uaga-te-convoca-a-la-asamblea-general-del-sector-de-remolacha-el-18-de-octubre\/\" \/>\n<meta property=\"og:locale\" content=\"en_US\" \/>\n<meta property=\"og:type\" content=\"article\" \/>\n<meta property=\"og:title\" content=\"UAGA te convoca a la Asamblea General del sector de remolacha el 18 de octubre - UAGA\" \/>\n<meta property=\"og:description\" content=\"UAGA ha celebrado esta semana una reuni\u00f3n de la Junta Sectorial de remolacha en la que se ha preparado el contenido de la pr\u00f3xima Asamblea General del sector, que se ha convocado para el pr\u00f3ximo viernes 18 de octubre, a las 8 de la tarde en el restaurante Aldaia en Ari\u00f1ez. La Asamblea contar\u00e1 con [&hellip;]\" \/>\n<meta property=\"og:url\" content=\"https:\/\/www.uaga.eus\/uaga-te-convoca-a-la-asamblea-general-del-sector-de-remolacha-el-18-de-octubre\/\" \/>\n<meta property=\"og:site_name\" content=\"UAGA\" \/>\n<meta property=\"article:published_time\" content=\"2019-10-11T11:21:05+00:00\" \/>\n<meta property=\"article:modified_time\" content=\"2019-10-15T06:52:44+00:00\" \/>\n<meta property=\"og:image\" content=\"https:\/\/www.uaga.eus\/wp-content\/uploads\/2019\/10\/arranque-remolacha.jpg\" \/>\n\t<meta property=\"og:image:width\" content=\"649\" \/>\n\t<meta property=\"og:image:height\" content=\"354\" \/>\n\t<meta property=\"og:image:type\" content=\"image\/jpeg\" \/>\n<meta name=\"author\" content=\"Blanca S\u00e1nchez\" \/>\n<meta name=\"twitter:card\" content=\"summary_large_image\" \/>\n<meta name=\"twitter:label1\" content=\"Written by\" \/>\n\t<meta name=\"twitter:data1\" content=\"Blanca S\u00e1nchez\" \/>\n\t<meta name=\"twitter:label2\" content=\"Est. reading time\" \/>\n\t<meta name=\"twitter:data2\" content=\"2 minutua\" \/>\n<script type=\"application\/ld+json\" class=\"yoast-schema-graph\">{\"@context\":\"https:\/\/schema.org\",\"@graph\":[{\"@type\":\"WebPage\",\"@id\":\"https:\/\/www.uaga.eus\/uaga-te-convoca-a-la-asamblea-general-del-sector-de-remolacha-el-18-de-octubre\/\",\"url\":\"https:\/\/www.uaga.eus\/uaga-te-convoca-a-la-asamblea-general-del-sector-de-remolacha-el-18-de-octubre\/\",\"name\":\"UAGA te convoca a la Asamblea General del sector de remolacha el 18 de octubre - UAGA\",\"isPartOf\":{\"@id\":\"https:\/\/www.uaga.eus\/#website\"},\"datePublished\":\"2019-10-11T11:21:05+00:00\",\"dateModified\":\"2019-10-15T06:52:44+00:00\",\"author\":{\"@id\":\"https:\/\/www.uaga.eus\/#\/schema\/person\/48c3cbf0f33d1b788226dbb6518689cf\"},\"breadcrumb\":{\"@id\":\"https:\/\/www.uaga.eus\/uaga-te-convoca-a-la-asamblea-general-del-sector-de-remolacha-el-18-de-octubre\/#breadcrumb\"},\"inLanguage\":\"eu\",\"potentialAction\":[{\"@type\":\"ReadAction\",\"target\":[\"https:\/\/www.uaga.eus\/uaga-te-convoca-a-la-asamblea-general-del-sector-de-remolacha-el-18-de-octubre\/\"]}]},{\"@type\":\"BreadcrumbList\",\"@id\":\"https:\/\/www.uaga.eus\/uaga-te-convoca-a-la-asamblea-general-del-sector-de-remolacha-el-18-de-octubre\/#breadcrumb\",\"itemListElement\":[{\"@type\":\"ListItem\",\"position\":1,\"name\":\"Inicio\",\"item\":\"https:\/\/www.uaga.eus\/\"},{\"@type\":\"ListItem\",\"position\":2,\"name\":\"UAGA te convoca a la Asamblea General del sector de remolacha el 18 de octubre\"}]},{\"@type\":\"WebSite\",\"@id\":\"https:\/\/www.uaga.eus\/#website\",\"url\":\"https:\/\/www.uaga.eus\/\",\"name\":\"UAGA\",\"description\":\"Uni\u00f3n Agroganadera de \u00c1lava - Araba Nekazarien Elkartea\",\"potentialAction\":[{\"@type\":\"SearchAction\",\"target\":{\"@type\":\"EntryPoint\",\"urlTemplate\":\"https:\/\/www.uaga.eus\/?s={search_term_string}\"},\"query-input\":\"required name=search_term_string\"}],\"inLanguage\":\"eu\"},{\"@type\":\"Person\",\"@id\":\"https:\/\/www.uaga.eus\/#\/schema\/person\/48c3cbf0f33d1b788226dbb6518689cf\",\"name\":\"Blanca S\u00e1nchez\",\"image\":{\"@type\":\"ImageObject\",\"inLanguage\":\"eu\",\"@id\":\"https:\/\/www.uaga.eus\/#\/schema\/person\/image\/\",\"url\":\"https:\/\/secure.gravatar.com\/avatar\/0dc91c20648254b1ce84877283f6751b?s=96&d=mm&r=g\",\"contentUrl\":\"https:\/\/secure.gravatar.com\/avatar\/0dc91c20648254b1ce84877283f6751b?s=96&d=mm&r=g\",\"caption\":\"Blanca S\u00e1nchez\"},\"url\":\"https:\/\/www.uaga.eus\/eu\/author\/bsanchez\/\"}]}<\/script>\n<!-- \/ Yoast SEO plugin. -->","yoast_head_json":{"title":"UAGA te convoca a la Asamblea General del sector de remolacha el 18 de octubre - UAGA","robots":{"index":"index","follow":"follow","max-snippet":"max-snippet:-1","max-image-preview":"max-image-preview:large","max-video-preview":"max-video-preview:-1"},"canonical":"https:\/\/www.uaga.eus\/uaga-te-convoca-a-la-asamblea-general-del-sector-de-remolacha-el-18-de-octubre\/","og_locale":"en_US","og_type":"article","og_title":"UAGA te convoca a la Asamblea General del sector de remolacha el 18 de octubre - UAGA","og_description":"UAGA ha celebrado esta semana una reuni\u00f3n de la Junta Sectorial de remolacha en la que se ha preparado el contenido de la pr\u00f3xima Asamblea General del sector, que se ha convocado para el pr\u00f3ximo viernes 18 de octubre, a las 8 de la tarde en el restaurante Aldaia en Ari\u00f1ez. La Asamblea contar\u00e1 con [&hellip;]","og_url":"https:\/\/www.uaga.eus\/uaga-te-convoca-a-la-asamblea-general-del-sector-de-remolacha-el-18-de-octubre\/","og_site_name":"UAGA","article_published_time":"2019-10-11T11:21:05+00:00","article_modified_time":"2019-10-15T06:52:44+00:00","og_image":[{"width":649,"height":354,"url":"https:\/\/www.uaga.eus\/wp-content\/uploads\/2019\/10\/arranque-remolacha.jpg","type":"image\/jpeg"}],"author":"Blanca S\u00e1nchez","twitter_card":"summary_large_image","twitter_misc":{"Written by":"Blanca S\u00e1nchez","Est. reading time":"2 minutua"},"schema":{"@context":"https:\/\/schema.org","@graph":[{"@type":"WebPage","@id":"https:\/\/www.uaga.eus\/uaga-te-convoca-a-la-asamblea-general-del-sector-de-remolacha-el-18-de-octubre\/","url":"https:\/\/www.uaga.eus\/uaga-te-convoca-a-la-asamblea-general-del-sector-de-remolacha-el-18-de-octubre\/","name":"UAGA te convoca a la Asamblea General del sector de remolacha el 18 de octubre - UAGA","isPartOf":{"@id":"https:\/\/www.uaga.eus\/#website"},"datePublished":"2019-10-11T11:21:05+00:00","dateModified":"2019-10-15T06:52:44+00:00","author":{"@id":"https:\/\/www.uaga.eus\/#\/schema\/person\/48c3cbf0f33d1b788226dbb6518689cf"},"breadcrumb":{"@id":"https:\/\/www.uaga.eus\/uaga-te-convoca-a-la-asamblea-general-del-sector-de-remolacha-el-18-de-octubre\/#breadcrumb"},"inLanguage":"eu","potentialAction":[{"@type":"ReadAction","target":["https:\/\/www.uaga.eus\/uaga-te-convoca-a-la-asamblea-general-del-sector-de-remolacha-el-18-de-octubre\/"]}]},{"@type":"BreadcrumbList","@id":"https:\/\/www.uaga.eus\/uaga-te-convoca-a-la-asamblea-general-del-sector-de-remolacha-el-18-de-octubre\/#breadcrumb","itemListElement":[{"@type":"ListItem","position":1,"name":"Inicio","item":"https:\/\/www.uaga.eus\/"},{"@type":"ListItem","position":2,"name":"UAGA te convoca a la Asamblea General del sector de remolacha el 18 de octubre"}]},{"@type":"WebSite","@id":"https:\/\/www.uaga.eus\/#website","url":"https:\/\/www.uaga.eus\/","name":"UAGA","description":"Uni\u00f3n Agroganadera de \u00c1lava - Araba Nekazarien Elkartea","potentialAction":[{"@type":"SearchAction","target":{"@type":"EntryPoint","urlTemplate":"https:\/\/www.uaga.eus\/?s={search_term_string}"},"query-input":"required name=search_term_string"}],"inLanguage":"eu"},{"@type":"Person","@id":"https:\/\/www.uaga.eus\/#\/schema\/person\/48c3cbf0f33d1b788226dbb6518689cf","name":"Blanca S\u00e1nchez","image":{"@type":"ImageObject","inLanguage":"eu","@id":"https:\/\/www.uaga.eus\/#\/schema\/person\/image\/","url":"https:\/\/secure.gravatar.com\/avatar\/0dc91c20648254b1ce84877283f6751b?s=96&d=mm&r=g","contentUrl":"https:\/\/secure.gravatar.com\/avatar\/0dc91c20648254b1ce84877283f6751b?s=96&d=mm&r=g","caption":"Blanca S\u00e1nchez"},"url":"https:\/\/www.uaga.eus\/eu\/author\/bsanchez\/"}]}},"_links":{"self":[{"href":"https:\/\/www.uaga.eus\/eu\/wp-json\/wp\/v2\/posts\/6540"}],"collection":[{"href":"https:\/\/www.uaga.eus\/eu\/wp-json\/wp\/v2\/posts"}],"about":[{"href":"https:\/\/www.uaga.eus\/eu\/wp-json\/wp\/v2\/types\/post"}],"author":[{"embeddable":true,"href":"https:\/\/www.uaga.eus\/eu\/wp-json\/wp\/v2\/users\/4"}],"replies":[{"embeddable":true,"href":"https:\/\/www.uaga.eus\/eu\/wp-json\/wp\/v2\/comments?post=6540"}],"version-history":[{"count":2,"href":"https:\/\/www.uaga.eus\/eu\/wp-json\/wp\/v2\/posts\/6540\/revisions"}],"predecessor-version":[{"id":6542,"href":"https:\/\/www.uaga.eus\/eu\/wp-json\/wp\/v2\/posts\/6540\/revisions\/6542"}],"wp:featuredmedia":[{"embeddable":true,"href":"https:\/\/www.uaga.eus\/eu\/wp-json\/wp\/v2\/media\/6534"}],"wp:attachment":[{"href":"https:\/\/www.uaga.eus\/eu\/wp-json\/wp\/v2\/media?parent=6540"}],"wp:term":[{"taxonomy":"category","embeddable":true,"href":"https:\/\/www.uaga.eus\/eu\/wp-json\/wp\/v2\/categories?post=6540"},{"taxonomy":"post_tag","embeddable":true,"href":"https:\/\/www.uaga.eus\/eu\/wp-json\/wp\/v2\/tags?post=6540"}],"curies":[{"name":"wp","href":"https:\/\/api.w.org\/{rel}","templated":true}]}}