{"id":6538,"date":"2019-10-11T11:20:01","date_gmt":"2019-10-11T11:20:01","guid":{"rendered":"https:\/\/www.uaga.eus\/?p=6538"},"modified":"2019-10-15T06:50:44","modified_gmt":"2019-10-15T06:50:44","slug":"uaga-comparte-las-claves-del-futuro-del-sector-agrario-alaves-con-el-diputado-general-y-el-diputado-de-agricultura-de-alava","status":"publish","type":"post","link":"https:\/\/www.uaga.eus\/eu\/uaga-comparte-las-claves-del-futuro-del-sector-agrario-alaves-con-el-diputado-general-y-el-diputado-de-agricultura-de-alava\/","title":{"rendered":"UAGA comparte las claves del futuro del sector agrario alav\u00e9s con el Diputado General y el Diputado de Agricultura de \u00c1lava"},"content":{"rendered":"<p>Esta semana UAGA ha mantenido una reuni\u00f3n con el Diputado General, Ramiro Gonz\u00e1lez, y el Diputado de Agricultura, Eduardo Aguinaco, para tratar los asuntos m\u00e1s relevantes para el sector agrario alav\u00e9s, como la <strong>dif\u00edcil situaci\u00f3n actual del sector de remolacha y la importancia de mantener este cultivo<\/strong>, con la dificultad de llegar a un acuerdo de precios con Azucarera para \u00e9sta y la pr\u00f3xima campa\u00f1a y ofrecer viabilidad al sector.<\/p>\n<p>Es clave generar<strong> valor a\u00f1adido <\/strong>tanto en el sector agr\u00edcola como ganadero, valor que pasa claramente por el impulso de la <strong>transformaci\u00f3n<\/strong>, sin perder de vista la importancia de la <strong>distribuci\u00f3n<\/strong>, con m\u00e1s circuitos cortos para la distribuci\u00f3n de producto local, que tiene cada vez mayor demanda por parte del consumidor.<\/p>\n<p>En el \u00e1mbito de ayudas, hemos expuesto la necesidad de <strong>adaptar el Plan de Ayudas<\/strong> a las nuevas necesidades del sector y <strong>mejorar las herramientas inform\u00e1ticas para la gesti\u00f3n de la PAC<\/strong>.<br \/>\nHemos tambi\u00e9n tratado algunos temas de <strong>infraestructuras<\/strong>, la necesidad de que haya <strong>regad\u00edos <\/strong>para plantearnos nuevos cultivos, abordar nuevos proyectos teniendo en cuenta el <strong>cambio clim\u00e1tico<\/strong>, avanzar hacia una <strong>mayor fiabilidad del catastro<\/strong>, fomentar la <strong>digitalizaci\u00f3n <\/strong>(TICs) en general del sector y del medio rural alav\u00e9s y, por supuesto, la necesidad de <strong>aumentar la partida presupuestaria de Agricultura<\/strong>.<\/p>\n","protected":false},"excerpt":{"rendered":"<p>Esta semana UAGA ha mantenido una reuni\u00f3n con el Diputado General, Ramiro Gonz\u00e1lez, y el Diputado de Agricultura, Eduardo Aguinaco, para tratar los asuntos m\u00e1s relevantes para el sector agrario alav\u00e9s, como la dif\u00edcil situaci\u00f3n actual del sector de remolacha y la importancia de mantener este cultivo, con la dificultad de llegar a un acuerdo [&hellip;]<\/p>\n","protected":false},"author":4,"featured_media":6535,"comment_status":"closed","ping_status":"closed","sticky":false,"template":"","format":"standard","meta":{"footnotes":""},"categories":[3],"tags":[],"yoast_head":"<!-- This site is optimized with the Yoast SEO plugin v21.5 - https:\/\/yoast.com\/wordpress\/plugins\/seo\/ -->\n<title>UAGA comparte las claves del futuro del sector agrario alav\u00e9s con el Diputado General y el Diputado de Agricultura de \u00c1lava - UAGA<\/title>\n<meta name=\"robots\" content=\"index, follow, max-snippet:-1, max-image-preview:large, max-video-preview:-1\" \/>\n<link rel=\"canonical\" href=\"https:\/\/www.uaga.eus\/uaga-comparte-las-claves-del-futuro-del-sector-agrario-alaves-con-el-diputado-general-y-el-diputado-de-agricultura-de-alava\/\" \/>\n<meta property=\"og:locale\" content=\"en_US\" \/>\n<meta property=\"og:type\" content=\"article\" \/>\n<meta property=\"og:title\" content=\"UAGA comparte las claves del futuro del sector agrario alav\u00e9s con el Diputado General y el Diputado de Agricultura de \u00c1lava - UAGA\" \/>\n<meta property=\"og:description\" content=\"Esta semana UAGA ha mantenido una reuni\u00f3n con el Diputado General, Ramiro Gonz\u00e1lez, y el Diputado de Agricultura, Eduardo Aguinaco, para tratar los asuntos m\u00e1s relevantes para el sector agrario alav\u00e9s, como la dif\u00edcil situaci\u00f3n actual del sector de remolacha y la importancia de mantener este cultivo, con la dificultad de llegar a un acuerdo [&hellip;]\" \/>\n<meta property=\"og:url\" content=\"https:\/\/www.uaga.eus\/uaga-comparte-las-claves-del-futuro-del-sector-agrario-alaves-con-el-diputado-general-y-el-diputado-de-agricultura-de-alava\/\" \/>\n<meta property=\"og:site_name\" content=\"UAGA\" \/>\n<meta property=\"article:published_time\" content=\"2019-10-11T11:20:01+00:00\" \/>\n<meta property=\"article:modified_time\" content=\"2019-10-15T06:50:44+00:00\" \/>\n<meta property=\"og:image\" content=\"https:\/\/www.uaga.eus\/wp-content\/uploads\/2019\/10\/Aguinaco-Gonzalez-y-Torre-2.jpg\" \/>\n\t<meta property=\"og:image:width\" content=\"650\" \/>\n\t<meta property=\"og:image:height\" content=\"340\" \/>\n\t<meta property=\"og:image:type\" content=\"image\/jpeg\" \/>\n<meta name=\"author\" content=\"Blanca S\u00e1nchez\" \/>\n<meta name=\"twitter:card\" content=\"summary_large_image\" \/>\n<meta name=\"twitter:label1\" content=\"Written by\" \/>\n\t<meta name=\"twitter:data1\" content=\"Blanca S\u00e1nchez\" \/>\n\t<meta name=\"twitter:label2\" content=\"Est. reading time\" \/>\n\t<meta name=\"twitter:data2\" content=\"1 minutua\" \/>\n<script type=\"application\/ld+json\" class=\"yoast-schema-graph\">{\"@context\":\"https:\/\/schema.org\",\"@graph\":[{\"@type\":\"WebPage\",\"@id\":\"https:\/\/www.uaga.eus\/uaga-comparte-las-claves-del-futuro-del-sector-agrario-alaves-con-el-diputado-general-y-el-diputado-de-agricultura-de-alava\/\",\"url\":\"https:\/\/www.uaga.eus\/uaga-comparte-las-claves-del-futuro-del-sector-agrario-alaves-con-el-diputado-general-y-el-diputado-de-agricultura-de-alava\/\",\"name\":\"UAGA comparte las claves del futuro del sector agrario alav\u00e9s con el Diputado General y el Diputado de Agricultura de \u00c1lava - UAGA\",\"isPartOf\":{\"@id\":\"https:\/\/www.uaga.eus\/#website\"},\"datePublished\":\"2019-10-11T11:20:01+00:00\",\"dateModified\":\"2019-10-15T06:50:44+00:00\",\"author\":{\"@id\":\"https:\/\/www.uaga.eus\/#\/schema\/person\/48c3cbf0f33d1b788226dbb6518689cf\"},\"breadcrumb\":{\"@id\":\"https:\/\/www.uaga.eus\/uaga-comparte-las-claves-del-futuro-del-sector-agrario-alaves-con-el-diputado-general-y-el-diputado-de-agricultura-de-alava\/#breadcrumb\"},\"inLanguage\":\"eu\",\"potentialAction\":[{\"@type\":\"ReadAction\",\"target\":[\"https:\/\/www.uaga.eus\/uaga-comparte-las-claves-del-futuro-del-sector-agrario-alaves-con-el-diputado-general-y-el-diputado-de-agricultura-de-alava\/\"]}]},{\"@type\":\"BreadcrumbList\",\"@id\":\"https:\/\/www.uaga.eus\/uaga-comparte-las-claves-del-futuro-del-sector-agrario-alaves-con-el-diputado-general-y-el-diputado-de-agricultura-de-alava\/#breadcrumb\",\"itemListElement\":[{\"@type\":\"ListItem\",\"position\":1,\"name\":\"Inicio\",\"item\":\"https:\/\/www.uaga.eus\/\"},{\"@type\":\"ListItem\",\"position\":2,\"name\":\"UAGA comparte las claves del futuro del sector agrario alav\u00e9s con el Diputado General y el Diputado de Agricultura de \u00c1lava\"}]},{\"@type\":\"WebSite\",\"@id\":\"https:\/\/www.uaga.eus\/#website\",\"url\":\"https:\/\/www.uaga.eus\/\",\"name\":\"UAGA\",\"description\":\"Uni\u00f3n Agroganadera de \u00c1lava - Araba Nekazarien Elkartea\",\"potentialAction\":[{\"@type\":\"SearchAction\",\"target\":{\"@type\":\"EntryPoint\",\"urlTemplate\":\"https:\/\/www.uaga.eus\/?s={search_term_string}\"},\"query-input\":\"required name=search_term_string\"}],\"inLanguage\":\"eu\"},{\"@type\":\"Person\",\"@id\":\"https:\/\/www.uaga.eus\/#\/schema\/person\/48c3cbf0f33d1b788226dbb6518689cf\",\"name\":\"Blanca S\u00e1nchez\",\"image\":{\"@type\":\"ImageObject\",\"inLanguage\":\"eu\",\"@id\":\"https:\/\/www.uaga.eus\/#\/schema\/person\/image\/\",\"url\":\"https:\/\/secure.gravatar.com\/avatar\/0dc91c20648254b1ce84877283f6751b?s=96&d=mm&r=g\",\"contentUrl\":\"https:\/\/secure.gravatar.com\/avatar\/0dc91c20648254b1ce84877283f6751b?s=96&d=mm&r=g\",\"caption\":\"Blanca S\u00e1nchez\"},\"url\":\"https:\/\/www.uaga.eus\/eu\/author\/bsanchez\/\"}]}<\/script>\n<!-- \/ Yoast SEO plugin. -->","yoast_head_json":{"title":"UAGA comparte las claves del futuro del sector agrario alav\u00e9s con el Diputado General y el Diputado de Agricultura de \u00c1lava - UAGA","robots":{"index":"index","follow":"follow","max-snippet":"max-snippet:-1","max-image-preview":"max-image-preview:large","max-video-preview":"max-video-preview:-1"},"canonical":"https:\/\/www.uaga.eus\/uaga-comparte-las-claves-del-futuro-del-sector-agrario-alaves-con-el-diputado-general-y-el-diputado-de-agricultura-de-alava\/","og_locale":"en_US","og_type":"article","og_title":"UAGA comparte las claves del futuro del sector agrario alav\u00e9s con el Diputado General y el Diputado de Agricultura de \u00c1lava - UAGA","og_description":"Esta semana UAGA ha mantenido una reuni\u00f3n con el Diputado General, Ramiro Gonz\u00e1lez, y el Diputado de Agricultura, Eduardo Aguinaco, para tratar los asuntos m\u00e1s relevantes para el sector agrario alav\u00e9s, como la dif\u00edcil situaci\u00f3n actual del sector de remolacha y la importancia de mantener este cultivo, con la dificultad de llegar a un acuerdo [&hellip;]","og_url":"https:\/\/www.uaga.eus\/uaga-comparte-las-claves-del-futuro-del-sector-agrario-alaves-con-el-diputado-general-y-el-diputado-de-agricultura-de-alava\/","og_site_name":"UAGA","article_published_time":"2019-10-11T11:20:01+00:00","article_modified_time":"2019-10-15T06:50:44+00:00","og_image":[{"width":650,"height":340,"url":"https:\/\/www.uaga.eus\/wp-content\/uploads\/2019\/10\/Aguinaco-Gonzalez-y-Torre-2.jpg","type":"image\/jpeg"}],"author":"Blanca S\u00e1nchez","twitter_card":"summary_large_image","twitter_misc":{"Written by":"Blanca S\u00e1nchez","Est. reading time":"1 minutua"},"schema":{"@context":"https:\/\/schema.org","@graph":[{"@type":"WebPage","@id":"https:\/\/www.uaga.eus\/uaga-comparte-las-claves-del-futuro-del-sector-agrario-alaves-con-el-diputado-general-y-el-diputado-de-agricultura-de-alava\/","url":"https:\/\/www.uaga.eus\/uaga-comparte-las-claves-del-futuro-del-sector-agrario-alaves-con-el-diputado-general-y-el-diputado-de-agricultura-de-alava\/","name":"UAGA comparte las claves del futuro del sector agrario alav\u00e9s con el Diputado General y el Diputado de Agricultura de \u00c1lava - UAGA","isPartOf":{"@id":"https:\/\/www.uaga.eus\/#website"},"datePublished":"2019-10-11T11:20:01+00:00","dateModified":"2019-10-15T06:50:44+00:00","author":{"@id":"https:\/\/www.uaga.eus\/#\/schema\/person\/48c3cbf0f33d1b788226dbb6518689cf"},"breadcrumb":{"@id":"https:\/\/www.uaga.eus\/uaga-comparte-las-claves-del-futuro-del-sector-agrario-alaves-con-el-diputado-general-y-el-diputado-de-agricultura-de-alava\/#breadcrumb"},"inLanguage":"eu","potentialAction":[{"@type":"ReadAction","target":["https:\/\/www.uaga.eus\/uaga-comparte-las-claves-del-futuro-del-sector-agrario-alaves-con-el-diputado-general-y-el-diputado-de-agricultura-de-alava\/"]}]},{"@type":"BreadcrumbList","@id":"https:\/\/www.uaga.eus\/uaga-comparte-las-claves-del-futuro-del-sector-agrario-alaves-con-el-diputado-general-y-el-diputado-de-agricultura-de-alava\/#breadcrumb","itemListElement":[{"@type":"ListItem","position":1,"name":"Inicio","item":"https:\/\/www.uaga.eus\/"},{"@type":"ListItem","position":2,"name":"UAGA comparte las claves del futuro del sector agrario alav\u00e9s con el Diputado General y el Diputado de Agricultura de \u00c1lava"}]},{"@type":"WebSite","@id":"https:\/\/www.uaga.eus\/#website","url":"https:\/\/www.uaga.eus\/","name":"UAGA","description":"Uni\u00f3n Agroganadera de \u00c1lava - Araba Nekazarien Elkartea","potentialAction":[{"@type":"SearchAction","target":{"@type":"EntryPoint","urlTemplate":"https:\/\/www.uaga.eus\/?s={search_term_string}"},"query-input":"required name=search_term_string"}],"inLanguage":"eu"},{"@type":"Person","@id":"https:\/\/www.uaga.eus\/#\/schema\/person\/48c3cbf0f33d1b788226dbb6518689cf","name":"Blanca S\u00e1nchez","image":{"@type":"ImageObject","inLanguage":"eu","@id":"https:\/\/www.uaga.eus\/#\/schema\/person\/image\/","url":"https:\/\/secure.gravatar.com\/avatar\/0dc91c20648254b1ce84877283f6751b?s=96&d=mm&r=g","contentUrl":"https:\/\/secure.gravatar.com\/avatar\/0dc91c20648254b1ce84877283f6751b?s=96&d=mm&r=g","caption":"Blanca S\u00e1nchez"},"url":"https:\/\/www.uaga.eus\/eu\/author\/bsanchez\/"}]}},"_links":{"self":[{"href":"https:\/\/www.uaga.eus\/eu\/wp-json\/wp\/v2\/posts\/6538"}],"collection":[{"href":"https:\/\/www.uaga.eus\/eu\/wp-json\/wp\/v2\/posts"}],"about":[{"href":"https:\/\/www.uaga.eus\/eu\/wp-json\/wp\/v2\/types\/post"}],"author":[{"embeddable":true,"href":"https:\/\/www.uaga.eus\/eu\/wp-json\/wp\/v2\/users\/4"}],"replies":[{"embeddable":true,"href":"https:\/\/www.uaga.eus\/eu\/wp-json\/wp\/v2\/comments?post=6538"}],"version-history":[{"count":1,"href":"https:\/\/www.uaga.eus\/eu\/wp-json\/wp\/v2\/posts\/6538\/revisions"}],"predecessor-version":[{"id":6539,"href":"https:\/\/www.uaga.eus\/eu\/wp-json\/wp\/v2\/posts\/6538\/revisions\/6539"}],"wp:featuredmedia":[{"embeddable":true,"href":"https:\/\/www.uaga.eus\/eu\/wp-json\/wp\/v2\/media\/6535"}],"wp:attachment":[{"href":"https:\/\/www.uaga.eus\/eu\/wp-json\/wp\/v2\/media?parent=6538"}],"wp:term":[{"taxonomy":"category","embeddable":true,"href":"https:\/\/www.uaga.eus\/eu\/wp-json\/wp\/v2\/categories?post=6538"},{"taxonomy":"post_tag","embeddable":true,"href":"https:\/\/www.uaga.eus\/eu\/wp-json\/wp\/v2\/tags?post=6538"}],"curies":[{"name":"wp","href":"https:\/\/api.w.org\/{rel}","templated":true}]}}