{"id":6536,"date":"2019-10-11T11:18:36","date_gmt":"2019-10-11T11:18:36","guid":{"rendered":"https:\/\/www.uaga.eus\/?p=6536"},"modified":"2019-10-11T11:18:36","modified_gmt":"2019-10-11T11:18:36","slug":"uaga-te-anima-a-participar-en-el-dia-internacional-de-las-mujeres-rurales-el-15-de-octubre-en-durango","status":"publish","type":"post","link":"https:\/\/www.uaga.eus\/eu\/uaga-te-anima-a-participar-en-el-dia-internacional-de-las-mujeres-rurales-el-15-de-octubre-en-durango\/","title":{"rendered":"UAGA te anima a participar en el D\u00eda Internacional de las Mujeres Rurales el 15 de octubre en Durango"},"content":{"rendered":"<p>La Organizaci\u00f3n de Naciones Unidas en 2008 estableci\u00f3 el 15 de octubre como el D\u00eda Internacional de la Mujer Rural. Esta jornada pretende reconocer la funci\u00f3n y contribuci\u00f3n de la mujer rural en la promoci\u00f3n del desarrollo agr\u00edcola y rural, la mejora de la seguridad alimentaria y la erradicaci\u00f3n de la pobreza rural.<\/p>\n<p>Como en a\u00f1os anteriores el Gobierno Vasco ha organizado una jornada para celebrar este d\u00eda. En esta ocasi\u00f3n la cita es en el centro cultural San Agustin de Durango a partir de las 9,30h.<\/p>\n<p>A lo largo de la jornada se presentar\u00e1 el proyecto Zuahaitza, de la asociaci\u00f3n Landa XXI, y se conocer\u00e1 la experiencia asociativa de El Colletero, una agrupaci\u00f3n riojana dirigida por mujeres que busca un crecimiento sostenible y en igualdad en el municipio de Nalda. Tambi\u00e9n se realizar\u00e1 un repaso del trabajo que se est\u00e1 desarrollando para \u00a0implementar el Estatuto de las Mujeres Agricultoras.<\/p>\n<p>UAGA te invita a participar en esta jornada. Puedes consultar <a href=\"https:\/\/gallery.mailchimp.com\/498b950ccfc4b8d0e600d7e48\/images\/f3f3aace-e7f3-43dc-bf69-c60f6822ec75.jpg\" target=\"_blank\" rel=\"noopener\" data-cke-saved-href=\"https:\/\/gallery.mailchimp.com\/498b950ccfc4b8d0e600d7e48\/images\/f3f3aace-e7f3-43dc-bf69-c60f6822ec75.jpg\">aqu\u00ed<\/a> el programa<\/p>\n<p>+ info BLANCA: 628 412 202<\/p>\n","protected":false},"excerpt":{"rendered":"<p>La Organizaci\u00f3n de Naciones Unidas en 2008 estableci\u00f3 el 15 de octubre como el D\u00eda Internacional de la Mujer Rural. Esta jornada pretende reconocer la funci\u00f3n y contribuci\u00f3n de la mujer rural en la promoci\u00f3n del desarrollo agr\u00edcola y rural, la mejora de la seguridad alimentaria y la erradicaci\u00f3n de la pobreza rural. Como en [&hellip;]<\/p>\n","protected":false},"author":4,"featured_media":6531,"comment_status":"closed","ping_status":"closed","sticky":false,"template":"","format":"standard","meta":{"footnotes":""},"categories":[37],"tags":[],"yoast_head":"<!-- This site is optimized with the Yoast SEO plugin v21.5 - https:\/\/yoast.com\/wordpress\/plugins\/seo\/ -->\n<title>UAGA te anima a participar en el D\u00eda Internacional de las Mujeres Rurales el 15 de octubre en Durango - UAGA<\/title>\n<meta name=\"robots\" content=\"index, follow, max-snippet:-1, max-image-preview:large, max-video-preview:-1\" \/>\n<link rel=\"canonical\" href=\"https:\/\/www.uaga.eus\/uaga-te-anima-a-participar-en-el-dia-internacional-de-las-mujeres-rurales-el-15-de-octubre-en-durango\/\" \/>\n<meta property=\"og:locale\" content=\"en_US\" \/>\n<meta property=\"og:type\" content=\"article\" \/>\n<meta property=\"og:title\" content=\"UAGA te anima a participar en el D\u00eda Internacional de las Mujeres Rurales el 15 de octubre en Durango - UAGA\" \/>\n<meta property=\"og:description\" content=\"La Organizaci\u00f3n de Naciones Unidas en 2008 estableci\u00f3 el 15 de octubre como el D\u00eda Internacional de la Mujer Rural. Esta jornada pretende reconocer la funci\u00f3n y contribuci\u00f3n de la mujer rural en la promoci\u00f3n del desarrollo agr\u00edcola y rural, la mejora de la seguridad alimentaria y la erradicaci\u00f3n de la pobreza rural. Como en [&hellip;]\" \/>\n<meta property=\"og:url\" content=\"https:\/\/www.uaga.eus\/uaga-te-anima-a-participar-en-el-dia-internacional-de-las-mujeres-rurales-el-15-de-octubre-en-durango\/\" \/>\n<meta property=\"og:site_name\" content=\"UAGA\" \/>\n<meta property=\"article:published_time\" content=\"2019-10-11T11:18:36+00:00\" \/>\n<meta property=\"og:image\" content=\"https:\/\/www.uaga.eus\/wp-content\/uploads\/2019\/10\/mail_emakumeak-cabecera.jpg\" \/>\n\t<meta property=\"og:image:width\" content=\"650\" \/>\n\t<meta property=\"og:image:height\" content=\"267\" \/>\n\t<meta property=\"og:image:type\" content=\"image\/jpeg\" \/>\n<meta name=\"author\" content=\"Blanca S\u00e1nchez\" \/>\n<meta name=\"twitter:card\" content=\"summary_large_image\" \/>\n<meta name=\"twitter:label1\" content=\"Written by\" \/>\n\t<meta name=\"twitter:data1\" content=\"Blanca S\u00e1nchez\" \/>\n\t<meta name=\"twitter:label2\" content=\"Est. reading time\" \/>\n\t<meta name=\"twitter:data2\" content=\"1 minutua\" \/>\n<script type=\"application\/ld+json\" class=\"yoast-schema-graph\">{\"@context\":\"https:\/\/schema.org\",\"@graph\":[{\"@type\":\"WebPage\",\"@id\":\"https:\/\/www.uaga.eus\/uaga-te-anima-a-participar-en-el-dia-internacional-de-las-mujeres-rurales-el-15-de-octubre-en-durango\/\",\"url\":\"https:\/\/www.uaga.eus\/uaga-te-anima-a-participar-en-el-dia-internacional-de-las-mujeres-rurales-el-15-de-octubre-en-durango\/\",\"name\":\"UAGA te anima a participar en el D\u00eda Internacional de las Mujeres Rurales el 15 de octubre en Durango - UAGA\",\"isPartOf\":{\"@id\":\"https:\/\/www.uaga.eus\/#website\"},\"datePublished\":\"2019-10-11T11:18:36+00:00\",\"dateModified\":\"2019-10-11T11:18:36+00:00\",\"author\":{\"@id\":\"https:\/\/www.uaga.eus\/#\/schema\/person\/48c3cbf0f33d1b788226dbb6518689cf\"},\"breadcrumb\":{\"@id\":\"https:\/\/www.uaga.eus\/uaga-te-anima-a-participar-en-el-dia-internacional-de-las-mujeres-rurales-el-15-de-octubre-en-durango\/#breadcrumb\"},\"inLanguage\":\"eu\",\"potentialAction\":[{\"@type\":\"ReadAction\",\"target\":[\"https:\/\/www.uaga.eus\/uaga-te-anima-a-participar-en-el-dia-internacional-de-las-mujeres-rurales-el-15-de-octubre-en-durango\/\"]}]},{\"@type\":\"BreadcrumbList\",\"@id\":\"https:\/\/www.uaga.eus\/uaga-te-anima-a-participar-en-el-dia-internacional-de-las-mujeres-rurales-el-15-de-octubre-en-durango\/#breadcrumb\",\"itemListElement\":[{\"@type\":\"ListItem\",\"position\":1,\"name\":\"Inicio\",\"item\":\"https:\/\/www.uaga.eus\/\"},{\"@type\":\"ListItem\",\"position\":2,\"name\":\"UAGA te anima a participar en el D\u00eda Internacional de las Mujeres Rurales el 15 de octubre en Durango\"}]},{\"@type\":\"WebSite\",\"@id\":\"https:\/\/www.uaga.eus\/#website\",\"url\":\"https:\/\/www.uaga.eus\/\",\"name\":\"UAGA\",\"description\":\"Uni\u00f3n Agroganadera de \u00c1lava - Araba Nekazarien Elkartea\",\"potentialAction\":[{\"@type\":\"SearchAction\",\"target\":{\"@type\":\"EntryPoint\",\"urlTemplate\":\"https:\/\/www.uaga.eus\/?s={search_term_string}\"},\"query-input\":\"required name=search_term_string\"}],\"inLanguage\":\"eu\"},{\"@type\":\"Person\",\"@id\":\"https:\/\/www.uaga.eus\/#\/schema\/person\/48c3cbf0f33d1b788226dbb6518689cf\",\"name\":\"Blanca S\u00e1nchez\",\"image\":{\"@type\":\"ImageObject\",\"inLanguage\":\"eu\",\"@id\":\"https:\/\/www.uaga.eus\/#\/schema\/person\/image\/\",\"url\":\"https:\/\/secure.gravatar.com\/avatar\/0dc91c20648254b1ce84877283f6751b?s=96&d=mm&r=g\",\"contentUrl\":\"https:\/\/secure.gravatar.com\/avatar\/0dc91c20648254b1ce84877283f6751b?s=96&d=mm&r=g\",\"caption\":\"Blanca S\u00e1nchez\"},\"url\":\"https:\/\/www.uaga.eus\/eu\/author\/bsanchez\/\"}]}<\/script>\n<!-- \/ Yoast SEO plugin. -->","yoast_head_json":{"title":"UAGA te anima a participar en el D\u00eda Internacional de las Mujeres Rurales el 15 de octubre en Durango - UAGA","robots":{"index":"index","follow":"follow","max-snippet":"max-snippet:-1","max-image-preview":"max-image-preview:large","max-video-preview":"max-video-preview:-1"},"canonical":"https:\/\/www.uaga.eus\/uaga-te-anima-a-participar-en-el-dia-internacional-de-las-mujeres-rurales-el-15-de-octubre-en-durango\/","og_locale":"en_US","og_type":"article","og_title":"UAGA te anima a participar en el D\u00eda Internacional de las Mujeres Rurales el 15 de octubre en Durango - UAGA","og_description":"La Organizaci\u00f3n de Naciones Unidas en 2008 estableci\u00f3 el 15 de octubre como el D\u00eda Internacional de la Mujer Rural. Esta jornada pretende reconocer la funci\u00f3n y contribuci\u00f3n de la mujer rural en la promoci\u00f3n del desarrollo agr\u00edcola y rural, la mejora de la seguridad alimentaria y la erradicaci\u00f3n de la pobreza rural. Como en [&hellip;]","og_url":"https:\/\/www.uaga.eus\/uaga-te-anima-a-participar-en-el-dia-internacional-de-las-mujeres-rurales-el-15-de-octubre-en-durango\/","og_site_name":"UAGA","article_published_time":"2019-10-11T11:18:36+00:00","og_image":[{"width":650,"height":267,"url":"https:\/\/www.uaga.eus\/wp-content\/uploads\/2019\/10\/mail_emakumeak-cabecera.jpg","type":"image\/jpeg"}],"author":"Blanca S\u00e1nchez","twitter_card":"summary_large_image","twitter_misc":{"Written by":"Blanca S\u00e1nchez","Est. reading time":"1 minutua"},"schema":{"@context":"https:\/\/schema.org","@graph":[{"@type":"WebPage","@id":"https:\/\/www.uaga.eus\/uaga-te-anima-a-participar-en-el-dia-internacional-de-las-mujeres-rurales-el-15-de-octubre-en-durango\/","url":"https:\/\/www.uaga.eus\/uaga-te-anima-a-participar-en-el-dia-internacional-de-las-mujeres-rurales-el-15-de-octubre-en-durango\/","name":"UAGA te anima a participar en el D\u00eda Internacional de las Mujeres Rurales el 15 de octubre en Durango - UAGA","isPartOf":{"@id":"https:\/\/www.uaga.eus\/#website"},"datePublished":"2019-10-11T11:18:36+00:00","dateModified":"2019-10-11T11:18:36+00:00","author":{"@id":"https:\/\/www.uaga.eus\/#\/schema\/person\/48c3cbf0f33d1b788226dbb6518689cf"},"breadcrumb":{"@id":"https:\/\/www.uaga.eus\/uaga-te-anima-a-participar-en-el-dia-internacional-de-las-mujeres-rurales-el-15-de-octubre-en-durango\/#breadcrumb"},"inLanguage":"eu","potentialAction":[{"@type":"ReadAction","target":["https:\/\/www.uaga.eus\/uaga-te-anima-a-participar-en-el-dia-internacional-de-las-mujeres-rurales-el-15-de-octubre-en-durango\/"]}]},{"@type":"BreadcrumbList","@id":"https:\/\/www.uaga.eus\/uaga-te-anima-a-participar-en-el-dia-internacional-de-las-mujeres-rurales-el-15-de-octubre-en-durango\/#breadcrumb","itemListElement":[{"@type":"ListItem","position":1,"name":"Inicio","item":"https:\/\/www.uaga.eus\/"},{"@type":"ListItem","position":2,"name":"UAGA te anima a participar en el D\u00eda Internacional de las Mujeres Rurales el 15 de octubre en Durango"}]},{"@type":"WebSite","@id":"https:\/\/www.uaga.eus\/#website","url":"https:\/\/www.uaga.eus\/","name":"UAGA","description":"Uni\u00f3n Agroganadera de \u00c1lava - Araba Nekazarien Elkartea","potentialAction":[{"@type":"SearchAction","target":{"@type":"EntryPoint","urlTemplate":"https:\/\/www.uaga.eus\/?s={search_term_string}"},"query-input":"required name=search_term_string"}],"inLanguage":"eu"},{"@type":"Person","@id":"https:\/\/www.uaga.eus\/#\/schema\/person\/48c3cbf0f33d1b788226dbb6518689cf","name":"Blanca S\u00e1nchez","image":{"@type":"ImageObject","inLanguage":"eu","@id":"https:\/\/www.uaga.eus\/#\/schema\/person\/image\/","url":"https:\/\/secure.gravatar.com\/avatar\/0dc91c20648254b1ce84877283f6751b?s=96&d=mm&r=g","contentUrl":"https:\/\/secure.gravatar.com\/avatar\/0dc91c20648254b1ce84877283f6751b?s=96&d=mm&r=g","caption":"Blanca S\u00e1nchez"},"url":"https:\/\/www.uaga.eus\/eu\/author\/bsanchez\/"}]}},"_links":{"self":[{"href":"https:\/\/www.uaga.eus\/eu\/wp-json\/wp\/v2\/posts\/6536"}],"collection":[{"href":"https:\/\/www.uaga.eus\/eu\/wp-json\/wp\/v2\/posts"}],"about":[{"href":"https:\/\/www.uaga.eus\/eu\/wp-json\/wp\/v2\/types\/post"}],"author":[{"embeddable":true,"href":"https:\/\/www.uaga.eus\/eu\/wp-json\/wp\/v2\/users\/4"}],"replies":[{"embeddable":true,"href":"https:\/\/www.uaga.eus\/eu\/wp-json\/wp\/v2\/comments?post=6536"}],"version-history":[{"count":1,"href":"https:\/\/www.uaga.eus\/eu\/wp-json\/wp\/v2\/posts\/6536\/revisions"}],"predecessor-version":[{"id":6537,"href":"https:\/\/www.uaga.eus\/eu\/wp-json\/wp\/v2\/posts\/6536\/revisions\/6537"}],"wp:featuredmedia":[{"embeddable":true,"href":"https:\/\/www.uaga.eus\/eu\/wp-json\/wp\/v2\/media\/6531"}],"wp:attachment":[{"href":"https:\/\/www.uaga.eus\/eu\/wp-json\/wp\/v2\/media?parent=6536"}],"wp:term":[{"taxonomy":"category","embeddable":true,"href":"https:\/\/www.uaga.eus\/eu\/wp-json\/wp\/v2\/categories?post=6536"},{"taxonomy":"post_tag","embeddable":true,"href":"https:\/\/www.uaga.eus\/eu\/wp-json\/wp\/v2\/tags?post=6536"}],"curies":[{"name":"wp","href":"https:\/\/api.w.org\/{rel}","templated":true}]}}