{"id":6476,"date":"2019-09-13T11:29:32","date_gmt":"2019-09-13T11:29:32","guid":{"rendered":"https:\/\/www.uaga.eus\/?p=6476"},"modified":"2019-09-16T08:58:52","modified_gmt":"2019-09-16T08:58:52","slug":"banos-de-ebro-acoge-este-domingo-la-fiesta-de-la-vendimia","status":"publish","type":"post","link":"https:\/\/www.uaga.eus\/eu\/banos-de-ebro-acoge-este-domingo-la-fiesta-de-la-vendimia\/","title":{"rendered":"Ba\u00f1os de Ebro acoge este domingo la Fiesta de la Vendimia"},"content":{"rendered":"<p><span style=\"font-family: arial, helvetica neue, helvetica, sans-serif;\">La Fiesta de la Vendimia de Rioja Alavesa celebra en 2019 su edici\u00f3n n\u00famero XXVI. Este a\u00f1o la cita es el domingo, 15 de septiembre, en Ba\u00f1os de Ebro.<\/span><\/p>\n<p>Adem\u00e1s del tradicional pisado de la uva y cata del primer mosto, la jornada contar\u00e1 con degustaci\u00f3n de vinos de Rioja alavesa, catas comentadas , juegos y actividades para ni\u00f1os, m\u00fasica y venta de productos artesanales.<\/p>\n<p>Puedes ver el programa completo <a href=\"http:\/\/www.fiestadelavendimiariojaalavesa.com\/images\/2019\/FOLLETO_FIESTA_DE_LA_VENDIMIA_2019_1.pdf\" target=\"_blank\" rel=\"noopener\" data-cke-saved-href=\"http:\/\/www.fiestadelavendimiariojaalavesa.com\/images\/2019\/FOLLETO_FIESTA_DE_LA_VENDIMIA_2019_1.pdf\">aqu\u00ed<\/a>.<\/p>","protected":false},"excerpt":{"rendered":"<p>La Fiesta de la Vendimia de Rioja Alavesa celebra en 2019 su edici\u00f3n n\u00famero XXVI. Este a\u00f1o la cita es el domingo, 15 de septiembre, en Ba\u00f1os de Ebro. Adem\u00e1s del tradicional pisado de la uva y cata del primer mosto, la jornada contar\u00e1 con degustaci\u00f3n de vinos de Rioja alavesa, catas comentadas , juegos [&hellip;]<\/p>\n","protected":false},"author":4,"featured_media":6471,"comment_status":"closed","ping_status":"closed","sticky":false,"template":"","format":"standard","meta":{"footnotes":""},"categories":[7],"tags":[],"yoast_head":"<!-- This site is optimized with the Yoast SEO plugin v21.5 - https:\/\/yoast.com\/wordpress\/plugins\/seo\/ -->\n<title>Ba\u00f1os de Ebro acoge este domingo la Fiesta de la Vendimia - UAGA<\/title>\n<meta name=\"robots\" content=\"index, follow, max-snippet:-1, max-image-preview:large, max-video-preview:-1\" \/>\n<link rel=\"canonical\" href=\"https:\/\/www.uaga.eus\/banos-de-ebro-acoge-este-domingo-la-fiesta-de-la-vendimia\/\" \/>\n<meta property=\"og:locale\" content=\"en_US\" \/>\n<meta property=\"og:type\" content=\"article\" \/>\n<meta property=\"og:title\" content=\"Ba\u00f1os de Ebro acoge este domingo la Fiesta de la Vendimia - UAGA\" \/>\n<meta property=\"og:description\" content=\"La Fiesta de la Vendimia de Rioja Alavesa celebra en 2019 su edici\u00f3n n\u00famero XXVI. Este a\u00f1o la cita es el domingo, 15 de septiembre, en Ba\u00f1os de Ebro. Adem\u00e1s del tradicional pisado de la uva y cata del primer mosto, la jornada contar\u00e1 con degustaci\u00f3n de vinos de Rioja alavesa, catas comentadas , juegos [&hellip;]\" \/>\n<meta property=\"og:url\" content=\"https:\/\/www.uaga.eus\/banos-de-ebro-acoge-este-domingo-la-fiesta-de-la-vendimia\/\" \/>\n<meta property=\"og:site_name\" content=\"UAGA\" \/>\n<meta property=\"article:published_time\" content=\"2019-09-13T11:29:32+00:00\" \/>\n<meta property=\"article:modified_time\" content=\"2019-09-16T08:58:52+00:00\" \/>\n<meta property=\"og:image\" content=\"https:\/\/www.uaga.eus\/wp-content\/uploads\/2019\/09\/fiesta-vendimia.jpg\" \/>\n\t<meta property=\"og:image:width\" content=\"650\" \/>\n\t<meta property=\"og:image:height\" content=\"432\" \/>\n\t<meta property=\"og:image:type\" content=\"image\/jpeg\" \/>\n<meta name=\"author\" content=\"Blanca S\u00e1nchez\" \/>\n<meta name=\"twitter:card\" content=\"summary_large_image\" \/>\n<meta name=\"twitter:label1\" content=\"Written by\" \/>\n\t<meta name=\"twitter:data1\" content=\"Blanca S\u00e1nchez\" \/>\n\t<meta name=\"twitter:label2\" content=\"Est. reading time\" \/>\n\t<meta name=\"twitter:data2\" content=\"1 minutua\" \/>\n<script type=\"application\/ld+json\" class=\"yoast-schema-graph\">{\"@context\":\"https:\/\/schema.org\",\"@graph\":[{\"@type\":\"WebPage\",\"@id\":\"https:\/\/www.uaga.eus\/banos-de-ebro-acoge-este-domingo-la-fiesta-de-la-vendimia\/\",\"url\":\"https:\/\/www.uaga.eus\/banos-de-ebro-acoge-este-domingo-la-fiesta-de-la-vendimia\/\",\"name\":\"Ba\u00f1os de Ebro acoge este domingo la Fiesta de la Vendimia - UAGA\",\"isPartOf\":{\"@id\":\"https:\/\/www.uaga.eus\/#website\"},\"datePublished\":\"2019-09-13T11:29:32+00:00\",\"dateModified\":\"2019-09-16T08:58:52+00:00\",\"author\":{\"@id\":\"https:\/\/www.uaga.eus\/#\/schema\/person\/48c3cbf0f33d1b788226dbb6518689cf\"},\"breadcrumb\":{\"@id\":\"https:\/\/www.uaga.eus\/banos-de-ebro-acoge-este-domingo-la-fiesta-de-la-vendimia\/#breadcrumb\"},\"inLanguage\":\"eu\",\"potentialAction\":[{\"@type\":\"ReadAction\",\"target\":[\"https:\/\/www.uaga.eus\/banos-de-ebro-acoge-este-domingo-la-fiesta-de-la-vendimia\/\"]}]},{\"@type\":\"BreadcrumbList\",\"@id\":\"https:\/\/www.uaga.eus\/banos-de-ebro-acoge-este-domingo-la-fiesta-de-la-vendimia\/#breadcrumb\",\"itemListElement\":[{\"@type\":\"ListItem\",\"position\":1,\"name\":\"Inicio\",\"item\":\"https:\/\/www.uaga.eus\/\"},{\"@type\":\"ListItem\",\"position\":2,\"name\":\"Ba\u00f1os de Ebro acoge este domingo la Fiesta de la Vendimia\"}]},{\"@type\":\"WebSite\",\"@id\":\"https:\/\/www.uaga.eus\/#website\",\"url\":\"https:\/\/www.uaga.eus\/\",\"name\":\"UAGA\",\"description\":\"Uni\u00f3n Agroganadera de \u00c1lava - Araba Nekazarien Elkartea\",\"potentialAction\":[{\"@type\":\"SearchAction\",\"target\":{\"@type\":\"EntryPoint\",\"urlTemplate\":\"https:\/\/www.uaga.eus\/?s={search_term_string}\"},\"query-input\":\"required name=search_term_string\"}],\"inLanguage\":\"eu\"},{\"@type\":\"Person\",\"@id\":\"https:\/\/www.uaga.eus\/#\/schema\/person\/48c3cbf0f33d1b788226dbb6518689cf\",\"name\":\"Blanca S\u00e1nchez\",\"image\":{\"@type\":\"ImageObject\",\"inLanguage\":\"eu\",\"@id\":\"https:\/\/www.uaga.eus\/#\/schema\/person\/image\/\",\"url\":\"https:\/\/secure.gravatar.com\/avatar\/0dc91c20648254b1ce84877283f6751b?s=96&d=mm&r=g\",\"contentUrl\":\"https:\/\/secure.gravatar.com\/avatar\/0dc91c20648254b1ce84877283f6751b?s=96&d=mm&r=g\",\"caption\":\"Blanca S\u00e1nchez\"},\"url\":\"https:\/\/www.uaga.eus\/eu\/author\/bsanchez\/\"}]}<\/script>\n<!-- \/ Yoast SEO plugin. -->","yoast_head_json":{"title":"Ba\u00f1os de Ebro acoge este domingo la Fiesta de la Vendimia - UAGA","robots":{"index":"index","follow":"follow","max-snippet":"max-snippet:-1","max-image-preview":"max-image-preview:large","max-video-preview":"max-video-preview:-1"},"canonical":"https:\/\/www.uaga.eus\/banos-de-ebro-acoge-este-domingo-la-fiesta-de-la-vendimia\/","og_locale":"en_US","og_type":"article","og_title":"Ba\u00f1os de Ebro acoge este domingo la Fiesta de la Vendimia - UAGA","og_description":"La Fiesta de la Vendimia de Rioja Alavesa celebra en 2019 su edici\u00f3n n\u00famero XXVI. Este a\u00f1o la cita es el domingo, 15 de septiembre, en Ba\u00f1os de Ebro. Adem\u00e1s del tradicional pisado de la uva y cata del primer mosto, la jornada contar\u00e1 con degustaci\u00f3n de vinos de Rioja alavesa, catas comentadas , juegos [&hellip;]","og_url":"https:\/\/www.uaga.eus\/banos-de-ebro-acoge-este-domingo-la-fiesta-de-la-vendimia\/","og_site_name":"UAGA","article_published_time":"2019-09-13T11:29:32+00:00","article_modified_time":"2019-09-16T08:58:52+00:00","og_image":[{"width":650,"height":432,"url":"https:\/\/www.uaga.eus\/wp-content\/uploads\/2019\/09\/fiesta-vendimia.jpg","type":"image\/jpeg"}],"author":"Blanca S\u00e1nchez","twitter_card":"summary_large_image","twitter_misc":{"Written by":"Blanca S\u00e1nchez","Est. reading time":"1 minutua"},"schema":{"@context":"https:\/\/schema.org","@graph":[{"@type":"WebPage","@id":"https:\/\/www.uaga.eus\/banos-de-ebro-acoge-este-domingo-la-fiesta-de-la-vendimia\/","url":"https:\/\/www.uaga.eus\/banos-de-ebro-acoge-este-domingo-la-fiesta-de-la-vendimia\/","name":"Ba\u00f1os de Ebro acoge este domingo la Fiesta de la Vendimia - UAGA","isPartOf":{"@id":"https:\/\/www.uaga.eus\/#website"},"datePublished":"2019-09-13T11:29:32+00:00","dateModified":"2019-09-16T08:58:52+00:00","author":{"@id":"https:\/\/www.uaga.eus\/#\/schema\/person\/48c3cbf0f33d1b788226dbb6518689cf"},"breadcrumb":{"@id":"https:\/\/www.uaga.eus\/banos-de-ebro-acoge-este-domingo-la-fiesta-de-la-vendimia\/#breadcrumb"},"inLanguage":"eu","potentialAction":[{"@type":"ReadAction","target":["https:\/\/www.uaga.eus\/banos-de-ebro-acoge-este-domingo-la-fiesta-de-la-vendimia\/"]}]},{"@type":"BreadcrumbList","@id":"https:\/\/www.uaga.eus\/banos-de-ebro-acoge-este-domingo-la-fiesta-de-la-vendimia\/#breadcrumb","itemListElement":[{"@type":"ListItem","position":1,"name":"Inicio","item":"https:\/\/www.uaga.eus\/"},{"@type":"ListItem","position":2,"name":"Ba\u00f1os de Ebro acoge este domingo la Fiesta de la Vendimia"}]},{"@type":"WebSite","@id":"https:\/\/www.uaga.eus\/#website","url":"https:\/\/www.uaga.eus\/","name":"UAGA","description":"Uni\u00f3n Agroganadera de \u00c1lava - Araba Nekazarien Elkartea","potentialAction":[{"@type":"SearchAction","target":{"@type":"EntryPoint","urlTemplate":"https:\/\/www.uaga.eus\/?s={search_term_string}"},"query-input":"required name=search_term_string"}],"inLanguage":"eu"},{"@type":"Person","@id":"https:\/\/www.uaga.eus\/#\/schema\/person\/48c3cbf0f33d1b788226dbb6518689cf","name":"Blanca S\u00e1nchez","image":{"@type":"ImageObject","inLanguage":"eu","@id":"https:\/\/www.uaga.eus\/#\/schema\/person\/image\/","url":"https:\/\/secure.gravatar.com\/avatar\/0dc91c20648254b1ce84877283f6751b?s=96&d=mm&r=g","contentUrl":"https:\/\/secure.gravatar.com\/avatar\/0dc91c20648254b1ce84877283f6751b?s=96&d=mm&r=g","caption":"Blanca S\u00e1nchez"},"url":"https:\/\/www.uaga.eus\/eu\/author\/bsanchez\/"}]}},"_links":{"self":[{"href":"https:\/\/www.uaga.eus\/eu\/wp-json\/wp\/v2\/posts\/6476"}],"collection":[{"href":"https:\/\/www.uaga.eus\/eu\/wp-json\/wp\/v2\/posts"}],"about":[{"href":"https:\/\/www.uaga.eus\/eu\/wp-json\/wp\/v2\/types\/post"}],"author":[{"embeddable":true,"href":"https:\/\/www.uaga.eus\/eu\/wp-json\/wp\/v2\/users\/4"}],"replies":[{"embeddable":true,"href":"https:\/\/www.uaga.eus\/eu\/wp-json\/wp\/v2\/comments?post=6476"}],"version-history":[{"count":2,"href":"https:\/\/www.uaga.eus\/eu\/wp-json\/wp\/v2\/posts\/6476\/revisions"}],"predecessor-version":[{"id":6489,"href":"https:\/\/www.uaga.eus\/eu\/wp-json\/wp\/v2\/posts\/6476\/revisions\/6489"}],"wp:featuredmedia":[{"embeddable":true,"href":"https:\/\/www.uaga.eus\/eu\/wp-json\/wp\/v2\/media\/6471"}],"wp:attachment":[{"href":"https:\/\/www.uaga.eus\/eu\/wp-json\/wp\/v2\/media?parent=6476"}],"wp:term":[{"taxonomy":"category","embeddable":true,"href":"https:\/\/www.uaga.eus\/eu\/wp-json\/wp\/v2\/categories?post=6476"},{"taxonomy":"post_tag","embeddable":true,"href":"https:\/\/www.uaga.eus\/eu\/wp-json\/wp\/v2\/tags?post=6476"}],"curies":[{"name":"wp","href":"https:\/\/api.w.org\/{rel}","templated":true}]}}