{"id":6459,"date":"2019-09-06T11:17:05","date_gmt":"2019-09-06T11:17:05","guid":{"rendered":"https:\/\/www.uaga.eus\/?p=6459"},"modified":"2019-09-06T11:31:59","modified_gmt":"2019-09-06T11:31:59","slug":"uaga-presenta-alegaciones-al-pts-de-vias-verdes","status":"publish","type":"post","link":"https:\/\/www.uaga.eus\/eu\/uaga-presenta-alegaciones-al-pts-de-vias-verdes\/","title":{"rendered":"UAGA presenta alegaciones al PTS de v\u00edas verdes"},"content":{"rendered":"<p>UAGA ha presentado alegaciones al Plan Territorial Sectorial de V\u00edas Ciclistas e Itinerarios Verdes del Territorio Hist\u00f3rico de \u00c1lava , cuya aprobaci\u00f3n inicial se public\u00f3 en el BOTHA en junio.<\/p>\n<p>UAGA ha solicitado que la construcci\u00f3n de las nuevas v\u00edas ciclistas y los nuevos itinerarios verdes planificados se realicen sin afectar a parcelas agr\u00edcolas, tanto por la reducci\u00f3n de superficie cultivable que puede suponer como por las nuevas servidumbres que llevan asociadas.<\/p>\n<p>Tambi\u00e9n se ha pedido que el trazado de estas nuevas v\u00edas respete las infraestructuras existentes, como regad\u00edos, cierres y pasos para el ganado, y otras necesarias para el desarrollo de la actividad agr\u00edcola y ganadera.<\/p>\n<p>En el caso de que se compatibilice el uso de los caminos agr\u00edcolas con las v\u00edas ciclistas o itinerarios verdes previstos, UAGA insta a que se priorice siempre el uso agr\u00edcola para dichos caminos frente a cualquier otro uso.<\/p>\n<p>Por \u00faltimo hemos planteado la necesidad de realizar un plan de concienciaci\u00f3n y formaci\u00f3n en el respeto en el medio rural, dirigido hacia la poblaci\u00f3n urbana, para dar a conocer los usos y aprovechamientos del \u00e1mbito rural.<\/p>\n<p>+ info YOLANDA:\u00a0615 779 584<\/p>","protected":false},"excerpt":{"rendered":"<p>UAGA ha presentado alegaciones al Plan Territorial Sectorial de V\u00edas Ciclistas e Itinerarios Verdes del Territorio Hist\u00f3rico de \u00c1lava , cuya aprobaci\u00f3n inicial se public\u00f3 en el BOTHA en junio. UAGA ha solicitado que la construcci\u00f3n de las nuevas v\u00edas ciclistas y los nuevos itinerarios verdes planificados se realicen sin afectar a parcelas agr\u00edcolas, tanto [&hellip;]<\/p>\n","protected":false},"author":4,"featured_media":6433,"comment_status":"closed","ping_status":"closed","sticky":false,"template":"","format":"standard","meta":{"footnotes":""},"categories":[37,11],"tags":[],"yoast_head":"<!-- This site is optimized with the Yoast SEO plugin v21.5 - https:\/\/yoast.com\/wordpress\/plugins\/seo\/ -->\n<title>UAGA presenta alegaciones al PTS de v\u00edas verdes - UAGA<\/title>\n<meta name=\"robots\" content=\"index, follow, max-snippet:-1, max-image-preview:large, max-video-preview:-1\" \/>\n<link rel=\"canonical\" href=\"https:\/\/www.uaga.eus\/uaga-presenta-alegaciones-al-pts-de-vias-verdes\/\" \/>\n<meta property=\"og:locale\" content=\"en_US\" \/>\n<meta property=\"og:type\" content=\"article\" \/>\n<meta property=\"og:title\" content=\"UAGA presenta alegaciones al PTS de v\u00edas verdes - UAGA\" \/>\n<meta property=\"og:description\" content=\"UAGA ha presentado alegaciones al Plan Territorial Sectorial de V\u00edas Ciclistas e Itinerarios Verdes del Territorio Hist\u00f3rico de \u00c1lava , cuya aprobaci\u00f3n inicial se public\u00f3 en el BOTHA en junio. UAGA ha solicitado que la construcci\u00f3n de las nuevas v\u00edas ciclistas y los nuevos itinerarios verdes planificados se realicen sin afectar a parcelas agr\u00edcolas, tanto [&hellip;]\" \/>\n<meta property=\"og:url\" content=\"https:\/\/www.uaga.eus\/uaga-presenta-alegaciones-al-pts-de-vias-verdes\/\" \/>\n<meta property=\"og:site_name\" content=\"UAGA\" \/>\n<meta property=\"article:published_time\" content=\"2019-09-06T11:17:05+00:00\" \/>\n<meta property=\"article:modified_time\" content=\"2019-09-06T11:31:59+00:00\" \/>\n<meta property=\"og:image\" content=\"https:\/\/www.uaga.eus\/wp-content\/uploads\/2019\/09\/V\u00eda_Verde_Vasco-Navarro_-_Puente_Adana-Gauna_01-e1567768589927.jpg\" \/>\n\t<meta property=\"og:image:width\" content=\"700\" \/>\n\t<meta property=\"og:image:height\" content=\"406\" \/>\n\t<meta property=\"og:image:type\" content=\"image\/jpeg\" \/>\n<meta name=\"author\" content=\"Blanca S\u00e1nchez\" \/>\n<meta name=\"twitter:card\" content=\"summary_large_image\" \/>\n<meta name=\"twitter:label1\" content=\"Written by\" \/>\n\t<meta name=\"twitter:data1\" content=\"Blanca S\u00e1nchez\" \/>\n\t<meta name=\"twitter:label2\" content=\"Est. reading time\" \/>\n\t<meta name=\"twitter:data2\" content=\"2 minutua\" \/>\n<script type=\"application\/ld+json\" class=\"yoast-schema-graph\">{\"@context\":\"https:\/\/schema.org\",\"@graph\":[{\"@type\":\"WebPage\",\"@id\":\"https:\/\/www.uaga.eus\/uaga-presenta-alegaciones-al-pts-de-vias-verdes\/\",\"url\":\"https:\/\/www.uaga.eus\/uaga-presenta-alegaciones-al-pts-de-vias-verdes\/\",\"name\":\"UAGA presenta alegaciones al PTS de v\u00edas verdes - UAGA\",\"isPartOf\":{\"@id\":\"https:\/\/www.uaga.eus\/#website\"},\"datePublished\":\"2019-09-06T11:17:05+00:00\",\"dateModified\":\"2019-09-06T11:31:59+00:00\",\"author\":{\"@id\":\"https:\/\/www.uaga.eus\/#\/schema\/person\/48c3cbf0f33d1b788226dbb6518689cf\"},\"breadcrumb\":{\"@id\":\"https:\/\/www.uaga.eus\/uaga-presenta-alegaciones-al-pts-de-vias-verdes\/#breadcrumb\"},\"inLanguage\":\"eu\",\"potentialAction\":[{\"@type\":\"ReadAction\",\"target\":[\"https:\/\/www.uaga.eus\/uaga-presenta-alegaciones-al-pts-de-vias-verdes\/\"]}]},{\"@type\":\"BreadcrumbList\",\"@id\":\"https:\/\/www.uaga.eus\/uaga-presenta-alegaciones-al-pts-de-vias-verdes\/#breadcrumb\",\"itemListElement\":[{\"@type\":\"ListItem\",\"position\":1,\"name\":\"Inicio\",\"item\":\"https:\/\/www.uaga.eus\/\"},{\"@type\":\"ListItem\",\"position\":2,\"name\":\"UAGA presenta alegaciones al PTS de v\u00edas verdes\"}]},{\"@type\":\"WebSite\",\"@id\":\"https:\/\/www.uaga.eus\/#website\",\"url\":\"https:\/\/www.uaga.eus\/\",\"name\":\"UAGA\",\"description\":\"Uni\u00f3n Agroganadera de \u00c1lava - Araba Nekazarien Elkartea\",\"potentialAction\":[{\"@type\":\"SearchAction\",\"target\":{\"@type\":\"EntryPoint\",\"urlTemplate\":\"https:\/\/www.uaga.eus\/?s={search_term_string}\"},\"query-input\":\"required name=search_term_string\"}],\"inLanguage\":\"eu\"},{\"@type\":\"Person\",\"@id\":\"https:\/\/www.uaga.eus\/#\/schema\/person\/48c3cbf0f33d1b788226dbb6518689cf\",\"name\":\"Blanca S\u00e1nchez\",\"image\":{\"@type\":\"ImageObject\",\"inLanguage\":\"eu\",\"@id\":\"https:\/\/www.uaga.eus\/#\/schema\/person\/image\/\",\"url\":\"https:\/\/secure.gravatar.com\/avatar\/0dc91c20648254b1ce84877283f6751b?s=96&d=mm&r=g\",\"contentUrl\":\"https:\/\/secure.gravatar.com\/avatar\/0dc91c20648254b1ce84877283f6751b?s=96&d=mm&r=g\",\"caption\":\"Blanca S\u00e1nchez\"},\"url\":\"https:\/\/www.uaga.eus\/eu\/author\/bsanchez\/\"}]}<\/script>\n<!-- \/ Yoast SEO plugin. -->","yoast_head_json":{"title":"UAGA presenta alegaciones al PTS de v\u00edas verdes - UAGA","robots":{"index":"index","follow":"follow","max-snippet":"max-snippet:-1","max-image-preview":"max-image-preview:large","max-video-preview":"max-video-preview:-1"},"canonical":"https:\/\/www.uaga.eus\/uaga-presenta-alegaciones-al-pts-de-vias-verdes\/","og_locale":"en_US","og_type":"article","og_title":"UAGA presenta alegaciones al PTS de v\u00edas verdes - UAGA","og_description":"UAGA ha presentado alegaciones al Plan Territorial Sectorial de V\u00edas Ciclistas e Itinerarios Verdes del Territorio Hist\u00f3rico de \u00c1lava , cuya aprobaci\u00f3n inicial se public\u00f3 en el BOTHA en junio. UAGA ha solicitado que la construcci\u00f3n de las nuevas v\u00edas ciclistas y los nuevos itinerarios verdes planificados se realicen sin afectar a parcelas agr\u00edcolas, tanto [&hellip;]","og_url":"https:\/\/www.uaga.eus\/uaga-presenta-alegaciones-al-pts-de-vias-verdes\/","og_site_name":"UAGA","article_published_time":"2019-09-06T11:17:05+00:00","article_modified_time":"2019-09-06T11:31:59+00:00","og_image":[{"width":700,"height":406,"url":"https:\/\/www.uaga.eus\/wp-content\/uploads\/2019\/09\/V\u00eda_Verde_Vasco-Navarro_-_Puente_Adana-Gauna_01-e1567768589927.jpg","type":"image\/jpeg"}],"author":"Blanca S\u00e1nchez","twitter_card":"summary_large_image","twitter_misc":{"Written by":"Blanca S\u00e1nchez","Est. reading time":"2 minutua"},"schema":{"@context":"https:\/\/schema.org","@graph":[{"@type":"WebPage","@id":"https:\/\/www.uaga.eus\/uaga-presenta-alegaciones-al-pts-de-vias-verdes\/","url":"https:\/\/www.uaga.eus\/uaga-presenta-alegaciones-al-pts-de-vias-verdes\/","name":"UAGA presenta alegaciones al PTS de v\u00edas verdes - UAGA","isPartOf":{"@id":"https:\/\/www.uaga.eus\/#website"},"datePublished":"2019-09-06T11:17:05+00:00","dateModified":"2019-09-06T11:31:59+00:00","author":{"@id":"https:\/\/www.uaga.eus\/#\/schema\/person\/48c3cbf0f33d1b788226dbb6518689cf"},"breadcrumb":{"@id":"https:\/\/www.uaga.eus\/uaga-presenta-alegaciones-al-pts-de-vias-verdes\/#breadcrumb"},"inLanguage":"eu","potentialAction":[{"@type":"ReadAction","target":["https:\/\/www.uaga.eus\/uaga-presenta-alegaciones-al-pts-de-vias-verdes\/"]}]},{"@type":"BreadcrumbList","@id":"https:\/\/www.uaga.eus\/uaga-presenta-alegaciones-al-pts-de-vias-verdes\/#breadcrumb","itemListElement":[{"@type":"ListItem","position":1,"name":"Inicio","item":"https:\/\/www.uaga.eus\/"},{"@type":"ListItem","position":2,"name":"UAGA presenta alegaciones al PTS de v\u00edas verdes"}]},{"@type":"WebSite","@id":"https:\/\/www.uaga.eus\/#website","url":"https:\/\/www.uaga.eus\/","name":"UAGA","description":"Uni\u00f3n Agroganadera de \u00c1lava - Araba Nekazarien Elkartea","potentialAction":[{"@type":"SearchAction","target":{"@type":"EntryPoint","urlTemplate":"https:\/\/www.uaga.eus\/?s={search_term_string}"},"query-input":"required name=search_term_string"}],"inLanguage":"eu"},{"@type":"Person","@id":"https:\/\/www.uaga.eus\/#\/schema\/person\/48c3cbf0f33d1b788226dbb6518689cf","name":"Blanca S\u00e1nchez","image":{"@type":"ImageObject","inLanguage":"eu","@id":"https:\/\/www.uaga.eus\/#\/schema\/person\/image\/","url":"https:\/\/secure.gravatar.com\/avatar\/0dc91c20648254b1ce84877283f6751b?s=96&d=mm&r=g","contentUrl":"https:\/\/secure.gravatar.com\/avatar\/0dc91c20648254b1ce84877283f6751b?s=96&d=mm&r=g","caption":"Blanca S\u00e1nchez"},"url":"https:\/\/www.uaga.eus\/eu\/author\/bsanchez\/"}]}},"_links":{"self":[{"href":"https:\/\/www.uaga.eus\/eu\/wp-json\/wp\/v2\/posts\/6459"}],"collection":[{"href":"https:\/\/www.uaga.eus\/eu\/wp-json\/wp\/v2\/posts"}],"about":[{"href":"https:\/\/www.uaga.eus\/eu\/wp-json\/wp\/v2\/types\/post"}],"author":[{"embeddable":true,"href":"https:\/\/www.uaga.eus\/eu\/wp-json\/wp\/v2\/users\/4"}],"replies":[{"embeddable":true,"href":"https:\/\/www.uaga.eus\/eu\/wp-json\/wp\/v2\/comments?post=6459"}],"version-history":[{"count":3,"href":"https:\/\/www.uaga.eus\/eu\/wp-json\/wp\/v2\/posts\/6459\/revisions"}],"predecessor-version":[{"id":6463,"href":"https:\/\/www.uaga.eus\/eu\/wp-json\/wp\/v2\/posts\/6459\/revisions\/6463"}],"wp:featuredmedia":[{"embeddable":true,"href":"https:\/\/www.uaga.eus\/eu\/wp-json\/wp\/v2\/media\/6433"}],"wp:attachment":[{"href":"https:\/\/www.uaga.eus\/eu\/wp-json\/wp\/v2\/media?parent=6459"}],"wp:term":[{"taxonomy":"category","embeddable":true,"href":"https:\/\/www.uaga.eus\/eu\/wp-json\/wp\/v2\/categories?post=6459"},{"taxonomy":"post_tag","embeddable":true,"href":"https:\/\/www.uaga.eus\/eu\/wp-json\/wp\/v2\/tags?post=6459"}],"curies":[{"name":"wp","href":"https:\/\/api.w.org\/{rel}","templated":true}]}}